{"id":9996,"date":"2020-11-04T00:02:00","date_gmt":"2020-11-03T23:02:00","guid":{"rendered":"http:\/\/lemotdujour.fr\/?p=9996"},"modified":"2020-11-04T00:09:39","modified_gmt":"2020-11-03T23:09:39","slug":"mercredi-4-novembre-2020","status":"publish","type":"post","link":"https:\/\/lemotdujour.fr\/?p=9996","title":{"rendered":"Mercredi 4 novembre 2020"},"content":{"rendered":"<div class=\"mdjTexte\">\u00ab\u00a0La nuit am\u00e9ricaine\u00a0\u00bb<\/div>\n<div class=\"mdjAuteur\">Expression \u00e0 multiples facettes<\/div>\n<p><span style=\"color: #777777; font-family: Arial;\">J&rsquo;avais d\u00e9j\u00e0 parl\u00e9 de la nuit am\u00e9ricaine lors du mot du jour du &lt;<\/span><span style=\"font-family: Arial;\"><a href=\"https:\/\/lemotdujour.fr\/?p=854\"><span style=\"color: #0000ff;\">7 octobre 2014<\/span><\/a><\/span><span style=\"color: #777777; font-family: Arial;\">&gt; qui rendait hommage \u00e0 Fran\u00e7ois Truffaut et \u00e0 son film qui portait ce nom.<br \/>\n<\/span><\/p>\n<p><span style=\"color: #777777; font-family: Arial;\">J&rsquo;expliquais alors que \u00ab<strong>\u00a0la nuit am\u00e9ricaine<\/strong>\u00a0\u00bb est le nom d&rsquo;une technique, au cin\u00e9ma, qui consiste \u00e0 tourner des sc\u00e8nes nocturnes en plein jour.<strong><br \/>\n<\/strong><\/span><\/p>\n<p><span style=\"color: #777777; font-family: Arial;\">Par chance je n&rsquo;avais pas utilis\u00e9 cette expression comme exergue, elle est donc disponible pour d\u00e9crire cette nuit qui s&rsquo;ach\u00e8ve et au cours de laquelle les r\u00e9sultats des pr\u00e9sidentielles am\u00e9ricaines nous arrivent peu \u00e0 peu.<br \/>\n<\/span><\/p>\n<p><span style=\"color: #777777; font-family: Arial;\">Au moment o\u00f9 j&rsquo;\u00e9cris cet article, je ne connais rien du r\u00e9sultat.<br \/>\n<\/span><\/p>\n<p><span style=\"color: #777777; font-family: Arial;\">France Inter a donn\u00e9 pour titre \u00e0 l&rsquo;\u00e9mission qu&rsquo;elle consacre \u00e0 cet \u00e9v\u00e8nement \u00ab\u00a0la nuit am\u00e9ricaine\u00a0\u00bb.<br \/>\n<\/span><\/p>\n<p><span style=\"color: #777777; font-family: Arial;\">Il peut aussi \u00eatre donn\u00e9 un autre sens \u00e0 cette expression.<br \/>\n<\/span><\/p>\n<p><span style=\"color: #777777; font-family: Arial;\">Le 20 janvier 2017, Donald Trump prenait les cl\u00e9s de la Maison Blanche.<br \/>\n<\/span><\/p>\n<p><span style=\"color: #777777; font-family: Arial;\">J&rsquo;avais \u00e9crit un mot du jour le &lt;<a href=\"https:\/\/lemotdujour.fr\/?p=397\"><span style=\"color: #0000ff;\">23 janvier 2017<\/span><\/a>&gt; en m&rsquo;appuyant sur un dessin.<br \/>\n<\/span><\/p>\n<p><img loading=\"lazy\" decoding=\"async\" class=\"alignleft\" src=\"https:\/\/lemotdujour.fr\/wp-content\/uploads\/2020\/11\/110320_2254_Mercredi4no1.png\" alt=\"\" width=\"428\" height=\"633\" align=\"left\" \/><span style=\"color: #777777; font-family: Arial;\">Dessin dans lequel, Obama sort de la pi\u00e8ce et \u00e9teint la lumi\u00e8re.<br \/>\n<\/span><\/p>\n<p><span style=\"color: #777777; font-family: Arial;\">Les Etats-Unis \u00e9taient plong\u00e9s dans la nuit.<br \/>\n<\/span><\/p>\n<p><span style=\"color: #777777; font-family: Arial;\">Quatre ans sont pass\u00e9s.<br \/>\n<\/span><\/p>\n<p><span style=\"color: #777777; font-family: Arial;\">Il n&rsquo;y a pas eu de guerre provoqu\u00e9e par Trump, heureusement. <\/span><\/p>\n<p><span style=\"color: #777777; font-family: Arial;\">Mais pour le reste ce fut un d\u00e9sastre pour l&rsquo;intelligence, pour la v\u00e9rit\u00e9, pour la d\u00e9cence, pour la raison . La premi\u00e8re vraie crise qu&rsquo;il a eu \u00e0 traverser fut celle du COVID 19. Il a alors montr\u00e9 toutes les limites de ses m\u00e9thodes et de sa mani\u00e8re d&rsquo;agir.<br \/>\n<\/span><\/p>\n<p><span style=\"color: #777777; font-family: Arial;\">J&rsquo;esp\u00e8re profond\u00e9ment qu&rsquo;il n&rsquo;y aura pas de quatre ans de plus de Trump.<br \/>\n<\/span><\/p>\n<p><span style=\"color: #777777; font-family: Arial;\">Je sais bien que Biden, s&rsquo;il est \u00e9lu, ne fera pas jaillir une lumi\u00e8re \u00e9clatante chassant l&rsquo;obscurit\u00e9. <\/span><span style=\"color: #777777; font-family: Arial;\">Mais il mettra un peu de d\u00e9cence dans tous ce chaos.<br \/>\n<\/span><\/p>\n<p><span style=\"color: #777777; font-family: Arial;\">Lors du mot du jour du 23 janvier je concluais de mani\u00e8re optimiste\u00a0:<br \/>\n<\/span><\/p>\n<p style=\"margin-left: 28pt;\"><span style=\"color: #c00000; font-family: Arial;\">\u00ab\u00a0Trump est d\u00e9j\u00e0 impopulaire, il ne sera probablement qu&rsquo;une parenth\u00e8se dans le temps long de l&rsquo;Histoire.\u00a0\u00bb<br \/>\n<\/span><\/p>\n<p><span style=\"color: #777777; font-family: Arial;\">Mais comme je l&rsquo;avais dit tant\u00f4t, les pr\u00e9visions sont p\u00e9rilleuses, surtout lorsqu&rsquo;elle concerne l&rsquo;avenir.<br \/>\n<\/span><\/p>\n<p><span style=\"color: #777777; font-family: Arial;\">Et je crois que si Trump est battu, les probl\u00e8mes et la col\u00e8re profonde d&rsquo;une partie des citoyens blancs am\u00e9ricains ne cessera pas.<br \/>\n<\/span><\/p>\n<p><span style=\"color: #777777; font-family: Arial;\">Daniel, dans un commentaire r\u00e9cent a \u00e9crit\u00a0:<br \/>\n<\/span><\/p>\n<p style=\"margin-left: 28pt;\"><span style=\"color: #c00000; font-family: Arial;\">\u00ab\u00a0Je ne suis pas totalement s\u00fbr que Trump soit le probl\u00e8me de la division de l&rsquo;Am\u00e9rique, je pense plut\u00f4t qu&rsquo;il en est le sympt\u00f4me\u00a0\u00bb<br \/>\n<\/span><\/p>\n<p><span style=\"color: #777777; font-family: Arial;\">Je crois qu&rsquo;il a raison, m\u00eame si l&rsquo;attitude, le comportement, la personnalit\u00e9 de Trump en tant que pr\u00e9sident des Etats-Unis est un probl\u00e8me en soi.<br \/>\n<\/span><\/p>\n<p><span style=\"color: #777777; font-family: Arial;\">Mais les \u00e9l\u00e9ments de sympt\u00f4mes qui ont conduit \u00e0 l&rsquo;\u00e9lection de Trump resteront apr\u00e8s cette \u00e9lection qu&rsquo;elle que soit le r\u00e9sultat de ces \u00e9lections transatlantique.<br \/>\n<\/span><\/p>\n<p><span style=\"color: #777777; font-family: Arial;\">Sur le <a href=\"https:\/\/www.rtbf.be\/info\/dossier\/election-presidentielle-americaine-2020\/detail_elections-americaines-2020-le-trumpisme-un-style-une-methode-et-des-idees-et-apres?id=10621917\"><span style=\"color: #0000ff;\">site de la Radiot\u00e9l\u00e9vision Belge<\/span><\/a><span style=\"color: #0000ff;\">,<\/span> divers intervenants essayent d&rsquo;expliquer le trumpisme et les sympt\u00f4mes de cette maladie.<br \/>\n<\/span><\/p>\n<p><span style=\"color: #777777; font-family: Arial;\">D&rsquo;abord qu&rsquo;est ce que le trumpisme ?<br \/>\n<\/span><\/p>\n<p style=\"margin-left: 28pt;\"><span style=\"color: #c00000; font-family: Arial;\">\u00ab\u00a0Le trumpisme c&rsquo;est un style, un mode de gouvernance, li\u00e9 \u00e0 la personnalit\u00e9 de Donald Trump. Selon Bernard Rim\u00e9, professeur de psychologie sociale \u00e0 l&rsquo;UCLouvain, \u00ab\u00a0aux enfants on apprend certaines r\u00e8gles qui permettent de maintenir le consensus social. Chez Trump il y a une recherche de la satisfaction imm\u00e9diate, c&rsquo;est un comportement infantile, il n&rsquo;y a pas de contr\u00f4le interne. Son comportement viole un certain consensus social, un consensus qui impose certaines r\u00e8gles donc un renoncement mais \u00e7a, renoncer, cela demande un certain effort. [\u2026] Normalement on int\u00e9riorise ces r\u00e8gles mais chez lui c&rsquo;est inexistant. [\u2026] un autre trait de caract\u00e8re qui d\u00e9finit la personnalit\u00e9 de Donald Trump, c&rsquo;est le narcissisme.\u00a0\u00bb<br \/>\n<\/span><\/p>\n<p><span style=\"color: #777777; font-family: Arial;\">Mais d&rsquo;o\u00f9 vient le trumpisme\u00a0?<br \/>\n<\/span><\/p>\n<p style=\"margin-left: 28pt;\"><span style=\"color: #c00000; font-family: Arial;\">\u00ab\u00a0\u00ab\u00a0Donald Trump semble \u00eatre un sympt\u00f4me plut\u00f4t qu&rsquo;une cause, il n&rsquo;est pas arriv\u00e9 l\u00e0 par hasard, et les conditions de son \u00e9lection de 2016 sont toujours l\u00e0\u00a0\u00bb, d\u00e9crypte H\u00e9l\u00e8ne Landemore.<br \/>\n<\/span><\/p>\n<p style=\"margin-left: 28pt;\"><span style=\"color: #c00000; font-family: Arial;\">Le contexte est favorable \u00e0 l&rsquo;\u00e9mergence d&rsquo;un \u00ab\u00a0populiste\u00a0\u00bb comme Donald Trump, estiment de nombreux observateurs. En effet, beaucoup estiment que les Etats-Unis sont en train de traverser une crise profonde \u00e0 plusieurs niveaux : identitaire, une crise de la mondialisation, et une crise institutionnelle qui remet en cause un syst\u00e8me favorable aux \u00e9lites. Et cette crise qui a rendu possible l&rsquo;\u00e9lection de Donald Trump en 2016, n&rsquo;a pas \u00e9t\u00e9 cr\u00e9\u00e9 par lui. [\u2026]<br \/>\n<\/span><\/p>\n<p style=\"margin-left: 28pt;\"><span style=\"color: #c00000; font-family: Arial;\">Selon Bertrand Badie, professeur \u00e9m\u00e9rite \u00e0 Science-Po Paris, la crise identitaire est profonde, \u00ab\u00a0il y a une peur de l&rsquo;\u00e9volution d\u00e9mographique, une peur de devenir minoritaire, de l&rsquo;inversion de la majorit\u00e9\u00a0\u00bb. A cela s&rsquo;ajoute \u00ab\u00a0une d\u00e9couverte qui est vraie. Les classes moyennes s&rsquo;aper\u00e7oivent qu&rsquo;elles n&rsquo;ont pas profit\u00e9 de la mondialisation, qu&rsquo;elles ne se sont pas enrichies\u00a0\u00bb. Et d&rsquo;ajouter, \u00ab\u00a0avec Trump c&rsquo;est le versant populiste du r\u00e9publicanisme\u00a0\u00bb.<br \/>\n<\/span><\/p>\n<p style=\"margin-left: 28pt;\"><span style=\"color: #c00000; font-family: Arial;\">Et c&rsquo;est ce versant qui fonctionne car il y a \u00ab\u00a0une vague de d\u00e9gagisme li\u00e9e \u00e0 une vraie perte de confiance dans les \u00e9lites. Lorsque l&rsquo;on regarde, par exemple, la composition du Congr\u00e8s aux Etats-Unis, on se rend compte que 82% de la population est repr\u00e9sent\u00e9e par 10% des plus riches. [\u2026] 90% des gens n&rsquo;obtiennent pas les politiques publiques li\u00e9es \u00e0 leurs pr\u00e9f\u00e9rences, ce qui cr\u00e9e un foss\u00e9\u00a0\u00bb, analyse H\u00e9l\u00e8ne Landemore.\u00a0\u00bb<br \/>\n<\/span><\/p>\n<p><span style=\"color: #777777; font-family: Arial;\">Trump me semble, en effet, r\u00e9pondre \u00e0 3 sentiments de l&rsquo;Am\u00e9rique profonde\u00a0:<br \/>\n<\/span><\/p>\n<ul>\n<li><span style=\"color: #777777; font-family: Arial;\">Le constat par la classe moyenne am\u00e9ricaine que la globalisation lui est devenu d\u00e9favorable\u00a0;<br \/>\n<\/span><\/li>\n<li><span style=\"color: #777777; font-family: Arial;\">La crainte par les hommes blancs de perdre le leadership au profit des autres habitants des Etats-Unis\u00a0;<br \/>\n<\/span><\/li>\n<li><span style=\"color: #777777; font-family: Arial;\">L&rsquo;hyst\u00e9rie d&rsquo;\u00e9vang\u00e9listes et de conservateurs qui veulent aller aussi loin que possible dans le maintien voire le retour en arri\u00e8re vers des valeurs religieuses et familiales archa\u00efques.<br \/>\n<\/span><\/li>\n<\/ul>\n<p><span style=\"color: #777777; font-family: Arial;\">Bien s\u00fbr si Trump est le sympt\u00f4me; il n&rsquo;a pas le d\u00e9but d&rsquo;une solution \u00e0 moyen et long terme pour r\u00e9gler ces probl\u00e8mes et apaiser la soci\u00e9t\u00e9 am\u00e9ricaine.<br \/>\n<\/span><\/p>\n<p><span style=\"color: #777777; font-family: Arial;\"><span style=\"color: maroon;\">&lt;1482&gt;<\/span><\/span><\/p>\n","protected":false},"excerpt":{"rendered":"<p>\u00ab\u00a0La nuit am\u00e9ricaine\u00a0\u00bb Expression \u00e0 multiples facettes J&rsquo;avais d\u00e9j\u00e0 parl\u00e9 de la nuit am\u00e9ricaine lors du mot du jour du &lt;7 octobre 2014&gt; qui rendait hommage \u00e0 Fran\u00e7ois Truffaut et \u00e0 son film qui portait ce nom. J&rsquo;expliquais alors que<\/p>\n","protected":false},"author":1,"featured_media":0,"comment_status":"open","ping_status":"closed","sticky":false,"template":"","format":"standard","meta":{"footnotes":""},"categories":[1],"tags":[77,65,3],"class_list":["post-9996","post","type-post","status-publish","format-standard","hentry","category-motdujour","tag-democratie","tag-etats-unis","tag-politique"],"_links":{"self":[{"href":"https:\/\/lemotdujour.fr\/index.php?rest_route=\/wp\/v2\/posts\/9996","targetHints":{"allow":["GET"]}}],"collection":[{"href":"https:\/\/lemotdujour.fr\/index.php?rest_route=\/wp\/v2\/posts"}],"about":[{"href":"https:\/\/lemotdujour.fr\/index.php?rest_route=\/wp\/v2\/types\/post"}],"author":[{"embeddable":true,"href":"https:\/\/lemotdujour.fr\/index.php?rest_route=\/wp\/v2\/users\/1"}],"replies":[{"embeddable":true,"href":"https:\/\/lemotdujour.fr\/index.php?rest_route=%2Fwp%2Fv2%2Fcomments&post=9996"}],"version-history":[{"count":3,"href":"https:\/\/lemotdujour.fr\/index.php?rest_route=\/wp\/v2\/posts\/9996\/revisions"}],"predecessor-version":[{"id":9999,"href":"https:\/\/lemotdujour.fr\/index.php?rest_route=\/wp\/v2\/posts\/9996\/revisions\/9999"}],"wp:attachment":[{"href":"https:\/\/lemotdujour.fr\/index.php?rest_route=%2Fwp%2Fv2%2Fmedia&parent=9996"}],"wp:term":[{"taxonomy":"category","embeddable":true,"href":"https:\/\/lemotdujour.fr\/index.php?rest_route=%2Fwp%2Fv2%2Fcategories&post=9996"},{"taxonomy":"post_tag","embeddable":true,"href":"https:\/\/lemotdujour.fr\/index.php?rest_route=%2Fwp%2Fv2%2Ftags&post=9996"}],"curies":[{"name":"wp","href":"https:\/\/api.w.org\/{rel}","templated":true}]}}