{"id":998,"date":"2015-02-09T01:00:00","date_gmt":"2015-02-08T22:00:00","guid":{"rendered":"http:\/\/lemotdujour.fr\/?p=998"},"modified":"2017-05-08T13:24:41","modified_gmt":"2017-05-08T11:24:41","slug":"lundi-9-fevrier-2015","status":"publish","type":"post","link":"https:\/\/lemotdujour.fr\/?p=998","title":{"rendered":"Lundi 9 F\u00e9vrier 2015"},"content":{"rendered":"<div class=\"mdjDate\">Lundi 9 F\u00e9vrier 2015<\/div>\n<div class=\"mdjTexte\">\u00abDe Gaulle appelait-il \u00e0 voter Guy Mollet ?\u00bb<\/div>\n<div class=\"mdjAuteur\">Laurent Wauquiez<br \/>N\u00b03 de l&rsquo;UMP et souhaitant r\u00e9pondre \u00e0 la question fallait \u2018il que dans le Doubs l&rsquo;UMP appelle \u00e0 voter socialiste ?<\/div>\n<div class=\"mdjComplements\">Finalement le candidat PS a gagn\u00e9 cette circonscription. Mais l&rsquo;UMP n&rsquo;a pas souhait\u00e9 choisir entre les deux candidats.<\/div>\n<div class=\"mdjComplements\">Parmi les arguments utilis\u00e9s pour justifier ce non choix, celui du num\u00e9ro 3 de ce Parti <a href=\"http:\/\/www.lefigaro.fr\/politique\/le-scan\/couacs\/2015\/02\/04\/25005-20150204ARTFIG00208-de-gaulle-et-guy-mollet-le-rate-historique-de-laurent-wauquiez.php\">est particuli\u00e8rement \u00e9tonnant du point de vue historique<\/a><\/div>\n<div class=\"mdjComplements\">Cette \u00ab\u00a0sortie\u00a0\u00bb est d&rsquo;autant plus surprenante que Laurent Wauquiez a \u00e9t\u00e9 re\u00e7u premier \u00e0 l&rsquo;agr\u00e9gation d&rsquo;Histoire, (Ma brave dame, Mon bon Monsieur les dipl\u00f4mes ce n&rsquo;est plus ce que c&rsquo;\u00e9tait !)<\/div>\n<div class=\"mdjComplements\">Mais tout cela va nous permettre de faire un rappel d&rsquo;Histoire des 4<sup>\u00e8me<\/sup> et 5<sup>\u00e8me<\/sup> R\u00e9publiques.<\/div>\n<div class=\"mdjComplements\">D&rsquo;abord remettons ce mot dans son contexte, M Wauquiez a dit : \u00abPour moi, la politique ce n&rsquo;est pas regarder les autres. Je n&rsquo;appelle pas \u00e0 voter pour des gens dont je ne partage pas les convictions, je d\u00e9fends mes id\u00e9es et mes valeurs. De Gaulle n&rsquo;appelait pas \u00e0 voter Guy Mollet. Assumons nos id\u00e9es, ce sera d\u00e9j\u00e0 bien\u00bb<\/div>\n<div class=\"mdjComplements\">Nous savons que Guy Mollet \u00e9tait le chef de la SFIO, l&rsquo;anc\u00eatre du PS. Il fut chef du gouvernement sous la 4\u00e8me r\u00e9publique et on lui a beaucoup reproch\u00e9 sa politique de r\u00e9pression\u00a0 ainsi que l&rsquo;intensification de la guerre en Alg\u00e9rie. Fran\u00e7ois Mitterrand \u00e9tait son Ministre de la Justice.\u00a0 Ses d\u00e9tracteurs d\u00e9signent par Molletisme l&rsquo;attitude consistant \u00e0 associer un discours de gauche et la pratique d&rsquo;importants compromis avec la droite.<\/div>\n<div class=\"mdjComplements\">Cela \u00e9tant par rapport au propos de l&rsquo;ancien Ministre, agr\u00e9g\u00e9 d&rsquo;Histoire, il faut savoir d&rsquo;abord que la situation o\u00f9 Charles de Gaulle aurait pu appeler \u00e0 voter Guy Mollet ne s&rsquo;est jamais vraiment pr\u00e9sent\u00e9.<\/div>\n<div class=\"mdjComplements\">Mais surtout en mai 1958, Guy Mollet s&rsquo;est ralli\u00e9 au g\u00e9n\u00e9ral de Gaulle, car c&rsquo;est selon lui le seul moyen d&rsquo;\u00e9viter \u00ab une guerre civile sans arm\u00e9e r\u00e9publicaine \u00bb. Il vote en cons\u00e9quence les pleins pouvoirs \u00e0 Charles de Gaulle. <\/div>\n<div class=\"mdjComplements\">Et puis, il est nomm\u00e9 ministre d&rsquo;\u00c9tat en juin de la m\u00eame ann\u00e9e, donc dans le gouvernement de De Gaulle et il participe \u00e0 la r\u00e9daction de la nouvelle Constitution.<\/div>\n<div class=\"mdjComplements\">Et puis surtout De Gaulle a dit de lui : <\/div>\n<div class=\"mdjCiter\">\u00ab J&rsquo;ai beaucoup d&rsquo;estime pour Guy Mollet. Pendant la guerre, il a combattu \u00e0 tous risques pour la France et pour la libert\u00e9. Il a donc \u00e9t\u00e9 mon compagnon \u00bb (21 mai 1958).<\/div>\n<div class=\"mdjComplements\">L&rsquo;exemple de l&rsquo;agr\u00e9g\u00e9 d&rsquo;Histoire constitue donc un flop int\u00e9gral, il aurait mieux fait d&rsquo;\u00e9voquer, Mitterrand, cela aurait eu plus de sens.<\/div>\n<div class=\"mdjComplements\">Je conclurai que lorsqu&rsquo;on n&rsquo;a pas de bons arguments, on se laisse souvent aller \u00e0 en prendre de mauvais&#8230;<\/div>\n<div class=\"mdjComplements\">Et si vous allez sur site du <a href=\"http:\/\/lelab.europe1.fr\/En-2012-Nicolas-Sarkozy-fustigeait-l-abstention-le-contraire-du-courage-20924\">&lt;du Lab d&rsquo;Europe 1&gt;<\/a> vous apprendrez ou on vous rappellera que le Nr 1 de l&rsquo;UMP, l&rsquo;ancien pr\u00e9sident de la r\u00e9publique, dans son discours de campagne pr\u00e9sidentielle du 24 f\u00e9vrier 2012 \u00e0 Lille, retranscrit <a href=\"http:\/\/www.u-m-p.org\/actualites\/a-la-une\/discours-de-nicolas-sarkozy-lors-du-meeting-de-lille-53432402\">sur le site officiel de l\u2019UMP<\/a>, fustigeait ceux qui boycottaient les bureaux de vote. Il d\u00e9clarait ainsi, \u00e0 propos de parlementaires socialistes s\u2019abstenant sur un trait\u00e9 europ\u00e9en : \u00abL\u2019abstention, c\u2019est une fuite. L\u2019abstention, c\u2019est un refus d\u2019assumer ses responsabilit\u00e9s. L\u2019abstention, c\u2019est un renoncement. L\u2019abstention, c\u2019est laisser les autres d\u00e9cider. L\u2019abstention, c\u2019est le contraire du courage.\u00bb<\/div>\n<div class=\"mdjComplements\">Non seulement avec les moyens modernes, les pauvres hommes politiques qui se trompent sont imm\u00e9diatement signal\u00e9s, mais aussi quand ils se contredisent, moqu\u00e9s.<\/div>\n<div class=\"mdjComplements\">Je vous le dis, ce n&rsquo;est plus une vie d&rsquo;\u00eatre homme politique !<\/div>\n","protected":false},"excerpt":{"rendered":"<p>Lundi 9 F\u00e9vrier 2015 \u00abDe Gaulle appelait-il \u00e0 voter Guy Mollet ?\u00bb Laurent WauquiezN\u00b03 de l&rsquo;UMP et souhaitant r\u00e9pondre \u00e0 la question fallait \u2018il que dans le Doubs l&rsquo;UMP appelle \u00e0 voter socialiste ? Finalement le candidat PS a gagn\u00e9<\/p>\n","protected":false},"author":1,"featured_media":0,"comment_status":"closed","ping_status":"closed","sticky":false,"template":"","format":"standard","meta":{"footnotes":""},"categories":[1],"tags":[],"class_list":["post-998","post","type-post","status-publish","format-standard","hentry","category-motdujour"],"_links":{"self":[{"href":"https:\/\/lemotdujour.fr\/index.php?rest_route=\/wp\/v2\/posts\/998","targetHints":{"allow":["GET"]}}],"collection":[{"href":"https:\/\/lemotdujour.fr\/index.php?rest_route=\/wp\/v2\/posts"}],"about":[{"href":"https:\/\/lemotdujour.fr\/index.php?rest_route=\/wp\/v2\/types\/post"}],"author":[{"embeddable":true,"href":"https:\/\/lemotdujour.fr\/index.php?rest_route=\/wp\/v2\/users\/1"}],"replies":[{"embeddable":true,"href":"https:\/\/lemotdujour.fr\/index.php?rest_route=%2Fwp%2Fv2%2Fcomments&post=998"}],"version-history":[{"count":1,"href":"https:\/\/lemotdujour.fr\/index.php?rest_route=\/wp\/v2\/posts\/998\/revisions"}],"predecessor-version":[{"id":999,"href":"https:\/\/lemotdujour.fr\/index.php?rest_route=\/wp\/v2\/posts\/998\/revisions\/999"}],"wp:attachment":[{"href":"https:\/\/lemotdujour.fr\/index.php?rest_route=%2Fwp%2Fv2%2Fmedia&parent=998"}],"wp:term":[{"taxonomy":"category","embeddable":true,"href":"https:\/\/lemotdujour.fr\/index.php?rest_route=%2Fwp%2Fv2%2Fcategories&post=998"},{"taxonomy":"post_tag","embeddable":true,"href":"https:\/\/lemotdujour.fr\/index.php?rest_route=%2Fwp%2Fv2%2Ftags&post=998"}],"curies":[{"name":"wp","href":"https:\/\/api.w.org\/{rel}","templated":true}]}}