{"id":996,"date":"2015-02-06T01:00:00","date_gmt":"2015-02-05T22:00:00","guid":{"rendered":"http:\/\/lemotdujour.fr\/?p=996"},"modified":"2020-06-12T17:12:02","modified_gmt":"2020-06-12T15:12:02","slug":"vendredi-6-fevrier-2015","status":"publish","type":"post","link":"https:\/\/lemotdujour.fr\/?p=996","title":{"rendered":"Vendredi 6 F\u00e9vrier 2015"},"content":{"rendered":"<div class=\"mdjTexte\">\u00abL&rsquo;exception fran\u00e7aise ce n&rsquo;est pas la non ouverture des magasins le dimanche,<br \/>\nL&rsquo;exception fran\u00e7aise c&rsquo;est la non ouverture des biblioth\u00e8ques\u00bb<\/div>\n<div class=\"mdjAuteur\">Patrick Weil<\/div>\n<div class=\"mdjComplements\">Historien et sp\u00e9cialiste des questions de citoyennet\u00e9 et d&rsquo;immigration,<\/div>\n<div class=\"mdjComplements\">Patrick Weill \u00e9tait l&rsquo;invit\u00e9 du 7-9 de France Inter de ce mercredi 4 f\u00e9vrier sur le th\u00e8me de la la\u00efcit\u00e9.<\/div>\n<div class=\"mdjComplements\">Je vous donne, \u00e0 la fin du message, le lien vers la page de cette \u00e9mission tr\u00e8s int\u00e9ressante.<\/div>\n<div class=\"mdjComplements\">Il dit des choses simples : \u00ab\u00a0la laicit\u00e9 c&rsquo;est le droit de pratiquer sa Foi et le droit de blasph\u00e9mer, l&rsquo;un ne va pas sans l&rsquo;autre\u00a0\u00bb<\/div>\n<div class=\"mdjComplements\">Il tient aussi des propos plus iconoclastes <span style=\"color: #0000ff;\"><a style=\"color: #0000ff;\" href=\"http:\/\/www.lopinion.fr\/11-aout-2013\/patrick-weil-qu-on-laisse-en-paix-femmes-voilees-2885\">\u00ab Qu\u2019on laisse en paix les femmes voil\u00e9es \u00bb<\/a><\/span><\/div>\n<div class=\"mdjComplements\">Mais ce qui m&rsquo;a surtout interpell\u00e9 ce sont les propos qu&rsquo;il a tenu sur les biblioth\u00e8ques. Il faut savoir qu&rsquo;il est pr\u00e9sident de <a href=\"http:\/\/fr.wikipedia.org\/wiki\/Biblioth%C3%A8ques_Sans_Fronti%C3%A8res\"><span style=\"color: #0000ff;\">Biblioth\u00e8ques Sans Fronti\u00e8res<\/span><\/a>,\u00a0 ONG fran\u00e7aise, \u00e0 but non lucratif, \u00e9galement pr\u00e9sente en Belgique, au Mexique, aux \u00c9tats-Unis et au Portugal qui vise \u00e0 faciliter l&rsquo;acc\u00e8s au savoir dans les pays en voie de d\u00e9veloppement par l\u2019appui au d\u00e9veloppement des fonds des biblioth\u00e8ques, des \u00e9coles et des universit\u00e9s, la formation de documentalistes, l\u2019informatisation de centres documentaires et la structuration de r\u00e9seaux de biblioth\u00e8ques.<\/div>\n<div class=\"mdjComplements\">Il a dit notamment<\/div>\n<div class=\"mdjCiter\">\u00ab Vous savez combien de temps ouvre en moyenne une biblioth\u00e8que publique en France ? 15 heures par semaine<\/div>\n<div class=\"mdjCiter\">Il n&rsquo;y a que 6% des biblioth\u00e8ques fran\u00e7aises qui ouvrent 30 heures ou plus.<\/div>\n<div class=\"mdjCiter\">A Amsterdam ils ouvrent 70 heures.<\/div>\n<div class=\"mdjCiter\">C&rsquo;est \u00e0 dire que ce grand pays de la culture, de la la\u00efcit\u00e9 a ses biblioth\u00e8ques ferm\u00e9s.<\/div>\n<div class=\"mdjCiter\">Il y a un projet de Loi en discussion actuellement qui projette d&rsquo;ouvrir les magasins, en France, le dimanche<\/div>\n<div class=\"mdjCiter\">L&rsquo;exception fran\u00e7aise ce n&rsquo;est pas la non ouverture des magasins le dimanche, en Allemagne ils sont ferm\u00e9s.<\/div>\n<div class=\"mdjCiter\">L&rsquo;exception fran\u00e7aise c&rsquo;est la non ouverture des biblioth\u00e8ques<\/div>\n<div class=\"mdjCiter\">C&rsquo;est l\u00e0 qu&rsquo;on peut se cultiver [&#8230;]<\/div>\n<div class=\"mdjCiter\">C&rsquo;est l\u00e0 que les enfants qui n&rsquo;ont pas l&rsquo;internet, pas de livres chez eux peuvent aller travailler dans le calme<\/div>\n<div class=\"mdjCiter\">Vous savez Steve Jobs et Bill Gates n&rsquo;ont pas pr\u00e9par\u00e9 la cr\u00e9ation de leurs entreprises dans les magasins le dimanche, mais dans les biblioth\u00e8ques.<\/div>\n<div class=\"mdjCiter\">Aux Etats Unis les biblioth\u00e8ques sont ouverts jour et nuit.\u00bb<\/div>\n<div class=\"mdjComplements\"><a href=\"http:\/\/www.franceinter.fr\/emission-le-79-patrick-weil-on-doit-pouvoir-croire-et-pouvoir-blasphemer\"><span style=\"color: #0000ff;\">http:\/\/www.franceinter.fr\/emission-le-79-patrick-weil-on-doit-pouvoir-croire-et-pouvoir-blasphemer<\/span><\/a><\/div>\n<div class=\"mdjComplements\">Il parle des biblioth\u00e8ques dans la seconde vid\u00e9o de la page un peu apr\u00e8s 5 mn.<\/div>\n<div class=\"mdjComplements\"><a href=\"http:\/\/www.enssib.fr\/bibliotheque-numerique\/documents\/60169-l-extension-des-horaires-d-ouverture-des-bibliotheques-progres-et-obstacles.pdf\"><span style=\"color: #0000ff;\">&lt;Ici un rapport de 2012 au Ministre de l&rsquo;enseignement sur l&rsquo;extension des horaires d&rsquo;ouverture des biblioth\u00e8ques avec pour sous-titre : progr\u00e8s et obstacles&gt;<\/span><\/a><\/div>\n<div class=\"mdjComplements\">Moi qui croyais de Steve Jobs et Bill Gates avaient commenc\u00e9 leur fabuleuse aventure dans des garages, mais \u00e0 y bien r\u00e9fl\u00e9chir probablement que Patrick Weil a raison ils ont certainement commenc\u00e9 dans les biblioth\u00e8ques.<\/div>\n","protected":false},"excerpt":{"rendered":"<p>\u00abL&rsquo;exception fran\u00e7aise ce n&rsquo;est pas la non ouverture des magasins le dimanche, L&rsquo;exception fran\u00e7aise c&rsquo;est la non ouverture des biblioth\u00e8ques\u00bb Patrick Weil Historien et sp\u00e9cialiste des questions de citoyennet\u00e9 et d&rsquo;immigration, Patrick Weill \u00e9tait l&rsquo;invit\u00e9 du 7-9 de France Inter<\/p>\n","protected":false},"author":1,"featured_media":0,"comment_status":"closed","ping_status":"closed","sticky":false,"template":"","format":"standard","meta":{"footnotes":""},"categories":[1],"tags":[],"class_list":["post-996","post","type-post","status-publish","format-standard","hentry","category-motdujour"],"_links":{"self":[{"href":"https:\/\/lemotdujour.fr\/index.php?rest_route=\/wp\/v2\/posts\/996","targetHints":{"allow":["GET"]}}],"collection":[{"href":"https:\/\/lemotdujour.fr\/index.php?rest_route=\/wp\/v2\/posts"}],"about":[{"href":"https:\/\/lemotdujour.fr\/index.php?rest_route=\/wp\/v2\/types\/post"}],"author":[{"embeddable":true,"href":"https:\/\/lemotdujour.fr\/index.php?rest_route=\/wp\/v2\/users\/1"}],"replies":[{"embeddable":true,"href":"https:\/\/lemotdujour.fr\/index.php?rest_route=%2Fwp%2Fv2%2Fcomments&post=996"}],"version-history":[{"count":2,"href":"https:\/\/lemotdujour.fr\/index.php?rest_route=\/wp\/v2\/posts\/996\/revisions"}],"predecessor-version":[{"id":9196,"href":"https:\/\/lemotdujour.fr\/index.php?rest_route=\/wp\/v2\/posts\/996\/revisions\/9196"}],"wp:attachment":[{"href":"https:\/\/lemotdujour.fr\/index.php?rest_route=%2Fwp%2Fv2%2Fmedia&parent=996"}],"wp:term":[{"taxonomy":"category","embeddable":true,"href":"https:\/\/lemotdujour.fr\/index.php?rest_route=%2Fwp%2Fv2%2Fcategories&post=996"},{"taxonomy":"post_tag","embeddable":true,"href":"https:\/\/lemotdujour.fr\/index.php?rest_route=%2Fwp%2Fv2%2Ftags&post=996"}],"curies":[{"name":"wp","href":"https:\/\/api.w.org\/{rel}","templated":true}]}}