{"id":9949,"date":"2020-10-30T00:37:49","date_gmt":"2020-10-29T23:37:49","guid":{"rendered":"http:\/\/lemotdujour.fr\/?p=9949"},"modified":"2020-10-30T00:37:49","modified_gmt":"2020-10-29T23:37:49","slug":"vendredi-30-octobre-2020","status":"publish","type":"post","link":"https:\/\/lemotdujour.fr\/?p=9949","title":{"rendered":"Vendredi 30 octobre 2020"},"content":{"rendered":"<div class=\"mdjTexte\">\u00abIls parlent une langue que je ne comprends pas, pourtant c&rsquo;est la m\u00eame que moi.\u00bb<\/div>\n<div class=\"mdjAuteur\">Parole de la chanson \u00ab l&rsquo;autre rive \u00bb chant\u00e9e par les facteurs chevaux<\/div>\n<p><span style=\"color: #777777; font-family: Arial;\">Sommes-nous condamn\u00e9s \u00e0 parler un jour de pand\u00e9mie et le lendemain du terrorisme ?<br \/>\n<\/span><\/p>\n<p><span style=\"color: #777777; font-family: Arial;\">Et quand \u00e7a va vraiment mal, faut-il parler des deux\u2026<br \/>\n<\/span><\/p>\n<p><span style=\"color: #777777; font-family: Arial;\">Heureusement, qu&rsquo;il nous reste la culture et l&rsquo;Art.<br \/>\n<\/span><\/p>\n<p><span style=\"color: #777777; font-family: Arial;\">La culture dont nous avons tant besoin et qui souffre aujourd&rsquo;hui de la situation cr\u00e9\u00e9e par la pand\u00e9mie.<br \/>\n<\/span><\/p>\n<p><span style=\"color: #777777; font-family: Arial;\">La culture qui si l&rsquo;on croit les annonces gouvernementales, n&rsquo;est pas essentielle, puisque les salles de spectacles sont ferm\u00e9es.<br \/>\n<\/span><\/p>\n<p><img loading=\"lazy\" decoding=\"async\" class=\"alignleft\" src=\"https:\/\/lemotdujour.fr\/wp-content\/uploads\/2020\/10\/102920_2328_Vendredi30o1.png\" alt=\"\" width=\"407\" height=\"328\" align=\"left\" \/><span style=\"color: #777777; font-family: Arial;\">Je ne connaissais pas Fabien Guidollet et Sammy Decoster qui ont fond\u00e9 ensemble un duo qu&rsquo;ils ont appel\u00e9s \u00ab\u00a0<strong>Facteurs chevaux<\/strong>.\u00a0\u00bb<br \/>\n<\/span><\/p>\n<p><span style=\"color: #777777; font-family: Arial;\">J&rsquo;\u00e9coutais une \u00e9mission de France Culture, \u00ab\u00a0la Grande Table\u00a0\u00bb, l&rsquo;invit\u00e9 \u00e9tait Fabrice Lucchini.<br \/>\n<\/span><\/p>\n<p><span style=\"color: #777777; font-family: Arial;\">Et puis la journaliste Olivia Gesbert a brusquement annonc\u00e9 : \u00ab\u00a0Nous allons \u00e9couter une chanson\u00a0\u00bb<br \/>\n<\/span><\/p>\n<p><span style=\"color: #777777; font-family: Arial;\">Ce fut un moment sublime.<br \/>\n<\/span><\/p>\n<p><span style=\"color: #777777; font-family: Arial;\">Et elle d\u00e9voila qu&rsquo;il s&rsquo;agissait de la chanson <strong>&lt;<a href=\"https:\/\/www.youtube.com\/watch?v=RWAsOsjaQpU\"><span style=\"color: #0000ff;\">L&rsquo;autre rive<\/span><\/a><\/strong>&gt; que les facteurs chevaux interpr\u00e9taient et qui faisait partie de leur dernier album \u00ab\u00a0<strong>Chante-nuit<\/strong>\u00bb paru en juin 2020, juste apr\u00e8s le premier confinement.<br \/>\n<\/span><\/p>\n<p><span style=\"color: #777777; font-family: Arial;\">Alors j&rsquo;ai voulu en savoir un peu plus.<br \/>\n<\/span><\/p>\n<p><span style=\"color: #777777; font-family: Arial;\">Ce site\u00a0: <a href=\"https:\/\/www.detoursdechant.com\/concerts\/facteurs-chevaux\/\"><span style=\"color: #0000ff;\">https:\/\/www.detoursdechant.com\/concerts\/facteurs-chevaux\/<\/span><\/a> les pr\u00e9sente de mani\u00e8re subtile.<br \/>\n<\/span><\/p>\n<p style=\"margin-left: 28pt;\"><span style=\"color: #c00000;\"><span style=\"font-family: Arial;\">\u00ab\u00a0P\u00e9n\u00e9trer dans l&rsquo;univers des <strong>Facteurs Chevaux <\/strong>risque d&rsquo;ouvrir une br\u00e8che spatio-temporelle dans votre quotidien, sans certitude de retour \u00e0 la normale. [\u2026]<\/span><span style=\"font-family: Times New Roman; font-size: 12pt;\"><br \/>\n<\/span><\/span><\/p>\n<p style=\"margin-left: 28pt;\"><span style=\"color: #c00000;\"><span style=\"font-family: Arial;\">Suivre les Facteurs Chevaux, c&rsquo;est accepter d&rsquo;oublier le dernier m\u00e9tro et le caf\u00e9 du lundi matin pour se propulser dans la <strong>puret\u00e9 <\/strong>du son de la voix et du bois. C&rsquo;est se laisser charmer par le murmure de l&rsquo;un, le baryton de l&rsquo;autre, s&rsquo;ouvrir aux mots qui refusent toute temporalit\u00e9 et naviguer \u00e0 vue dans un espace p\u00e9tri de mysticisme, de <strong>l\u00e9gendes <\/strong>et de r\u00e9flexions empiriques. [\u2026]<\/span><span style=\"font-family: Times New Roman; font-size: 12pt;\"><br \/>\n<\/span><\/span><\/p>\n<p style=\"margin-left: 28pt;\"><span style=\"color: #c00000;\"><span style=\"font-family: Arial;\">Ebloui, sonn\u00e9, interloqu\u00e9 ou enchant\u00e9\u2026 chacun r\u00e9agira \u00e0 sa mani\u00e8re selon son pouvoir d&rsquo;\u00e9merveillement et sa dose de nihilisme. Mais vous l&rsquo;aurez compris le voyage auquel nous convie ce disque \u2013 grav\u00e9 dans le vinyle de notre \u00e9poque \u2013 est hors des cartes routi\u00e8res et c&rsquo;est pour cela que son souvenir ne peut que s&rsquo;imprimer de mani\u00e8re ind\u00e9l\u00e9bile dans les m\u00e9andres de ceux qui iront jusqu&rsquo;au bout du chemin.\u00bb<\/span><span style=\"font-family: Times New Roman; font-size: 12pt;\"><br \/>\n<\/span><\/span><\/p>\n<p><span style=\"color: #777777; font-family: Arial;\">Il me semble que c&rsquo;est assez juste.<br \/>\n<\/span><\/p>\n<p><a href=\"https:\/\/www.fnac.com\/a10035548\/Facteurs-Chevaux-La-maison-sous-les-eaux-CD-album\"><img decoding=\"async\" class=\"alignright\" src=\"https:\/\/lemotdujour.fr\/wp-content\/uploads\/2020\/10\/102920_2328_Vendredi30o2.jpg\" alt=\"\" align=\"left\" border=\"0\" \/><\/a><span style=\"color: #777777; font-family: Arial;\">Leur premier album \u00ab\u00a0<strong>La Maison sous les eaux<\/strong>\u00a0\u00bb paru en 2016 avait \u00e9t\u00e9 pr\u00e9sent\u00e9 par <a href=\"https:\/\/www.lesinrocks.com\/musique\/critique-album\/facteurs-chevaux-la-maison-sous-les-eaux\/\"><span style=\"color: #0000ff;\">les Inrockuptibles<\/span><\/a> de cette mani\u00e8re\u00a0:<br \/>\n<\/span><\/p>\n<p style=\"margin-left: 28pt;\"><span style=\"color: #c00000; font-family: Arial;\">\u00ab\u00a0Superbe premier album d&rsquo;un duo fran\u00e7ais buissonnier, pratiquant un folk singulier.<br \/>\n<\/span><\/p>\n<p style=\"margin-left: 28pt;\"><span style=\"color: #c00000; font-family: Arial;\">D&rsquo;abord il y a ce nom, Facteurs Chevaux, qui met la puce \u00e0 l&rsquo;oreille autant que l&rsquo;eau \u00e0 la bouche. Une telle r\u00e9f\u00e9rence oblique au facteur Cheval, fameux repr\u00e9sentant de l&rsquo;art brut admir\u00e9 par les surr\u00e9alistes, ne peut \u00e9maner que de gens aimant prendre la cl\u00e9 des champs et gambader all\u00e8grement sur les sentiers buissonniers. [\u2026]<br \/>\n<\/span><\/p>\n<p style=\"margin-left: 28pt;\"><span style=\"color: #c00000; font-family: Arial;\">Apr\u00e8s avoir travaill\u00e9 ensemble sur les disques de Verone, les deux gaillards se lancent avec Facteurs Chevaux dans une nouvelle aventure 100\u2009% nature. Con\u00e7ues dans un village du massif de la Chartreuse, avec deux guitares acoustiques, une autoharpe et deux voix, les huit chansons r\u00e9unies sur leur premier album, La Maison sous les eaux, semblent jaillir, vives et claires, comme l&rsquo;eau d&rsquo;une source. \u00c9voquant les comptines d&rsquo;un folklore perdu ou inconnu, ces chansons m\u00ealent des textes teint\u00e9s d&rsquo;une douce \u00e9tranget\u00e9 \u00e0 des musiques d&rsquo;une fervente sobri\u00e9t\u00e9. A la fois spontan\u00e9 et raffin\u00e9, \u00e9l\u00e9gant et divagant, l&rsquo;ensemble distille un parfum aussi subtil que p\u00e9n\u00e9trant. \u00bb<br \/>\n<\/span><\/p>\n<p><span style=\"color: #777777; font-family: Arial;\"><span style=\"color: #0000ff;\"><a style=\"color: #0000ff;\" href=\"https:\/\/3ctour.com\/artiste\/facteurs-chevaux\/\">&lt;3C&gt;<\/a><\/span> est une soci\u00e9t\u00e9 de production bordelaises de spectacles et tourn\u00e9es. Je pense qu&rsquo;elle doit \u00eatre, comme d&rsquo;autres, en grande difficult\u00e9 en ce moment. Elle pr\u00e9sente le nouveau disque \u00ab <strong>Chante-nuit<\/strong>\u00a0\u00bb.<br \/>\n<\/span><\/p>\n<p style=\"margin-left: 28pt;\"><span style=\"color: #c00000; font-family: Arial;\">\u00ab\u00a0C&rsquo;est dans un village du massif de la Chartreuse que Sammy Decoster et Fabien Guidollet fa\u00e7onnent leurs chansons \u00e9pur\u00e9es : une guitare et des harmonies vocales pour des textes-contes en fran\u00e7ais qui convient les esprits de la for\u00eat ou les l\u00e9gendes des montagnes. A l&rsquo;instar de l&rsquo;illustre Facteur Cheval, Sammy et Fabien se font ma\u00e7ons d&rsquo;\u00e9difices fragiles, triturent une glaise musicale faite d&rsquo;argile harmonieuse pour en faire un palais id\u00e9al.<br \/>\n<\/span><\/p>\n<p style=\"margin-left: 28pt;\"><span style=\"color: #c00000; font-family: Arial;\">On avait laiss\u00e9 Fabien Guidollet et Sammy Decoster sur la branche de l&rsquo;arbre o\u00f9 leur magnifique premier album La Maison sous les Eaux les avait assis en 2016 : duo acoustique aux harmonies vocales ent\u00eatantes parcourant les sous-bois d&rsquo;une France rurale, largement ignor\u00e9e par le milieu des musiques actuelles.<br \/>\n<\/span><\/p>\n<p style=\"margin-left: 28pt;\"><span style=\"color: #c00000; font-family: Arial;\">Le soleil s&rsquo;est couch\u00e9 derri\u00e8re le ch\u00e2teau et a laiss\u00e9 la place \u00e0 une nuit peupl\u00e9e de cr\u00e9atures fantastiques tandis que Facteurs Chevaux semblent s&rsquo;\u00eatre r\u00e9concili\u00e9s avec l&rsquo;humain, auquel ils conc\u00e8dent une certaine empathie, quand il veut bien se donner la peine (comme eux) de regarder vers le haut.<br \/>\n<\/span><\/p>\n<p style=\"margin-left: 28pt;\"><span style=\"color: #c00000; font-family: Arial;\">Et de fait leur nouvel album, Chante-Nuit, est empreint tout au long de ses neuf titres d&rsquo;une soif d&rsquo;apesanteur, fuyant l&rsquo;immobilisme, la boue et les ranc\u0153urs, pour mettre en valeur l&rsquo;imagination, la danse et finalement susciter l&rsquo;espoir.\u00a0\u00bb<br \/>\n<\/span><\/p>\n<p><a href=\"https:\/\/www.fnac.com\/a14339462\/Facteurs-Chevaux-Chante-Nuit-CD-album\"><img loading=\"lazy\" decoding=\"async\" class=\"alignleft\" src=\"https:\/\/lemotdujour.fr\/wp-content\/uploads\/2020\/10\/102920_2328_Vendredi30o3.jpg\" alt=\"\" width=\"306\" height=\"307\" align=\"left\" border=\"0\" \/><\/a><span style=\"color: #777777; font-family: Arial;\">Les paroles de cette chanson \u00ab\u00a0<strong>L&rsquo;autre rive<\/strong>\u00a0\u00bb sont les suivantes\u00a0:<br \/>\n<\/span><\/p>\n<p style=\"margin-left: 28pt;\"><span style=\"color: #c00000; font-family: Arial;\">Oh ton c\u0153ur est si l\u00e9ger-beau qu&rsquo;il ne prend pas racine dans un pot<br \/>\noh ton coeur est si l\u00e9ger-beau qu&rsquo;il ne prend pas racine dans un pot<br \/>\nc&rsquo;est pourquoi tu tr\u00e9pignes au milieu des autres<br \/>\nils parlent une langue que je ne comprends pas<br \/>\npourtant c&rsquo;est la m\u00eame que moi<br \/>\nje suis le fr\u00e8re d&rsquo;une autre rive<br \/>\net je flotte \u00e0 la d\u00e9rive<br \/>\nje te rejoindrai ma fille \u00e0 mille lieues de l\u00e0<br \/>\noh tu t&rsquo;es envol\u00e9e l\u00e0-haut<br \/>\nmoi je reste \u00e9trange et sot<br \/>\n\u00e9tourdi d\u00e9tremp\u00e9 d&rsquo;eau<br \/>\n<\/span><\/p>\n<p><span style=\"color: #777777; font-family: Arial;\">J&rsquo;ai choisi, comme exergue, la phrase \u00ab\u00a0<strong>ils parlent une langue que je ne comprends pas, pourtant c&rsquo;est la m\u00eame que moi. <\/strong>\u00bb parce qu&rsquo;elle correspond \u00e0 ce que je ressens.<br \/>\n<\/span><\/p>\n<p><span style=\"color: #777777; font-family: Arial;\">Je ne comprends pas de quoi, ils parlent.<br \/>\n<\/span><\/p>\n<p><span style=\"color: #777777; font-family: Arial;\">Evoquent-ils la mort\u00a0?<br \/>\n<\/span><\/p>\n<p><span style=\"color: #777777; font-family: Arial;\">Je ne le sais pas.<br \/>\n<\/span><\/p>\n<p><span style=\"color: #777777; font-family: Arial;\">Mais je sens que c&rsquo;est tr\u00e8s beau. <strong>&lt;<a href=\"https:\/\/www.youtube.com\/watch?v=RWAsOsjaQpU\"><span style=\"color: #0000ff;\">L&rsquo;autre rive<\/span><\/a><\/strong>&gt;<br \/>\n<\/span><\/p>\n<p><span style=\"color: #777777; font-family: Arial;\">J&rsquo;ai achet\u00e9 l&rsquo;album.<br \/>\n<\/span><\/p>\n<p><span style=\"color: #777777; font-family: Arial;\">Il existe aussi &lt;<a href=\"https:\/\/www.youtube.com\/watch?v=MZqqEe1pz34\"><span style=\"color: #0000ff;\">Cette vid\u00e9o<\/span><\/a>&gt;<br \/>\n<\/span><\/p>\n<p><span style=\"color: #777777; font-family: Arial;\">Et si vous aimez cela, une autre chanson : &lt;<span style=\"color: #0000ff;\"><a style=\"color: #0000ff;\" href=\"https:\/\/www.youtube.com\/watch?v=MBLNoJLe8vU\">Facteurs Chevaux \u2013 Firmament<\/a><\/span>&gt;<br \/>\n<\/span><\/p>\n<p><span style=\"color: maroon; font-family: Arial;\">&lt;1479&gt;<span style=\"color: #777777;\"><br \/>\n<\/span><\/span><\/p>\n","protected":false},"excerpt":{"rendered":"<p>\u00abIls parlent une langue que je ne comprends pas, pourtant c&rsquo;est la m\u00eame que moi.\u00bb Parole de la chanson \u00ab l&rsquo;autre rive \u00bb chant\u00e9e par les facteurs chevaux Sommes-nous condamn\u00e9s \u00e0 parler un jour de pand\u00e9mie et le lendemain du<\/p>\n","protected":false},"author":1,"featured_media":0,"comment_status":"open","ping_status":"closed","sticky":false,"template":"","format":"standard","meta":{"footnotes":""},"categories":[1],"tags":[46,20,8],"class_list":["post-9949","post","type-post","status-publish","format-standard","hentry","category-motdujour","tag-art","tag-musique","tag-poesie"],"_links":{"self":[{"href":"https:\/\/lemotdujour.fr\/index.php?rest_route=\/wp\/v2\/posts\/9949","targetHints":{"allow":["GET"]}}],"collection":[{"href":"https:\/\/lemotdujour.fr\/index.php?rest_route=\/wp\/v2\/posts"}],"about":[{"href":"https:\/\/lemotdujour.fr\/index.php?rest_route=\/wp\/v2\/types\/post"}],"author":[{"embeddable":true,"href":"https:\/\/lemotdujour.fr\/index.php?rest_route=\/wp\/v2\/users\/1"}],"replies":[{"embeddable":true,"href":"https:\/\/lemotdujour.fr\/index.php?rest_route=%2Fwp%2Fv2%2Fcomments&post=9949"}],"version-history":[{"count":4,"href":"https:\/\/lemotdujour.fr\/index.php?rest_route=\/wp\/v2\/posts\/9949\/revisions"}],"predecessor-version":[{"id":9959,"href":"https:\/\/lemotdujour.fr\/index.php?rest_route=\/wp\/v2\/posts\/9949\/revisions\/9959"}],"wp:attachment":[{"href":"https:\/\/lemotdujour.fr\/index.php?rest_route=%2Fwp%2Fv2%2Fmedia&parent=9949"}],"wp:term":[{"taxonomy":"category","embeddable":true,"href":"https:\/\/lemotdujour.fr\/index.php?rest_route=%2Fwp%2Fv2%2Fcategories&post=9949"},{"taxonomy":"post_tag","embeddable":true,"href":"https:\/\/lemotdujour.fr\/index.php?rest_route=%2Fwp%2Fv2%2Ftags&post=9949"}],"curies":[{"name":"wp","href":"https:\/\/api.w.org\/{rel}","templated":true}]}}