{"id":9943,"date":"2020-10-29T02:02:58","date_gmt":"2020-10-29T01:02:58","guid":{"rendered":"http:\/\/lemotdujour.fr\/?p=9943"},"modified":"2020-10-28T23:06:39","modified_gmt":"2020-10-28T22:06:39","slug":"jeudi-29-octobre-2020","status":"publish","type":"post","link":"https:\/\/lemotdujour.fr\/?p=9943","title":{"rendered":"Jeudi 29 octobre 2020"},"content":{"rendered":"<div class=\"mdjTexte\">\u00abUn Li\u00e8vre en son g\u00eete songeait (Car que faire en un g\u00eete, \u00e0 moins que l&rsquo;on ne songe ?)\u00a0\u00bb<\/div>\n<div class=\"mdjAuteur\">Jean de La Fontaine<\/div>\n<p><span style=\"color: #777777; font-family: Arial;\">Nous sommes donc \u00e0 nouveau confin\u00e9s.<br \/>\n<\/span><\/p>\n<p><span style=\"color: #777777; font-family: Arial;\">Et que peut-on, le lendemain, raconter\u00a0?<br \/>\n<\/span><\/p>\n<p><span style=\"color: #777777; font-family: Arial;\">Nous sommes dans notre g\u00eete \u00e0 songer\u2026.<br \/>\n<\/span><\/p>\n<p><span style=\"color: #777777; font-family: Arial;\">Comme le li\u00e8vre dont La Fontaine parlait<br \/>\n<\/span><\/p>\n<p style=\"margin-left: 28pt;\"><span style=\"color: #c00000; font-family: Arial;\">Un Li\u00e8vre en son g\u00eete songeait<img loading=\"lazy\" decoding=\"async\" class=\"alignright\" src=\"https:\/\/lemotdujour.fr\/wp-content\/uploads\/2020\/10\/102820_2202_Jeudi29octo1.jpg\" alt=\"\" width=\"267\" height=\"338\" align=\"left\" \/><br \/>\n(Car que faire en un g\u00eete, \u00e0 moins que l&rsquo;on ne songe ?) ;<br \/>\nDans un profond ennui ce Li\u00e8vre se plongeait :<br \/>\nCet animal est triste, et la crainte le ronge.<br \/>\n\u00ab\u00a0Les gens de naturel peureux<br \/>\nSont, disait-il, bien malheureux.<br \/>\nIls ne sauraient manger morceau qui leur profite ;<br \/>\nJamais un plaisir pur ; toujours assauts divers.<br \/>\nVoil\u00e0 comme je vis : cette crainte maudite<br \/>\nM&#8217;emp\u00eache de dormir, sinon les yeux ouverts.<br \/>\nCorrigez-vous, dira quelque sage cervelle.<br \/>\nEt la peur se corrige-t-elle ?<br \/>\nJe crois m\u00eame qu&rsquo;en bonne foi<br \/>\nLes hommes ont peur comme moi. \u00a0\u00bb<br \/>\nAinsi raisonnait notre Li\u00e8vre,<br \/>\nEt cependant faisait le guet.<br \/>\nIl \u00e9tait douteux, inquiet :<br \/>\nUn souffle, une ombre, un rien, tout lui donnait la fi\u00e8vre.<br \/>\nLe m\u00e9lancolique animal,<br \/>\nEn r\u00eavant \u00e0 cette mati\u00e8re,<br \/>\nEntend un l\u00e9ger bruit : ce lui fut un signal<br \/>\nPour s&rsquo;enfuir devers sa tani\u00e8re.<br \/>\nIl s&rsquo;en alla passer sur le bord d&rsquo;un \u00e9tang.<br \/>\nGrenouilles aussit\u00f4t de sauter dans les ondes ;<br \/>\nGrenouilles de rentrer en leurs grottes profondes.<br \/>\n\u00ab\u00a0Oh! dit-il, j&rsquo;en fais faire autant<br \/>\nQu&rsquo;on m&rsquo;en fait faire ! Ma pr\u00e9sence<br \/>\nEffraie aussi les gens ! je mets l&rsquo;alarme au camp !<br \/>\nEt d&rsquo;o\u00f9 me vient cette vaillance ?<br \/>\nComment ? Des animaux qui tremblent devant moi !<br \/>\nJe suis donc un foudre de guerre !<br \/>\nIl n&rsquo;est, je le vois bien, si poltron sur la terre<br \/>\nQui ne puisse trouver un plus poltron que soi. \u00a0\u00bb<br \/>\n<\/span><\/p>\n<p style=\"margin-left: 28pt;\"><span style=\"color: #c00000; font-family: Arial;\"><em><strong>Le Li\u00e8vre et les Grenouilles<br \/>\n<\/strong>Jean de La Fontaine<br \/>\n<\/em><\/span><\/p>\n<p><span style=\"color: #777777; font-family: Arial;\">Dans une autre fable, La Fontaine parlait de confinement.<br \/>\n<\/span><\/p>\n<p style=\"margin-left: 28pt;\"><span style=\"color: #c00000; font-family: Arial;\">Certain Ours montagnard, ours \u00e0 demi l\u00e9ch\u00e9,<img loading=\"lazy\" decoding=\"async\" class=\"alignright\" src=\"https:\/\/lemotdujour.fr\/wp-content\/uploads\/2020\/10\/102820_2202_Jeudi29octo2.jpg\" alt=\"\" width=\"243\" height=\"345\" align=\"left\" \/><br \/>\nConfin\u00e9 par le Sort dans un bois solitaire,<br \/>\nNouveau Bell\u00e9rophon, vivait seul et cach\u00e9.<br \/>\nIl f\u00fbt devenu fou : la raison d&rsquo;ordinaire<br \/>\nN&rsquo;habite pas longtemps chez les gens s\u00e9questr\u00e9s.<br \/>\nIl est bon de parler, et meilleur de se taire ;<br \/>\nMais tous deux sont mauvais alors qu&rsquo;ils sont outr\u00e9s.<br \/>\nNul animal n&rsquo;avait affaire<br \/>\nDans les lieux que l&rsquo;Ours habitait ;<br \/>\nSi bien que tout Ours qu&rsquo;il \u00e9tait,<br \/>\nIl vint \u00e0 s&rsquo;ennuyer de cette triste vie.<br \/>\nPendant qu&rsquo;il se livrait \u00e0 la m\u00e9lancolie,<br \/>\nNon loin de l\u00e0 certain Vieillard<br \/>\nS&rsquo;ennuyait aussi de sa part.<br \/>\nIl aimait les jardins, \u00e9tait pr\u00eatre de Flore,<br \/>\nIl l&rsquo;\u00e9tait de Pomone encore.<br \/>\nCes deux emplois sont beaux ; mais je voudrais parmi<br \/>\nQuelque doux et discret ami.<br \/>\nLes jardins parlent peu, si ce n&rsquo;est dans mon livre :<br \/>\nDe fa\u00e7on que, lass\u00e9 de vivre<br \/>\nAvec des gens muets, notre homme, un beau matin,<br \/>\nVa chercher compagnie, et se met en campagne.<br \/>\nL&rsquo;Ours, port\u00e9 d&rsquo;un m\u00eame dessein,<br \/>\nVenait de quitter sa montagne.<br \/>\nTous deux, par un cas surprenant,<br \/>\nSe rencontrent en un tournant.<br \/>\nL&rsquo;Homme eut peur : mais comment esquiver ; et que faire ?<br \/>\nSe tirer en Gascon d&rsquo;une semblable affaire<br \/>\nEst le mieux : il sut donc dissimuler sa peur.<br \/>\nL&rsquo;Ours, tr\u00e8s mauvais complimenteur,<br \/>\nLui dit : \u00ab Viens-t&rsquo;en me voir. \u00bb L&rsquo;autre reprit : \u00ab Seigneur,<br \/>\nVous voyez mon logis ; si vous me vouliez faire<br \/>\nTant d&rsquo;honneur que d&rsquo;y prendre un champ\u00eatre repas,<br \/>\nJ&rsquo;ai des fruits, j&rsquo;ai du lait : ce n&rsquo;est peut-\u00eatre pas<br \/>\nDe nos seigneurs les Ours le manger ordinaire ;<br \/>\nMais j&rsquo;offre ce que j&rsquo;ai. \u00bb L&rsquo;Ours l&rsquo;accepte et d&rsquo;aller.<br \/>\nLes voil\u00e0 bons amis avant que d&rsquo;arriver ;<br \/>\nArriv\u00e9s, les voil\u00e0 se trouvant bien ensemble :<br \/>\nEt bien qu&rsquo;on soit, \u00e0 ce qu&rsquo;il semble,<br \/>\nBeaucoup mieux seul qu&rsquo;avec des sots,<br \/>\nComme l&rsquo;Ours en un jour ne disait pas deux mots,<br \/>\nL&rsquo;Homme pouvait sans bruit vaquer \u00e0 son ouvrage.<br \/>\nL&rsquo;Ours allait \u00e0 la chasse, apportait du gibier ;<br \/>\nFaisait son principal m\u00e9tier<br \/>\nD&rsquo;\u00eatre bon \u00e9moucheur ; \u00e9cartait du visage<br \/>\nDe son ami dormant ce parasite ail\u00e9,<br \/>\nQue nous avons mouche appel\u00e9.<br \/>\nUn jour que le Vieillard dormait d&rsquo;un profond somme,<br \/>\nSur le bout de son nez une allant se placer<br \/>\nMit l&rsquo;Ours au d\u00e9sespoir ; il eut beau la chasser.<br \/>\n\u00ab Je t&rsquo;attraperai bien, dit-il, et voici comme. \u00bb<br \/>\nAussit\u00f4t fait que dit : le fid\u00e8le \u00e9moucheur<br \/>\nVous empoigne un pav\u00e9, le lance avec raideur,<br \/>\nCasse la t\u00eate \u00e0 l&rsquo;Homme en \u00e9crasant la mouche ;<br \/>\nEt non moins bon archer que mauvais raisonneur,<br \/>\nRaide mort \u00e9tendu sur la place il le couche.<br \/>\nRien n&rsquo;est si dangereux qu&rsquo;un ignorant ami ;<br \/>\nMieux vaudrait un sage ennemi.<br \/>\n<\/span><\/p>\n<p style=\"margin-left: 28pt;\"><span style=\"color: #c00000; font-family: Arial;\"><strong><em>L&rsquo;ours et l&rsquo;amateur des jardins<br \/>\n<\/em><\/strong>Jean de La Fontaine (1621-1695)<br \/>\n<\/span><\/p>\n<p><span style=\"color: #777777; font-family: Arial;\">Pendant le confinement de la premi\u00e8re vague Fabrice Luchini avait enregistr\u00e9 et diffus\u00e9 sur Instagram des fables de la Fontaines.<br \/>\n<\/span><\/p>\n<p><span style=\"color: #777777; font-family: Arial;\">Un internaute a compil\u00e9 ces enregistrements dans une vid\u00e9o que vous trouverez <a href=\"https:\/\/www.youtube.com\/watch?v=SwRtSh4rczo\"><span style=\"color: #0000ff;\">&lt;ICI&gt;<\/span><\/a><br \/>\n<\/span><\/p>\n<p><span style=\"color: #777777; font-family: Arial;\">La premi\u00e8re fable de cette s\u00e9rie est l&rsquo;ours et l&rsquo;amateur des jardins.<br \/>\n<\/span><\/p>\n<p><span style=\"color: #777777; font-family: Arial;\">Il cite le d\u00e9but du li\u00e8vre et des grenouilles vers la 16<sup>\u00e8me<\/sup> minute.<br \/>\n<\/span><\/p>\n<p><img loading=\"lazy\" decoding=\"async\" class=\"\" src=\"https:\/\/lemotdujour.fr\/wp-content\/uploads\/2020\/10\/102820_2202_Jeudi29octo3.jpg\" alt=\"\" width=\"598\" height=\"486\" \/><span style=\"color: #777777; font-family: Arial;\"><br \/>\n<\/span><\/p>\n<p><span style=\"color: maroon; font-family: Arial;\">&lt;1478&gt;<\/span><\/p>\n","protected":false},"excerpt":{"rendered":"<p>\u00abUn Li\u00e8vre en son g\u00eete songeait (Car que faire en un g\u00eete, \u00e0 moins que l&rsquo;on ne songe ?)\u00a0\u00bb Jean de La Fontaine Nous sommes donc \u00e0 nouveau confin\u00e9s. Et que peut-on, le lendemain, raconter\u00a0? Nous sommes dans notre g\u00eete<\/p>\n","protected":false},"author":1,"featured_media":0,"comment_status":"open","ping_status":"closed","sticky":false,"template":"","format":"standard","meta":{"footnotes":""},"categories":[1],"tags":[23,126,8],"class_list":["post-9943","post","type-post","status-publish","format-standard","hentry","category-motdujour","tag-humour","tag-pandemie","tag-poesie"],"_links":{"self":[{"href":"https:\/\/lemotdujour.fr\/index.php?rest_route=\/wp\/v2\/posts\/9943","targetHints":{"allow":["GET"]}}],"collection":[{"href":"https:\/\/lemotdujour.fr\/index.php?rest_route=\/wp\/v2\/posts"}],"about":[{"href":"https:\/\/lemotdujour.fr\/index.php?rest_route=\/wp\/v2\/types\/post"}],"author":[{"embeddable":true,"href":"https:\/\/lemotdujour.fr\/index.php?rest_route=\/wp\/v2\/users\/1"}],"replies":[{"embeddable":true,"href":"https:\/\/lemotdujour.fr\/index.php?rest_route=%2Fwp%2Fv2%2Fcomments&post=9943"}],"version-history":[{"count":2,"href":"https:\/\/lemotdujour.fr\/index.php?rest_route=\/wp\/v2\/posts\/9943\/revisions"}],"predecessor-version":[{"id":9945,"href":"https:\/\/lemotdujour.fr\/index.php?rest_route=\/wp\/v2\/posts\/9943\/revisions\/9945"}],"wp:attachment":[{"href":"https:\/\/lemotdujour.fr\/index.php?rest_route=%2Fwp%2Fv2%2Fmedia&parent=9943"}],"wp:term":[{"taxonomy":"category","embeddable":true,"href":"https:\/\/lemotdujour.fr\/index.php?rest_route=%2Fwp%2Fv2%2Fcategories&post=9943"},{"taxonomy":"post_tag","embeddable":true,"href":"https:\/\/lemotdujour.fr\/index.php?rest_route=%2Fwp%2Fv2%2Ftags&post=9943"}],"curies":[{"name":"wp","href":"https:\/\/api.w.org\/{rel}","templated":true}]}}