{"id":994,"date":"2015-02-05T01:00:00","date_gmt":"2015-02-04T22:00:00","guid":{"rendered":"http:\/\/lemotdujour.fr\/?p=994"},"modified":"2017-05-08T13:24:40","modified_gmt":"2017-05-08T11:24:40","slug":"jeudi-5-fevrier-2015","status":"publish","type":"post","link":"https:\/\/lemotdujour.fr\/?p=994","title":{"rendered":"Jeudi 5 F\u00e9vrier 2015"},"content":{"rendered":"<div class=\"mdjDate\">Jeudi 5 F\u00e9vrier 2015<\/div>\n<div class=\"mdjTexte\">\u00ab Science sans conscience n&rsquo;est que ruine de l&rsquo;\u00e2me \u00bb<\/div>\n<div class=\"mdjAuteur\">Rabelais <a href=\"http:\/\/fr.wikisource.org\/wiki\/Page%3ARabelais_-_Pantagruel%2C_ca_1530.djvu\/42\">&lt;dans Pantagruel&gt;<\/a><\/div>\n<div class=\"mdjComplements\">Dans le mot du jour d&rsquo;hier, G\u00e9rard Berry \u00e9voquait son scepticisme quant \u00e0 la possibilit\u00e9 d&rsquo;une vraie intelligence artificielle.<\/div>\n<div class=\"mdjComplements\">Il faut se rendre \u00e0 l&rsquo;\u00e9vidence que son point de vue n&rsquo;est pas largement partag\u00e9e.<\/div>\n<div class=\"mdjComplements\">Beaucoup de \u00ab sachant \u00bb la croit non seulement possible mais surtout sont inquiets sur de telles perspectives.<\/div>\n<div class=\"mdjComplements\">Ainsi, apr\u00e8s le chercheur Stephen Hawking et Elon Musk le pr\u00e9sident de l&rsquo;entreprise am\u00e9ricaine TESLA qui con\u00e7oit et fabrique des v\u00e9hicules \u00e9lectriques haut de gamme, c&rsquo;est au tour de Bill Gates de demander \u00e0 ce que chacun r\u00e9fl\u00e9chisse aux progr\u00e8s de l&rsquo;intelligence artificielle. <\/div>\n<div class=\"mdjComplements\">Le fondateur de Microsoft confie son inqui\u00e9tude sur le sujet et consid\u00e8re que l&rsquo;utilisation de ce type de technologie doit provoquer des r\u00e9flexions en chacun de nous. <\/div>\n<div class=\"mdjComplements\">Interrog\u00e9 dans le cadre d&rsquo;une session de questions\/r\u00e9ponses organis\u00e9e sur le site Reddit, Bill Gates explique : \u00ab Je suis dans le camp de ceux qui se pr\u00e9occupent de l&rsquo;\u00e9volution des super intelligences. Tout d&rsquo;abord, les machines ex\u00e9cuteront de nombreuses t\u00e2ches \u00e0 notre place et n&rsquo;auront pas besoin d&rsquo;\u00eatre r\u00e9ellement dot\u00e9es d&rsquo;une intelligence redoutable. Ce doit donc \u00eatre un mouvement positif si nous les g\u00e9rons correctement. Mais plusieurs d\u00e9cennies apr\u00e8s, cette m\u00eame intelligence sera suffisamment puissante pour qu&rsquo;elle repr\u00e9sente un probl\u00e8me. Je suis donc totalement en accord avec les propos d&rsquo;Elon Musk et d&rsquo;autres \u00e0 ce sujet, et je ne comprends d&rsquo;ailleurs pas pourquoi certaines personnes ne s&rsquo;en pr\u00e9occupent pas \u00bb.<\/div>\n<div class=\"mdjComplements\">L&rsquo;ancien dirigeant de Microsoft souhaite donc que les progr\u00e8s futurs de l&rsquo;intelligence artificielle puissent \u00eatre observ\u00e9s et \u00e9ventuellement interrog\u00e9s. Il consid\u00e8re cependant la technologie comme un \u00e9l\u00e9ment important de nos soci\u00e9t\u00e9s.<\/div>\n<div class=\"mdjComplements\">Des inqui\u00e9tudes d\u00e9j\u00e0 formul\u00e9es par Stephen Hawking ou Elon Musk<\/div>\n<div class=\"mdjComplements\">Dans une tribune co-sign\u00e9e avec trois autres scientifiques, le physicien Stephen Hawking a formul\u00e9 cette ann\u00e9e des inqui\u00e9tudes similaires au sujet du d\u00e9veloppement des intelligences artificielles. Leurs propos, repris dans la presse britannique, \u00e9voquaient les r\u00e9alisations actuelles comme des \u00e9l\u00e9ments qui \u00ab feront sans doute p\u00e2le figure par rapport \u00e0 ce que les prochaines d\u00e9cennies apporteront \u00bb<\/div>\n<div class=\"mdjComplements\">\u00ab On peut imaginer que cette technologie soit capable de d\u00e9jouer les march\u00e9s financiers, de d\u00e9passer les scientifiques humains, de manipuler les dirigeants et d\u00e9velopper des armes qu&rsquo;on ne puisse pas comprendre. L&rsquo;incidence \u00e0 court terme de l&rsquo;intelligence artificielle d\u00e9pend de celui qui la contr\u00f4le, mais, \u00e0 long terme, cela d\u00e9pend de la possibilit\u00e9 concr\u00e8te de la contr\u00f4ler \u00bb, ajoutaient les chercheurs.<\/div>\n<div class=\"mdjComplements\">Plus r\u00e9cemment, Elon Musk, a \u00e9galement livr\u00e9 ses inqui\u00e9tudes \u00e0 ce sujet. Le dirigeant de Tesla et SpaceX expliquait qu&rsquo;avec l&rsquo;intelligence artificielle, \u00ab nous invoquons un d\u00e9mon. Dans toutes les histoires mettant en sc\u00e8ne un type avec un pentagramme et de l&rsquo;eau b\u00e9nite, il est s\u00fbr et certain qu&rsquo;il va pouvoir contr\u00f4ler le d\u00e9mon. Sauf qu&rsquo;il n&rsquo;y arrive pas. \u00bb L\u00e0 encore, l&rsquo;entrepreneur en appelait \u00e0 la prudence.<\/div>\n<div class=\"mdjComplements\"><a href=\"http:\/\/www.clubic.com\/mag\/culture\/actualite-752143-bill-gates-intelligence-artificielle.html\">&lt;Ici l&rsquo;article \u00e9voquant ces craintes de Bill Gates&gt;<\/a><\/div>\n<div class=\"mdjComplements\">Pour l&rsquo;instant, il semblerait que nous pouvons continuer \u00e0 traiter notre ordinateur d&rsquo;abruti (cf. le mot du jour du 4 f\u00e9vrier) mais pour combien de temps encore ?<\/div>\n","protected":false},"excerpt":{"rendered":"<p>Jeudi 5 F\u00e9vrier 2015 \u00ab Science sans conscience n&rsquo;est que ruine de l&rsquo;\u00e2me \u00bb Rabelais &lt;dans Pantagruel&gt; Dans le mot du jour d&rsquo;hier, G\u00e9rard Berry \u00e9voquait son scepticisme quant \u00e0 la possibilit\u00e9 d&rsquo;une vraie intelligence artificielle. Il faut se rendre<\/p>\n","protected":false},"author":1,"featured_media":0,"comment_status":"closed","ping_status":"closed","sticky":false,"template":"","format":"standard","meta":{"footnotes":""},"categories":[1],"tags":[],"class_list":["post-994","post","type-post","status-publish","format-standard","hentry","category-motdujour"],"_links":{"self":[{"href":"https:\/\/lemotdujour.fr\/index.php?rest_route=\/wp\/v2\/posts\/994","targetHints":{"allow":["GET"]}}],"collection":[{"href":"https:\/\/lemotdujour.fr\/index.php?rest_route=\/wp\/v2\/posts"}],"about":[{"href":"https:\/\/lemotdujour.fr\/index.php?rest_route=\/wp\/v2\/types\/post"}],"author":[{"embeddable":true,"href":"https:\/\/lemotdujour.fr\/index.php?rest_route=\/wp\/v2\/users\/1"}],"replies":[{"embeddable":true,"href":"https:\/\/lemotdujour.fr\/index.php?rest_route=%2Fwp%2Fv2%2Fcomments&post=994"}],"version-history":[{"count":1,"href":"https:\/\/lemotdujour.fr\/index.php?rest_route=\/wp\/v2\/posts\/994\/revisions"}],"predecessor-version":[{"id":995,"href":"https:\/\/lemotdujour.fr\/index.php?rest_route=\/wp\/v2\/posts\/994\/revisions\/995"}],"wp:attachment":[{"href":"https:\/\/lemotdujour.fr\/index.php?rest_route=%2Fwp%2Fv2%2Fmedia&parent=994"}],"wp:term":[{"taxonomy":"category","embeddable":true,"href":"https:\/\/lemotdujour.fr\/index.php?rest_route=%2Fwp%2Fv2%2Fcategories&post=994"},{"taxonomy":"post_tag","embeddable":true,"href":"https:\/\/lemotdujour.fr\/index.php?rest_route=%2Fwp%2Fv2%2Ftags&post=994"}],"curies":[{"name":"wp","href":"https:\/\/api.w.org\/{rel}","templated":true}]}}