{"id":9937,"date":"2020-10-28T00:58:41","date_gmt":"2020-10-27T23:58:41","guid":{"rendered":"http:\/\/lemotdujour.fr\/?p=9937"},"modified":"2022-02-15T22:23:34","modified_gmt":"2022-02-15T21:23:34","slug":"mercredi-28-octobre-2020","status":"publish","type":"post","link":"https:\/\/lemotdujour.fr\/?p=9937","title":{"rendered":"Mercredi 28 octobre 2020"},"content":{"rendered":"<div class=\"mdjTexte\">\u00abNous sommes bien seuls pour d\u00e9fendre notre conception de la libert\u00e9 d&rsquo;expression.\u00bb<\/div>\n<div class=\"mdjAuteur\">Le Monde ne comprend pas la France<\/div>\n<p><span style=\"color: #777777; font-family: Arial;\">Je ne m&rsquo;arr\u00eaterai pas aux \u00e9ructations d&rsquo;Erdogan qui poursuit d&rsquo;autres projets que la simple d\u00e9fense des musulmans \u00ab maltrait\u00e9s&nbsp; en France \u00bb.<br \/>\n<\/span><\/p>\n<p><span style=\"color: #777777; font-family: Arial;\">L&rsquo;Elys\u00e9e a vivement r\u00e9agi aux insultes du sultan de Turquie et a rappel\u00e9 son ambassadeur d&rsquo;Ankara, un geste diplomatique tr\u00e8s fort, le pr\u00e9c\u00e9dent <span style=\"color: #0000ff;\"><a style=\"color: #0000ff;\" href=\"https:\/\/www.lemonde.fr\/international\/article\/2020\/10\/26\/entre-emmanuel-macron-et-recep-tayyip-erdogan-les-relations-n-ont-jamais-ete-aussi-delitees_6057354_3210.html\">date de 1901<\/a>.<\/span><br \/>\n<\/span><\/p>\n<p><span style=\"color: #777777; font-family: Arial;\">La Pr\u00e9sidence Fran\u00e7aise a aussi dress\u00e9 le constat de&nbsp;:<br \/>\n<\/span><\/p>\n<p style=\"margin-left: 28pt;\"><span style=\"color: #c00000; font-family: Arial;\">\u00ab&nbsp;L&rsquo;absence de toute marque officielle de condamnation ou de solidarit\u00e9 des autorit\u00e9s turques apr\u00e8s l&rsquo;attentat terroriste de Conflans-Sainte-Honorine&nbsp;\u00bb<br \/>\n<\/span><\/p>\n<p><span style=\"color: #777777; font-family: Arial;\">Mais c&rsquo;est une vague de fond dans les pays musulmans contre notre libert\u00e9 de critiquer et de se moquer de toutes les religions.<br \/>\n<\/span><\/p>\n<p><span style=\"color: #777777; font-family: Arial;\">Il n&rsquo;existe pas une hi\u00e9rarchie sunnite, ni quelque chose d&rsquo;\u00e9quivalent au Pape dans l&rsquo;islam sunnite. Cependant l&rsquo;Universit\u00e9 d&rsquo;Al-Azhar du Caire qui est une institution islamique sunnite d&rsquo;enseignement, a commenc\u00e9 sa mission en 988, elle est l&rsquo;un des plus anciens lieux d&rsquo;enseignement islamiques au monde et constitue une r\u00e9f\u00e9rence.<br \/>\n<\/span><\/p>\n<p><span style=\"color: #777777; font-family: Arial;\">&lt;<span style=\"color: #0000ff;\"><a style=\"color: #0000ff;\" href=\"https:\/\/fr.wikipedia.org\/wiki\/Universit%C3%A9_al-Azhar\">Wikipedia<\/a><\/span>&gt; pr\u00e9cise que&nbsp;:<br \/>\n<\/span><\/p>\n<p style=\"margin-left: 28pt;\"><span style=\"color: #c00000; font-family: Arial;\">\u00ab&nbsp;Selon l&rsquo;article 2 de cette loi, al-Azhar \u00ab est un organisme savant islamique qui cherche \u00e0 pr\u00e9server, \u00e0 \u00e9tudier, \u00e0 divulguer et \u00e0 diffuser le patrimoine islamique, \u00e0 diffuser le message islamique qui a \u00e9t\u00e9 confi\u00e9, \u00e0 tous les peuples et \u00e0 le promouvoir, \u00e0 montrer l&rsquo;islam et son influence sur le progr\u00e8s de l&rsquo;humanit\u00e9, le d\u00e9veloppement de la civilisation, le maintien de la paix, la tranquillit\u00e9 et la paix d&rsquo;esprit de tous les peuples, ici et maintenant\u00bb.<br \/>\n<\/span><\/p>\n<p><span style=\"color: #777777; font-family: Arial;\">Cette Universit\u00e9 est pr\u00e9sid\u00e9e par cheikh Ahmed al-Tayeb qui a condamn\u00e9 mardi 20 octobre la d\u00e9capitation d&rsquo;un professeur en France, \u00ab un acte criminel odieux\u00bb mais il a tout de suite ajout\u00e9 qu&rsquo;insulter les religions au nom de la libert\u00e9 d&rsquo;expression constitue \u00abun appel \u00e0 la haine\u00bb.<br \/>\n<\/span><\/p>\n<p><span style=\"color: #777777; font-family: Arial;\">&lt;<span style=\"color: #0000ff;\"><a style=\"color: #0000ff;\" href=\"https:\/\/www.lefigaro.fr\/flash-actu\/assassinat-de-samuel-paty-pour-le-grand-imam-d-al-azhar-insulter-les-religions-c-est-un-appel-a-la-haine-20201020\">Le Figaro<\/a><\/span>&gt; pr\u00e9cise que<br \/>\n<\/span><\/p>\n<p style=\"margin-left: 28pt;\"><span style=\"color: #c00000; font-family: Arial;\">\u00ab&nbsp;Il s&rsquo;exprimait \u00e0 distance dans un discours lu \u00e0 Rome, sur la c\u00e9l\u00e8bre place du Capitole, devant un prestigieux parterre de leaders religieux du christianisme, du juda\u00efsme et du bouddhisme &#8211; dont le pape Fran\u00e7ois, le patriarche oecum\u00e9nique Bartholom\u00e9e ou encore le grand rabbin de France Ha\u00efm Korsia- qui se sont retrouv\u00e9s mardi pour signer un appel commun \u00e0 la paix.<br \/>\n<\/span><\/p>\n<p style=\"margin-left: 28pt;\"><span style=\"color: #c00000; font-family: Arial;\">\u00abEn tant que musulman et grand imam d&rsquo;Al-Azhar, je d\u00e9clare que l&rsquo;islam, ses enseignements et son proph\u00e8te n&rsquo;ont rien \u00e0 voir avec cet acte criminel odieux\u00bb, d\u00e9clare en arabe le grand imam sunnite dans ce discours. \u00abDans le m\u00eame temps, j&rsquo;insiste sur le fait qu&rsquo;insulter des religions et attaquer leurs symboles sacr\u00e9s au nom de la libert\u00e9 d&rsquo;expression est un double standard intellectuel et un appel \u00e0 la haine\u00bb, a-t-il ajout\u00e9.<br \/>\n<\/span><\/p>\n<p style=\"margin-left: 28pt;\"><span style=\"color: #c00000; font-family: Arial;\">\u00abCe terroriste ne repr\u00e9sente pas la religion du proph\u00e8te Mahomet\u00bb, a encore comment\u00e9 le grand imam d&rsquo;Al-Azhar, dans son discours traduit de l&rsquo;arabe par l&rsquo;AFP. L&rsquo;institution islamique sunnite avait qualifi\u00e9 d\u00e9but septembre d&rsquo;\u00abacte criminel\u00bb la r\u00e9\u00e9dition en une du journal fran\u00e7ais Charlie Hebdo des caricatures du proph\u00e8te Mahomet \u00e0 l&rsquo;occasion du proc\u00e8s des attentats djihadistes de janvier 2015 en France.<br \/>\n<\/span><\/p>\n<p style=\"margin-left: 28pt;\"><span style=\"color: #c00000; font-family: Arial;\">Et en octobre elle avait jug\u00e9 \u00ab raciste \u00bb le discours du pr\u00e9sident fran\u00e7ais Emmanuel Macron contre le \u00ab s\u00e9paratisme islamiste \u00bb, d\u00e9non\u00e7ant des \u00ab accusations \u00bb visant l&rsquo;islam.\u00bb<br \/>\n<\/span><\/p>\n<p><span style=\"color: #777777; font-family: Arial;\">C&rsquo;est tr\u00e8s clair, il ne fallait pas tuer, mais car il y a toujours un mais ce n&rsquo;est pas bien ce que fait, ce que dit la France sur le rire, la caricature et l&rsquo;humour sur les religions. Car il s&rsquo;agit bien de la France, Samuel Paty dans son enseignement \u00e9tait le digne repr\u00e9sentant des valeurs de la France. Cela cr\u00e9e bien sur une ambiance, un climat dans lequel des illumin\u00e9s pensent qu&rsquo;ils peuvent passer \u00e0 des actes violents.<br \/>\n<\/span><\/p>\n<p><span style=\"color: #777777; font-family: Arial;\">Par ailleurs, cheikh Ahmed al-Tayeb a exprim\u00e9 <a href=\"https:\/\/www.franceinter.fr\/emissions\/geopolitique\/geopolitique-20-octobre-2020\"><span style=\"color: #0000ff;\">une demande bien pr\u00e9cise<\/span>&nbsp;<\/a>: l&rsquo;adoption d&rsquo;une l\u00e9gislation mondiale sur la \u00ab&nbsp;<span style=\"color: #c00000;\">diffamation des religions et de leurs symboles sacr\u00e9s<span style=\"color: #777777;\">&nbsp;\u00bb<br \/>\n<\/span><\/span><\/span><\/p>\n<p><span style=\"color: #777777; font-family: Arial;\">Je ne me lasserai pas de rappeler que si dans la d\u00e9claration universelle des droits de l&rsquo;homme, il n&rsquo;a pas \u00e9t\u00e9 mentionn\u00e9 qu&rsquo;on avait le droit de changer de religion c&rsquo;est en raison de l&rsquo;opposition de pays musulmans.<br \/>\n<\/span><\/p>\n<p><span style=\"color: #777777; font-family: Arial;\">Dans ces domaines nous ne sommes vraiment pas dans le m\u00eame camp.<br \/>\n<\/span><\/p>\n<p><span style=\"color: #777777; font-family: Arial;\">Quand sur Twitter, imm\u00e9diatement apr\u00e8s l&rsquo;assassinat de Samuel Paty, j&rsquo;ai r\u00e9agi pour d\u00e9fendre nos valeurs et notre libert\u00e9, tout de suite quelqu&rsquo;un a r\u00e9agi en me r\u00e9pondant<br \/>\n<\/span><\/p>\n<p style=\"margin-left: 28pt;\"><span style=\"color: #c00000; font-family: Arial;\">\u00ab&nbsp;Qu&rsquo;est ce que tu dirais, si on pissait sur ton proph\u00e8te&nbsp;?&nbsp;\u00bb<br \/>\n<\/span><\/p>\n<p><span style=\"color: #777777; font-family: Arial;\">D\u00e8s lors, on constate que notre position n&rsquo;est pas admise dans beaucoup de pays musulmans.<br \/>\n<\/span><\/p>\n<p><span style=\"color: #777777; font-family: Arial;\">Et c&rsquo;est ainsi que \u00ab&nbsp;<strong>Le Monde<\/strong>&nbsp;\u00bb a publi\u00e9 ce mardi un article&nbsp;: \u00ab&nbsp;<a href=\"https:\/\/www.lemonde.fr\/international\/article\/2020\/10\/27\/colere-grandissante-du-monde-musulman-contre-emmanuel-macron_6057541_3210.html\"><span style=\"color: #0000ff;\">Col\u00e8re grandissante du monde musulman contre Macron<\/span>&nbsp;<\/a>\u00bb. M\u00eame les opposants de Macron doivent comprendre qu&rsquo;ici il n&rsquo;est pas question de l&rsquo;homme politique qu&rsquo;ils combattent mais du Pr\u00e9sident de la R\u00e9publique que les manifestants voient comme l&rsquo;image de la France.<br \/>\n<\/span><\/p>\n<p><span style=\"color: #777777; font-family: Arial;\">L&rsquo;Arabie saoudite ce pays de l&rsquo;intol\u00e9rance et des m\u0153urs archa\u00efques ne se tait pas&nbsp;:<br \/>\n<\/span><\/p>\n<p style=\"margin-left: 28pt;\"><span style=\"color: #c00000; font-family: Arial;\">\u00ab&nbsp;Consid\u00e9r\u00e9e comme une alli\u00e9e de la France, l&rsquo;Arabie saoudite a condamn\u00e9 \u00e0 son tour les repr\u00e9sentations jug\u00e9es offensantes du proph\u00e8te Mahomet, rapporte l&rsquo;agence Reuters.&nbsp;\u00bb<br \/>\n<\/span><\/p>\n<p><span style=\"color: #777777; font-family: Arial;\">Au Bangladesh,<br \/>\n<\/span><\/p>\n<p style=\"margin-left: 28pt;\"><span style=\"color: #c00000; font-family: Arial;\">\u00ab&nbsp;Des dizaines de milliers de personnes ont manifest\u00e9 mardi \u00e0 Dacca, appelant au boycott des produits fran\u00e7ais et br\u00fblant une effigie d&rsquo;Emmanuel Macron [\u2026]. Selon la police, plus de 40 000 personnes ont particip\u00e9 \u00e0 cette marche organis\u00e9e par l&rsquo;Islami Andolan Bangladesh (IAB), l&rsquo;un des principaux partis islamistes bangladais [\u2026] \u00ab Macron fait partie des quelques dirigeants qui adorent Satan \u00bb, a d\u00e9clar\u00e9 \u00e0 la foule rassembl\u00e9e \u00e0 la mosqu\u00e9e Baitul Mukarram un haut responsable de l&rsquo;IAB, Ataur Rahman. Il a appel\u00e9 le gouvernement bangladais \u00e0 \u00ab mettre dehors \u00bb l&rsquo;ambassadeur fran\u00e7ais. Un autre dirigeant islamiste, Hasan Jamal, a pour sa part, d\u00e9clar\u00e9 que les protestataires allaient \u00ab mettre \u00e0 terre chaque brique \u00bb de l&rsquo;ambassade si l&rsquo;ambassadeur n&rsquo;\u00e9tait pas renvoy\u00e9.&nbsp;\u00bb<br \/>\n<\/span><\/p>\n<p><span style=\"color: #777777; font-family: Arial;\">Et aux Emirats&nbsp;:<br \/>\n<\/span><\/p>\n<p style=\"margin-left: 28pt;\"><span style=\"color: #c00000; font-family: Arial;\">\u00ab&nbsp;Le Conseil des sages musulmans, sis \u00e0 Abou Dhabi, a, de son c\u00f4t\u00e9, annonc\u00e9 son intention de poursuivre Charlie Hebdo. Ce conseil, regroupant des dignitaires musulmans de divers pays, \u00ab a d\u00e9cid\u00e9 de mettre en place un comit\u00e9 de juristes internationaux pour poursuivre en justice Charlie Hebdo \u00bb, fait savoir un tweet publi\u00e9 mardi sur le compte de l&rsquo;institution sunnite Al-Azhar, situ\u00e9e au Caire. Le conseil, pr\u00e9sid\u00e9 par le grand imam d&rsquo;Al-Azhar, affirme qu&rsquo;il envisage \u00e9galement de \u00ab poursuivre en justice quiconque offense l&rsquo;islam et ses symboles sacr\u00e9s \u00bb.<br \/>\n<\/span><\/p>\n<p style=\"margin-left: 28pt;\"><span style=\"color: #c00000; font-family: Arial;\">\u00ab La libert\u00e9 d&rsquo;expression (\u2026) doit respecter les droits d&rsquo;autrui et ne devrait pas permettre d&rsquo;utiliser les religions dans les march\u00e9s de la politique ou dans la propagande \u00e9lectorale \u00bb, affirme le conseil.&nbsp;\u00bb<br \/>\n<\/span><\/p>\n<p><span style=\"color: #777777; font-family: Arial;\">Et en Alg\u00e9rie&nbsp;:<br \/>\n<\/span><\/p>\n<p style=\"margin-left: 28pt;\"><span style=\"color: #c00000; font-family: Arial;\">\u00ab&nbsp;D\u00e9capitation de Samuel Paty : le Haut Conseil Islamique alg\u00e9rien condamne la campagne \u00ab\u00a0enrag\u00e9e\u00a0\u00bb contre la \u00ab&nbsp;religion de paix&nbsp;\u00bb et fustige les \u00ab&nbsp;d\u00e9prav\u00e9s qui pr\u00e9tendent s&rsquo;exprimer au nom de la libert\u00e9 d&rsquo;expression&nbsp;\u00bb&nbsp;\u00bb<br \/>\n<\/span><\/p>\n<p><span style=\"color: #777777; font-family: Arial;\">Devant cette d\u00e9ferlante sommes nous soutenus par les pays occidentaux ?<br \/>\n<\/span><\/p>\n<p><span style=\"color: #777777; font-family: Arial;\">Certes ils condamnent tous l&rsquo;acte terroriste, mais ils ne soutiennent pas la libert\u00e9 d&rsquo;expression \u00e0 la Fran\u00e7aise.<br \/>\n<\/span><\/p>\n<p><span style=\"color: #777777; font-family: Arial;\">Les pires sont certainement les am\u00e9ricains.<br \/>\n<\/span><\/p>\n<p><span style=\"color: #777777; font-family: Arial;\">Imm\u00e9diatement apr\u00e8s l&rsquo;assassinat de Samuel Paty a circul\u00e9 sur la toile cette photo d&rsquo;un texte sens\u00e9 avoir \u00e9t\u00e9 publi\u00e9 par le New York Times<br \/>\n<\/span><\/p>\n<p><img loading=\"lazy\" decoding=\"async\" class=\"alignleft\" src=\"https:\/\/lemotdujour.fr\/wp-content\/uploads\/2020\/10\/102720_2336_LundiXXmai21.png\" alt=\"\" width=\"386\" height=\"340\" align=\"left\"><span style=\"color: #777777; font-family: Arial;\">Mais le site &lt;<span style=\"color: #0000ff;\"><a style=\"color: #0000ff;\" href=\"https:\/\/www.lemonde.fr\/les-decodeurs\/article\/2015\/11\/15\/attentats-le-beau-texte-du-new-york-times-etait-en-fait-un-commentaire_4810332_4355770.html?fbclid=IwAR1iCjHUavYURRcLorZA9GzJnw3YxQkXYKswvCZfftG8uY7a7P1oL3KH2c0\">Des d\u00e9codeurs<\/a>&gt;<\/span> du Monde nous apprend que ce texte est de 2015 et&nbsp;:<br \/>\n<\/span><\/p>\n<p><span style=\"color: #777777; font-family: Arial;\">\u00ab&nbsp;<span style=\"color: #c00000; \">Ce joli texte de soutien \u00e0 la France, dont on a pu lire qu&rsquo;il \u00e9tait extrait d&rsquo;un \u00e9ditorial, est en fait un commentaire publi\u00e9 dans la nuit de vendredi \u00e0 samedi sur le site du New York Times&nbsp;\u00bb<span style=\"color: #777777;\"><br \/>\n<\/span><\/span><\/span><\/p>\n<p><span style=\"color: #777777; font-family: Arial;\">Ainsi le New York Times officiel <span style=\"color: #0000ff;\"><a style=\"color: #0000ff;\" href=\"https:\/\/www.midilibre.fr\/2020\/10\/19\/professeur-decapite-le-titre-du-new-york-times-qui-victimise-le-tueur-fait-scandale-9149662.php\">a titr\u00e9<\/a> <\/span>apr\u00e8s l&rsquo;attentat terroriste&nbsp;:<br \/>\n<\/span><\/p>\n<p style=\"margin-left: 28pt;\"><span style=\"color: #c00000; font-family: Arial;\">\u00ab&nbsp;<strong>La police fran\u00e7aise tire et tue un homme apr\u00e8s une attaque mortelle au couteau dans la rue&nbsp;\u00bb<\/strong><br \/>\n<\/span><\/p>\n<p><span style=\"color: #777777; font-family: Arial;\">Ce journal r\u00e9put\u00e9 de gauche et progressiste a donc traduit ce qui s&rsquo;est pass\u00e9 \u00e0 Conflans saint Honorine comme une vulgaire bavure polici\u00e8re.<br \/>\n<\/span><\/p>\n<p><span style=\"color: #777777; font-family: Arial;\">La victime principale semble \u00eatre le terroriste tch\u00e9tch\u00e8ne.<br \/>\n<\/span><\/p>\n<p><span style=\"color: #777777; font-family: Arial;\">Heureusement que des am\u00e9ricains ont protest\u00e9. Ainsi une journaliste am\u00e9ricaine Claire Lehmann a twitt\u00e9&nbsp;:<br \/>\n<\/span><\/p>\n<p style=\"margin-left: 28pt;\"><span style=\"color: #c00000; font-family: Arial;\">\u00ab&nbsp;Un professeur de coll\u00e8ge est d\u00e9capit\u00e9 pour avoir blasph\u00e9m\u00e9 en France \u2013 la plus la\u00efque des nations \u2013 et le New York Times titre comme cela&nbsp;\u00bb<br \/>\n<\/span><\/p>\n<p><span style=\"color: #777777; font-family: Arial;\">Alors le New York Times a fait un effort et a modifi\u00e9 son titre&nbsp;:<br \/>\n<\/span><\/p>\n<p style=\"margin-left: 28pt;\"><span style=\"color: #c00000; font-family: Arial;\">\u00ab&nbsp;La police fran\u00e7aise tue un homme qui venait de d\u00e9capiter un professeur dans la rue&nbsp;\u00bb<br \/>\n<\/span><\/p>\n<p><span style=\"color: #777777; font-family: Arial;\">Est-ce vraiment mieux&nbsp;?<br \/>\n<\/span><\/p>\n<p><span style=\"color: #777777; font-family: Arial;\">Le point essentiel reste que la police a tu\u00e9 un homme.<br \/>\n<\/span><\/p>\n<p><span style=\"color: #777777; font-family: Arial;\">Ce titre r\u00e9v\u00e8le bien sur la condamnation sur le fond. <\/span><span style=\"color: #777777; font-family: Arial;\">Le New York Times est d\u00e9sormais totalement paralys\u00e9 par le risque de pouvoir choquer, blesser une communaut\u00e9 particuli\u00e8re qu&rsquo;il <span style=\"color: #0000ff;\"><a style=\"color: #0000ff;\" href=\"https:\/\/www.courrierinternational.com\/article\/etats-unis-la-fin-du-dessin-de-presse-au-new-york-times-symbole-dune-liberte-attaquee\">a renonc\u00e9 de publier des dessins de Presse,<\/a><\/span><br \/>\n<\/span><\/p>\n<p><span style=\"color: #777777; font-family: Arial;\">Il n&rsquo;est pas isol\u00e9, cette vision est celle de la plupart des m\u00e9dias que nous pensons progressistes aux Etats-Unis.<br \/>\n<\/span><\/p>\n<p><span style=\"color: #777777; font-family: Arial;\">Bien s\u00fbr, il existe au sein m\u00eame du monde musulman des hommes et des femmes qui se l\u00e8vent et soutiennent la France&nbsp;: Kamel Daoud, Boualem Sansal.<br \/>\n<\/span><\/p>\n<p><span style=\"color: #777777; font-family: Arial;\">Mais globalement l&rsquo;air du monde ne sent pas bon.<br \/>\n<\/span><\/p>\n<p><span style=\"color: #777777; font-family: Arial;\">Le plus probable c&rsquo;est que par l\u00e2chet\u00e9, par lassitude, pour l&rsquo;\u00e9conomie nous allons nous coucher. <\/span><span style=\"color: #777777; font-family: Arial;\">Il n&rsquo;y aura plus de caricature, plus que des critiques tr\u00e8s mod\u00e9r\u00e9s de ces machines religieuses qu&rsquo;on n&rsquo;aurait pas le droit de blesser.<br \/>\n<\/span><\/p>\n<p><span style=\"color: #777777; font-family: Arial;\">Je le regrette profond\u00e9ment, les pays dans lesquels la religion est religion d\u2019\u00c9tat que ce soit dans le pass\u00e9 ou aujourd&rsquo;hui, ne sont pas des pays o\u00f9 il fait bon vivre, rire et r\u00e9fl\u00e9chir.<br \/>\n<\/span><\/p>\n<p><span style=\"color: #777777; font-family: Arial;\">Vous pouvez lire avec beaucoup d&rsquo;int\u00e9r\u00eat ce bel entretien de Caroline Fourest&nbsp;:<br \/>\n<\/span><\/p>\n<p><span style=\"color: #777777; font-family: Arial;\">\u00ab&nbsp;<a href=\"https:\/\/www.lexpress.fr\/actualite\/idees-et-debats\/caroline-fourest-nous-sommes-l-un-des-rares-pays-a-regarder-le-fanatisme-dans-les-yeux_2136903.html\"><span style=\"color: #0000ff;\">Nous sommes l&rsquo;un des rares pays \u00e0 regarder le fanatisme dans les yeux<\/span>&nbsp;<\/a>\u00bb<br \/>\n<\/span><\/p>\n<p><span style=\"color: maroon; font-family: Arial;\">&lt;1477&gt;<\/span><\/p>\n","protected":false},"excerpt":{"rendered":"<p>\u00abNous sommes bien seuls pour d\u00e9fendre notre conception de la libert\u00e9 d&rsquo;expression.\u00bb Le Monde ne comprend pas la France Je ne m&rsquo;arr\u00eaterai pas aux \u00e9ructations d&rsquo;Erdogan qui poursuit d&rsquo;autres projets que la simple d\u00e9fense des musulmans \u00ab maltrait\u00e9s&nbsp; en France<\/p>\n","protected":false},"author":1,"featured_media":0,"comment_status":"open","ping_status":"closed","sticky":false,"template":"","format":"standard","meta":{"footnotes":""},"categories":[1],"tags":[109,23,86,34],"class_list":["post-9937","post","type-post","status-publish","format-standard","hentry","category-motdujour","tag-geopolitique","tag-humour","tag-islam","tag-religion"],"_links":{"self":[{"href":"https:\/\/lemotdujour.fr\/index.php?rest_route=\/wp\/v2\/posts\/9937","targetHints":{"allow":["GET"]}}],"collection":[{"href":"https:\/\/lemotdujour.fr\/index.php?rest_route=\/wp\/v2\/posts"}],"about":[{"href":"https:\/\/lemotdujour.fr\/index.php?rest_route=\/wp\/v2\/types\/post"}],"author":[{"embeddable":true,"href":"https:\/\/lemotdujour.fr\/index.php?rest_route=\/wp\/v2\/users\/1"}],"replies":[{"embeddable":true,"href":"https:\/\/lemotdujour.fr\/index.php?rest_route=%2Fwp%2Fv2%2Fcomments&post=9937"}],"version-history":[{"count":3,"href":"https:\/\/lemotdujour.fr\/index.php?rest_route=\/wp\/v2\/posts\/9937\/revisions"}],"predecessor-version":[{"id":13154,"href":"https:\/\/lemotdujour.fr\/index.php?rest_route=\/wp\/v2\/posts\/9937\/revisions\/13154"}],"wp:attachment":[{"href":"https:\/\/lemotdujour.fr\/index.php?rest_route=%2Fwp%2Fv2%2Fmedia&parent=9937"}],"wp:term":[{"taxonomy":"category","embeddable":true,"href":"https:\/\/lemotdujour.fr\/index.php?rest_route=%2Fwp%2Fv2%2Fcategories&post=9937"},{"taxonomy":"post_tag","embeddable":true,"href":"https:\/\/lemotdujour.fr\/index.php?rest_route=%2Fwp%2Fv2%2Ftags&post=9937"}],"curies":[{"name":"wp","href":"https:\/\/api.w.org\/{rel}","templated":true}]}}