{"id":9929,"date":"2020-10-27T00:25:25","date_gmt":"2020-10-26T23:25:25","guid":{"rendered":"http:\/\/lemotdujour.fr\/?p=9929"},"modified":"2020-10-27T10:03:53","modified_gmt":"2020-10-27T09:03:53","slug":"mardi-27-octobre-2020","status":"publish","type":"post","link":"https:\/\/lemotdujour.fr\/?p=9929","title":{"rendered":"Mardi 27 octobre 2020"},"content":{"rendered":"<div class=\"mdjTexte\">\u00abLe probl\u00e8me de l&rsquo;\u00e9chiquier de Sissa.\u00bb<\/div>\n<div class=\"mdjAuteur\">L\u00e9gende indienne qui permet \u00ab\u00a0un peu\u00a0\u00bb d&rsquo;appr\u00e9hender une \u00e9volution exponentielle<\/div>\n<p><span style=\"color: #777777; font-family: Arial;\">Il faut \u00eatre bienveillant.<br \/>\n<\/span><\/p>\n<p><span style=\"color: #777777; font-family: Arial;\">Les pr\u00e9visions sont compliqu\u00e9es surtout si elles concernent l&rsquo;avenir.<br \/>\n<\/span><\/p>\n<p><span style=\"color: #777777; font-family: Arial;\">Dimanche 4 octobre 2020 Jean-Fran\u00e7ois Toussaint, professeur de physiologie de l&rsquo;Universit\u00e9 Paris-Descartes et directeur de l&rsquo;IRMES, Institut de recherche biom\u00e9dicale et d&rsquo;\u00e9pid\u00e9miologie du sport \u00e0 l&rsquo;INSEP, affirmait sur CNews : \u00ab <a href=\"https:\/\/www.youtube.com\/watch?v=d5LiC-HUQXU\"><span style=\"color: #0000ff;\">Il n&rsquo;y aura pas de deuxi\u00e8me vague, nous sommes dans une instrumentalisation<\/span>.\u00a0<\/a>\u00bb<br \/>\n<\/span><\/p>\n<p><span style=\"color: #777777; font-family: Arial;\">Lundi 5 octobre 2020, le docteur Laurent Toubiana, chercheur \u00e9pid\u00e9miologiste \u00e0 l&rsquo;Inserm, d\u00e9clarait sur Sud Radio\u00a0: \u00ab<a href=\"https:\/\/www.sudradio.fr\/societe\/dr-toubiana-il-ny-aura-pas-de-deuxieme-vague-car-nous-avons-atteint-limmunite-collective\/\"><span style=\"color: #0000ff;\">Il n&rsquo;y aura pas de deuxi\u00e8me vague car nous avons atteint l&rsquo;immunit\u00e9 collective<\/span>\u00a0<\/a>\u00bb<br \/>\n<\/span><\/p>\n<p><span style=\"color: #777777; font-family: Arial;\">Le Professeur Raoult a eu des propos divergents sur ce sujet. &lt;<a href=\"https:\/\/www.rtl.fr\/actu\/bien-etre\/coronavirus-raoult-affirme-n-avoir-jamais-dit-qu-il-n-y-aurait-pas-de-2e-vague-7800629545\"><span style=\"color: #0000ff;\">RTL<\/span><\/a>&gt; a cherch\u00e9 \u00e0 suivre la chronologie de ses analyses. Sa derni\u00e8re version est qu&rsquo;il n&rsquo;a jamais dit qu&rsquo;il n&rsquo;y aurait pas de seconde vague.<br \/>\n<\/span><\/p>\n<p><span style=\"color: #777777; font-family: Arial;\">Il semble, quand m\u00eame, selon les soignants, qui sont en premi\u00e8re ligne, qu&rsquo;il y a bien une seconde vague.<br \/>\n<\/span><\/p>\n<p><span style=\"color: #777777; font-family: Arial;\">Ainsi, dans un article paru dans <a href=\"https:\/\/www.leparisien.fr\/societe\/sante\/deuxieme-vague-de-covid-19-quand-j-ai-vu-les-chiffres-je-n-y-ai-pas-cru-25-10-2020-8404845.php\"><span style=\"color: #0000ff;\">le Parisien du 25 octobre<\/span><\/a>, Martin Blachier, m\u00e9decin de sant\u00e9 publique et \u00e9pid\u00e9miologiste exprime son d\u00e9sarroi\u00a0: \u00ab<span style=\"color: #c00000;\">Quand j&rsquo;ai vu les chiffres, je n&rsquo;y ai pas cru<span style=\"color: #777777;\">\u00bb et constate une \u00ab<span style=\"color: #c00000;\">acc\u00e9l\u00e9ration non contr\u00f4l\u00e9e<span style=\"color: #777777;\">\u00bb.<br \/>\n<\/span><\/span><\/span><\/span><\/span><\/p>\n<p><span style=\"color: #777777; font-family: Arial;\">Nos h\u00f4pitaux sont \u00e0 nouveau sous tension.<br \/>\n<\/span><\/p>\n<p><span style=\"color: #777777; font-family: Arial;\">Je n&rsquo;ai aucune comp\u00e9tence pour parler de ce virus, de la mani\u00e8re de le contr\u00f4ler, de ce qu&rsquo;il faut faire ou de ce qui aurait d\u00fb \u00eatre fait. Mais j&rsquo;entends les cris de d\u00e9tresse de celles et de ceux qui doivent accueillir les malades et les soigner.<br \/>\n<\/span><\/p>\n<p><span style=\"color: #777777; font-family: Arial;\">Cependant, il y a un ph\u00e9nom\u00e8ne qui m&rsquo;est un peu plus familier, parce que dans ma jeunesse j&rsquo;avais quelque facilit\u00e9 en math\u00e9matiques.<br \/>\n<\/span><\/p>\n<p><span style=\"color: #777777; font-family: Arial;\">Et ce ph\u00e9nom\u00e8ne est ce que les math\u00e9matiques appellent \u00ab\u00a0<strong>une fonction exponentielle<\/strong>\u00a0\u00bb. Dans le langage courant on parle d&rsquo;une \u00e9volution exponentielle.<br \/>\n<\/span><\/p>\n<p><span style=\"color: #777777; font-family: Arial;\">Mais connaitre conceptuellement et je dirais par les chiffres et les graphes le profil d&rsquo;une courbe exponentielle, ne permet pas forc\u00e9ment d&rsquo;appr\u00e9hender la r\u00e9alit\u00e9 du ph\u00e9nom\u00e8ne.<br \/>\n<\/span><\/p>\n<p><span style=\"color: #777777; font-family: Arial;\">Un article, qui date d\u00e9j\u00e0 de juin, du journal Suisse \u00ab\u00a0<strong>Le Temps<\/strong>\u00a0\u00bb tente d&rsquo;expliquer\u00a0: \u00ab\u00a0<a href=\"https:\/\/www.letemps.ch\/sciences\/cerveau-ne-comprend-rien-propagation-coronavirus\"><span style=\"color: #0000ff;\">Pourquoi notre cerveau ne comprend rien \u00e0 la propagation du coronavirus<\/span>\u00a0<\/a>\u00bb<br \/>\n<\/span><\/p>\n<p><span style=\"color: #777777; font-family: Arial;\">Cet article se r\u00e9f\u00e8re \u00e0 une \u00e9tude men\u00e9e par des chercheurs allemands aux Etats-Unis qui met en \u00e9vidence la difficult\u00e9 de la population \u00e0 appr\u00e9hender la croissance exponentielle de l&rsquo;\u00e9pid\u00e9mie. Un biais qui a un impact sur l&rsquo;adh\u00e9sion aux mesures de distanciation sociale\u00a0:<br \/>\n<\/span><\/p>\n<p style=\"margin-left: 28pt;\"><span style=\"color: #c00000; font-family: Arial;\">\u00ab\u00a0Des chercheurs allemands se sont livr\u00e9s \u00e0 une analyse regroupant trois \u00e9tudes men\u00e9es aux Etats-Unis pour comprendre pourquoi une importante partie de la population a du mal \u00e0 accepter et \u00e0 comprendre l&rsquo;utilit\u00e9 de ces mesures. [\u2026]<br \/>\n<\/span><\/p>\n<p style=\"margin-left: 28pt;\"><span style=\"color: #c00000; font-family: Arial;\">Ces \u00e9tudes ont \u00e9t\u00e9 men\u00e9es sur trois groupes diff\u00e9rents de plus de 500 personnes pendant la deuxi\u00e8me partie du mois de mars, alors que la croissance de l&rsquo;\u00e9pid\u00e9mie s&#8217;emballe aux Etats-Unis. Dans un premier temps, les chercheurs ont demand\u00e9 aux participants d&rsquo;estimer le nombre de nouveaux cas sur les cinq jours pass\u00e9s. Sur les trois premiers jours de la semaine, ces derniers ont tendance \u00e0 surestimer le nombre de cas, mais la tendance s&rsquo;inverse sur les deux derniers jours. Sur l&rsquo;ensemble de la p\u00e9riode, les personnes interrog\u00e9es ont en moyenne sous-estim\u00e9 la croissance de l&rsquo;\u00e9pid\u00e9mie de 45,7% par rapport \u00e0 son \u00e9volution r\u00e9elle.<br \/>\n<\/span><\/p>\n<p style=\"margin-left: 28pt;\"><span style=\"color: #c00000; font-family: Arial;\">Cette double tendance s&rsquo;explique par la difficult\u00e9 \u00e0 appr\u00e9hender la propagation exponentielle du virus. Les estimations de la majorit\u00e9 des participants suivent en fait un mod\u00e8le lin\u00e9aire d&rsquo;\u00e9volution de l&rsquo;\u00e9pid\u00e9mie. Les chercheurs ont \u00e9galement cherch\u00e9 \u00e0 mettre en \u00e9vidence l&rsquo;influence des convictions politiques sur les estimations des participants. Globalement, ceux se consid\u00e9rant comme conservateurs ont eu plus de mal \u00e0 estimer la vitesse de diffusion du virus que ceux se pr\u00e9sentant comme lib\u00e9raux.\u00a0\u00bb<br \/>\n<\/span><\/p>\n<p><span style=\"color: #777777; font-family: Arial;\">Je ne cite pas tout l&rsquo;article que vous pouvez consulter. Dans le domaine \u00e9conomique, des \u00e9tudes avaient aussi mis en \u00e9vidence cette difficult\u00e9 d&rsquo;appr\u00e9hender le ph\u00e9nom\u00e8ne de croissance exponentielle.<br \/>\n<\/span><\/p>\n<p><span style=\"color: #777777; font-family: Arial;\">Et bien s\u00fbr, quand on ne comprend pas un ph\u00e9nom\u00e8ne on a du mal \u00e0 adh\u00e9rer \u00e0 des consignes visant \u00e0 contr\u00f4ler ce ph\u00e9nom\u00e8ne, surtout si ces consignes sont contraignantes.<br \/>\n<\/span><\/p>\n<p><span style=\"color: #777777; font-family: Arial;\">Il existe cependant une l\u00e9gende qui peut nous aider \u00e0 devenir un peu plus sage.<br \/>\n<\/span><\/p>\n<p><span style=\"color: #777777; font-family: Arial;\">Vous l&rsquo;avez certainement d\u00e9j\u00e0 entendu, mais ce qui est pertinent c&rsquo;est de l&rsquo;appliquer au contexte du COVID.<br \/>\n<\/span><\/p>\n<p><span style=\"color: #777777; font-family: Arial;\">Il s&rsquo;agit d&rsquo;une l\u00e9gende, mais elle nous apprend quelque chose de vrai.<br \/>\n<\/span><\/p>\n<p><span style=\"color: #777777; font-family: Arial;\">Il \u00e9tait une fois en Inde, un roi du nom de Belkib qui s&rsquo;ennuyait beaucoup.<br \/>\n<\/span><\/p>\n<p><span style=\"color: #777777; font-family: Arial;\">Il n&rsquo;y avait pas les r\u00e9seaux sociaux num\u00e9riques \u00e0 cette \u00e9poque, ni Netflix et toutes ces s\u00e9ries qui permettent d&rsquo;occuper l&rsquo;esprit quand on a du mal \u00e0 remplir sa vie int\u00e9rieure.<br \/>\n<\/span><\/p>\n<p><span style=\"color: #777777; font-family: Arial;\">Pour lutter contre son ennui il a demand\u00e9 qu&rsquo;on invente un jeu pour le distraire.<br \/>\n<\/span><\/p>\n<p><span style=\"color: #777777; font-family: Arial;\">Aujourd&rsquo;hui en France on lancerait un appel d&rsquo;offre.<br \/>\n<\/span><\/p>\n<p><span style=\"color: #777777; font-family: Arial;\">Un sage du nom de <strong>Sissa <\/strong>se mit alors \u00e0 inventer le jeu d&rsquo;\u00e9checs<strong>.<br \/>\n<\/strong><\/span><\/p>\n<p><span style=\"color: #777777; font-family: Arial;\">Le roi Belkib fut ravi et voulut comme tout bon souverain r\u00e9compenser celui qui avait si bien su le distraire.<br \/>\n<\/span><\/p>\n<p><span style=\"color: #777777; font-family: Arial;\">Il \u00e9tait tellement content qu&rsquo;il demanda m\u00eame \u00e0 Sissa de choisir sa r\u00e9compense qui pourrait \u00eatre fastueuse.<br \/>\n<\/span><\/p>\n<p><span style=\"color: #777777; font-family: Arial;\">Et c&rsquo;est alors que\u2026<br \/>\n<\/span><\/p>\n<p><span style=\"color: #777777; font-family: Arial;\">Sissa demanda au roi de prendre le plateau du jeu et, sur la premi\u00e8re case, poser un grain de riz, ensuite deux sur la deuxi\u00e8me, puis quatre sur la troisi\u00e8me, et ainsi de suite, en doublant \u00e0 chaque fois le nombre de grains de riz que l&rsquo;on met.<br \/>\n<\/span><\/p>\n<p><span style=\"color: #777777; font-family: Arial;\">Et de faire ainsi jusqu&rsquo;\u00e0 la 64<sup>\u00e8me<\/sup> case.<br \/>\n<\/span><\/p>\n<p><span style=\"color: #777777; font-family: Arial;\">Le roi exprima son \u00e9tonnement, il ne comprenait pas alors qu&rsquo;il promettait une r\u00e9compense fastueuse que le sage Sissa demande un cadeau aussi \u00ab\u00a0modeste\u00a0\u00bb.<br \/>\n<\/span><\/p>\n<p><span style=\"color: #777777; font-family: Arial;\">Alors pour comprendre qu&rsquo;il n&rsquo;y a rien ici de modeste, mais que nous sommes devant un ph\u00e9nom\u00e8ne exponentiel je vous renvoie vers le probl\u00e8me de math\u00e9matiques qu&rsquo;a publi\u00e9 l&rsquo;Acad\u00e9mie de Paris et qui propose aussi la solution : \u00ab<span style=\"color: #0000ff;\">\u00a0<\/span><a href=\"https:\/\/www.ac-paris.fr\/portail\/jcms\/d_5773\/la-legende-de-l-echiquier-tableur-cycle-4\"><span style=\"color: #0000ff;\">La l\u00e9gende de l&rsquo;\u00e9chiquier<\/span>\u00a0<\/a>\u00bb<br \/>\n<\/span><\/p>\n<p><span style=\"color: #777777; font-family: Arial;\">L&rsquo;humain moderne que nous sommes, s&rsquo;il veut se rendre compte, va utiliser son tableur pr\u00e9f\u00e9r\u00e9 pour calculer cette \u00e9volution dans les 64 cases puis faire la somme.Et cela vous apprendra qu&rsquo;\u00e0 partir de la case 50, le tableur commence \u00e0 r\u00e9aliser des approximations parce qu&rsquo;il atteint ses limites ou plut\u00f4t qu&rsquo;il cherche \u00e0 optimiser ses ressources. Les concepteurs du tableur ont, en effet, fait le choix qu&rsquo;\u00e0 ce niveau de nombre il n&rsquo;\u00e9tait pas judicieux de mobiliser des moyens pour donner le chiffre exact.<br \/>\n<\/span><\/p>\n<p><span style=\"color: #777777; font-family: Arial;\">En conclusion, sur la 64<sup>\u00e8me<\/sup> case, il faut d\u00e9poser <strong>2<sup>63<\/sup><\/strong> grains de riz, ce qui se dit en fran\u00e7ais, 2 puissance 63. En effet, sur la premi\u00e8re case Sissa met un grain ce qui se d\u00e9finit par 2 puissance 0, et sur la deuxi\u00e8me case on aura donc 2 puissance 1 qui est \u00e9gale \u00e0 2. Et ainsi de suite ce qui conduit au r\u00e9sultat sur la 64<sup>\u00e8me<\/sup> case de 2 puissance 63.<br \/>\n<\/span><\/p>\n<p><span style=\"color: #777777; font-family: Arial;\">Et quand on additionne tous les grains sur les 64 cases on obtient <strong><em>18 446 744 073 709 600\u00a0000. <\/em><\/strong>Ce qui est donc une approximation du tableur<br \/>\n<\/span><\/p>\n<p><span style=\"color: #777777; font-family: Arial;\">La solution mis en ligne sur le site de l&rsquo;Acad\u00e9mie de Paris, nous donne un \u00e9clairage suppl\u00e9mentaire sur ce chiffre qui ne signifie pas grand-chose pour nous :<br \/>\n<\/span><\/p>\n<p style=\"margin-left: 28pt;\"><span style=\"color: #c00000; font-family: Arial;\">\u00ab\u00a0De nos jours la production annuelle mondiale de riz est environ 600 x 10<sup>6<\/sup> tonnes, en fran\u00e7ais 600 millions de tonnes. (en 2000)<br \/>\n<\/span><\/p>\n<p style=\"margin-left: 28pt;\"><span style=\"color: #c00000; font-family: Arial;\">Un grain de riz p\u00e8se environ 0,06 g.<em><br \/>\n<\/em><\/span><\/p>\n<p style=\"margin-left: 28pt;\"><span style=\"color: #c00000; font-family: Arial;\">Le tableur donne 18 446 744 073 709 600 000 comme valeur approch\u00e9e du nombre de grains de riz qui auraient d\u00fb \u00eatre d\u00e9pos\u00e9s sur l&rsquo;\u00e9chiquier !<br \/>\n<\/span><\/p>\n<p style=\"margin-left: 28pt;\"><span style=\"color: #c00000; font-family: Arial;\">La masse serait alors de 1 106 804 644 422 570 000 grammes, soit approximativement 1 106 804 644 423 tonnes.<br \/>\n<\/span><\/p>\n<p style=\"margin-left: 28pt;\"><span style=\"color: #c00000; font-family: Arial;\">Ce qui correspondrait \u00e0 <strong>1 845 ann\u00e9es de production mondiale de riz !<\/strong>\u00a0\u00bb<br \/>\n<\/span><\/p>\n<p><span style=\"color: #777777; font-family: Arial;\">L\u00e0 je crois que nous comprenons mieux, ou plut\u00f4t nous sommes sid\u00e9r\u00e9s.<br \/>\n<\/span><\/p>\n<p><span style=\"color: #777777; font-family: Arial;\">La demande de Sissa conduit \u00e0 demander 1845 ann\u00e9es de production mondiale de riz de l&rsquo;ann\u00e9e 2000 !<br \/>\n<\/span><\/p>\n<p><span style=\"color: #777777; font-family: Arial;\">Comment mieux expliquer qu&rsquo;on perd le contr\u00f4le. <\/span><\/p>\n<p><span style=\"color: #777777; font-family: Arial;\">De mani\u00e8re technique, cet exemple se base sur la puissance de 2, c&rsquo;est une fonction exponentielle. Il en existe, bien s\u00fbr, beaucoup d&rsquo;autres.<br \/>\n<\/span><\/p>\n<p><span style=\"color: #777777; font-family: Arial;\">C&rsquo;est Gilles Finkelstein qui, lors de son face \u00e0 face avec Natacha Polony du <\/span><span style=\"font-family: Arial; color: #0000ff;\"><a style=\"color: #0000ff;\" href=\"https:\/\/www.franceinter.fr\/emissions\/le-face-a-face-polony-glucksmann\">24 octobre 2020<\/a><\/span><span style=\"color: #777777; font-family: Arial;\"> sur France inter, a rappel\u00e9 cette l\u00e9gende et l&rsquo;a rapproch\u00e9e de l&rsquo;\u00e9volution actuelle du COVID.<br \/>\n<\/span><\/p>\n<p><span style=\"color: #777777; font-family: Arial;\">Le site de l&rsquo;Acad\u00e9mie de Paris a aussi mis en ligne un dessin de l&rsquo;\u00e9chiquier qui fait mieux que le tableur et donne les valeurs exactes sur chaque case.<br \/>\n<\/span><\/p>\n<p><img decoding=\"async\" src=\"https:\/\/lemotdujour.fr\/wp-content\/uploads\/2020\/10\/102620_2310_Mardi27octo1.png\" alt=\"\" \/><span style=\"color: #777777; font-family: Arial;\"><br \/>\n<\/span><\/p>\n<p><span style=\"color: #800000; font-family: Arial;\">&lt;1476&gt;<\/span><\/p>\n","protected":false},"excerpt":{"rendered":"<p>\u00abLe probl\u00e8me de l&rsquo;\u00e9chiquier de Sissa.\u00bb L\u00e9gende indienne qui permet \u00ab\u00a0un peu\u00a0\u00bb d&rsquo;appr\u00e9hender une \u00e9volution exponentielle Il faut \u00eatre bienveillant. Les pr\u00e9visions sont compliqu\u00e9es surtout si elles concernent l&rsquo;avenir. Dimanche 4 octobre 2020 Jean-Fran\u00e7ois Toussaint, professeur de physiologie de l&rsquo;Universit\u00e9<\/p>\n","protected":false},"author":1,"featured_media":0,"comment_status":"open","ping_status":"closed","sticky":false,"template":"","format":"standard","meta":{"footnotes":""},"categories":[1],"tags":[63,126,13],"class_list":["post-9929","post","type-post","status-publish","format-standard","hentry","category-motdujour","tag-mathematiques","tag-pandemie","tag-sante"],"_links":{"self":[{"href":"https:\/\/lemotdujour.fr\/index.php?rest_route=\/wp\/v2\/posts\/9929","targetHints":{"allow":["GET"]}}],"collection":[{"href":"https:\/\/lemotdujour.fr\/index.php?rest_route=\/wp\/v2\/posts"}],"about":[{"href":"https:\/\/lemotdujour.fr\/index.php?rest_route=\/wp\/v2\/types\/post"}],"author":[{"embeddable":true,"href":"https:\/\/lemotdujour.fr\/index.php?rest_route=\/wp\/v2\/users\/1"}],"replies":[{"embeddable":true,"href":"https:\/\/lemotdujour.fr\/index.php?rest_route=%2Fwp%2Fv2%2Fcomments&post=9929"}],"version-history":[{"count":6,"href":"https:\/\/lemotdujour.fr\/index.php?rest_route=\/wp\/v2\/posts\/9929\/revisions"}],"predecessor-version":[{"id":9935,"href":"https:\/\/lemotdujour.fr\/index.php?rest_route=\/wp\/v2\/posts\/9929\/revisions\/9935"}],"wp:attachment":[{"href":"https:\/\/lemotdujour.fr\/index.php?rest_route=%2Fwp%2Fv2%2Fmedia&parent=9929"}],"wp:term":[{"taxonomy":"category","embeddable":true,"href":"https:\/\/lemotdujour.fr\/index.php?rest_route=%2Fwp%2Fv2%2Fcategories&post=9929"},{"taxonomy":"post_tag","embeddable":true,"href":"https:\/\/lemotdujour.fr\/index.php?rest_route=%2Fwp%2Fv2%2Ftags&post=9929"}],"curies":[{"name":"wp","href":"https:\/\/api.w.org\/{rel}","templated":true}]}}