{"id":9924,"date":"2020-10-26T01:50:00","date_gmt":"2020-10-26T00:50:00","guid":{"rendered":"http:\/\/lemotdujour.fr\/?p=9924"},"modified":"2020-10-25T22:57:33","modified_gmt":"2020-10-25T21:57:33","slug":"lundi-26-octobre-2020","status":"publish","type":"post","link":"https:\/\/lemotdujour.fr\/?p=9924","title":{"rendered":"Lundi 26 octobre 2020"},"content":{"rendered":"<div class=\"mdjTexte\">\u00abNous sommes terriens\u00a0!\u00bb<\/div>\n<div class=\"mdjAuteur\">Petite r\u00e9flexion suite \u00e0 un dessin<\/div>\n<p><span style=\"color: #777777; font-family: Arial;\">Au d\u00e9part, il y a ce dessin partag\u00e9 par mon ami Lucien sur Facebook<br \/>\n<\/span><\/p>\n<p><img decoding=\"async\" src=\"https:\/\/lemotdujour.fr\/wp-content\/uploads\/2020\/10\/102520_2150_Lundi26octo1.png\" alt=\"\" \/><span style=\"color: #777777; font-family: Arial;\"><br \/>\n<\/span><\/p>\n<p><span style=\"color: #777777; font-family: Arial;\">Lucien avait lui-m\u00eame partag\u00e9 le dessin qui avait \u00e9t\u00e9 initialement publi\u00e9 par une personne se faisant appeler \u00ab\u00a0Citoyen du monde\u00a0\u00bb et qui se d\u00e9finit ainsi\u00a0:<br \/>\n<\/span><\/p>\n<p style=\"margin-left: 28pt;\"><span style=\"color: #c00000; font-family: Arial;\">\u00ab\u00a0Personne qui pense que les habitants de la Terre ne forment qu&rsquo;un peuple commun et que les droits et les devoirs sont universels. Il privil\u00e9gie l&rsquo;int\u00e9r\u00eat du monde par rapport aux int\u00e9r\u00eats nationaux &#8230;\u00a0\u00bb<br \/>\n<\/span><\/p>\n<p><span style=\"color: #777777; font-family: Arial;\">Je suis, en effet, terrien et vous aussi.<br \/>\n<\/span><\/p>\n<p><span style=\"color: #777777; font-family: Arial;\">Nous sommes terriens et nous habitons la terre, avec beaucoup d&rsquo;\u00eatres vivants, animaux, v\u00e9g\u00e9taux, bact\u00e9ries et autres.<br \/>\n<\/span><\/p>\n<p><span style=\"color: #777777; font-family: Arial;\">Et nous avons beaucoup de probl\u00e8mes \u00e0 r\u00e9soudre pour que la terre continue \u00e0 \u00eatre accueillante pour tous ceux qui y habitent : r\u00e9chauffement climatique, diminution de la biodiversit\u00e9, contraintes sur les ressources, impact d&rsquo;homo sapiens sur l&rsquo;\u00e9cosyst\u00e8me, conflits entre les Etats\u2026<br \/>\n<\/span><\/p>\n<p><span style=\"color: #777777; font-family: Arial;\">Alors je sais bien que le plan A de quasi tous les gouvernants de Macron \u00e0 Trump, en passant par Xi Jinping ou Boris Johnson est que le g\u00e9nie de l&rsquo;homme va trouver des solutions innovantes et techniques qui permettront de r\u00e9soudre tous nos probl\u00e8mes.<br \/>\n<\/span><\/p>\n<p><span style=\"color: #777777; font-family: Arial;\">Il existe selon certains, un plan B dans lequel une aide ext\u00e9rieure \u00e0 laquelle ils donnent le nom de Dieu va r\u00e9gler tous ces probl\u00e8mes. En ce qui concerne les chr\u00e9tiens que je connais le mieux, cette phase de solution dans laquelle Dieu vient r\u00e9soudre les difficult\u00e9s, passent par un jugement dernier dans lequel un grand nombre va passer un sale quart d&rsquo;heure.<br \/>\n<\/span><\/p>\n<p><span style=\"color: #777777; font-family: Arial;\">J&rsquo;ai quelques doutes sur ces deux plans.<br \/>\n<\/span><\/p>\n<p><span style=\"color: #777777; font-family: Arial;\">Il reste le troisi\u00e8me dans lequel, il y a une prise de conscience collective qui nous fait comprendre que nous sommes tous terriens et que nous avons avec notre descendance un destin commun, sur l&rsquo;unique plan\u00e8te qui est \u00e0 notre port\u00e9e.<br \/>\n<\/span><\/p>\n<p><span style=\"color: #777777; font-family: Arial;\">Je pense qu&rsquo;il est rationnel de penser \u00e0 ce plan C.<br \/>\n<\/span><\/p>\n<p><span style=\"color: maroon; font-family: Arial;\">&lt;1475&gt;<\/span><\/p>\n","protected":false},"excerpt":{"rendered":"<p>\u00abNous sommes terriens\u00a0!\u00bb Petite r\u00e9flexion suite \u00e0 un dessin Au d\u00e9part, il y a ce dessin partag\u00e9 par mon ami Lucien sur Facebook Lucien avait lui-m\u00eame partag\u00e9 le dessin qui avait \u00e9t\u00e9 initialement publi\u00e9 par une personne se faisant appeler<\/p>\n","protected":false},"author":1,"featured_media":0,"comment_status":"open","ping_status":"closed","sticky":false,"template":"","format":"standard","meta":{"footnotes":""},"categories":[1],"tags":[43,23,34],"class_list":["post-9924","post","type-post","status-publish","format-standard","hentry","category-motdujour","tag-ecologie","tag-humour","tag-religion"],"_links":{"self":[{"href":"https:\/\/lemotdujour.fr\/index.php?rest_route=\/wp\/v2\/posts\/9924","targetHints":{"allow":["GET"]}}],"collection":[{"href":"https:\/\/lemotdujour.fr\/index.php?rest_route=\/wp\/v2\/posts"}],"about":[{"href":"https:\/\/lemotdujour.fr\/index.php?rest_route=\/wp\/v2\/types\/post"}],"author":[{"embeddable":true,"href":"https:\/\/lemotdujour.fr\/index.php?rest_route=\/wp\/v2\/users\/1"}],"replies":[{"embeddable":true,"href":"https:\/\/lemotdujour.fr\/index.php?rest_route=%2Fwp%2Fv2%2Fcomments&post=9924"}],"version-history":[{"count":2,"href":"https:\/\/lemotdujour.fr\/index.php?rest_route=\/wp\/v2\/posts\/9924\/revisions"}],"predecessor-version":[{"id":9926,"href":"https:\/\/lemotdujour.fr\/index.php?rest_route=\/wp\/v2\/posts\/9924\/revisions\/9926"}],"wp:attachment":[{"href":"https:\/\/lemotdujour.fr\/index.php?rest_route=%2Fwp%2Fv2%2Fmedia&parent=9924"}],"wp:term":[{"taxonomy":"category","embeddable":true,"href":"https:\/\/lemotdujour.fr\/index.php?rest_route=%2Fwp%2Fv2%2Fcategories&post=9924"},{"taxonomy":"post_tag","embeddable":true,"href":"https:\/\/lemotdujour.fr\/index.php?rest_route=%2Fwp%2Fv2%2Ftags&post=9924"}],"curies":[{"name":"wp","href":"https:\/\/api.w.org\/{rel}","templated":true}]}}