{"id":9907,"date":"2020-10-23T03:14:42","date_gmt":"2020-10-23T01:14:42","guid":{"rendered":"http:\/\/lemotdujour.fr\/?p=9907"},"modified":"2020-10-20T23:17:11","modified_gmt":"2020-10-20T21:17:11","slug":"vendredi-23-octobre-2020","status":"publish","type":"post","link":"https:\/\/lemotdujour.fr\/?p=9907","title":{"rendered":"Vendredi 23 octobre 2020"},"content":{"rendered":"<div class=\"mdjTexte\">\u00abPause (Les tisserands : r\u00e9parer ensemble le tissu d\u00e9chir\u00e9 du monde)\u00bb<\/div>\n<div class=\"mdjAuteur\">Un jour sans mot du jour nouveau<\/div>\n<p><span style=\"color: #777777; font-family: Arial;\">Le mot du jour qui s&rsquo;approche des 1500 articles, n&rsquo;est pas qu&rsquo;un billet quotidien.<br \/>\n<\/span><\/p>\n<p><span style=\"color: #777777; font-family: Arial;\">Il est aussi une somme de sujets abord\u00e9s, plusieurs portent l&rsquo;\u00e9tiquette \u00ab\u00a0islam\u00a0\u00bb.<br \/>\n<\/span><\/p>\n<p><img loading=\"lazy\" decoding=\"async\" class=\"alignleft\" src=\"https:\/\/lemotdujour.fr\/wp-content\/uploads\/2020\/10\/102020_2109_Vendredi23o1.jpg\" alt=\"\" width=\"448\" height=\"312\" align=\"left\" \/><span style=\"color: #777777; font-family: Arial;\">Aujourd&rsquo;hui je vous propose de revenir sur celui du 17 juin 2016<br \/>\n<\/span><\/p>\n<p><span style=\"color: #777777; font-family: Arial;\">Il donnait la parole \u00e0 Abdennour Bidar qui avait r\u00e9pondu \u00e0 une interview lors de la sortie de son livre\u00a0:<br \/>\n<\/span><\/p>\n<p><span style=\"color: navy;\"><span style=\"font-family: Verdana;\"><strong>\u00abLes tisserands : r\u00e9parer ensemble le tissu d\u00e9chir\u00e9 du monde\u00bb<\/strong><\/span><span style=\"color: #777777; font-family: Arial;\"><br \/>\n<\/span><\/span><\/p>\n<p><span style=\"color: #777777; font-family: Arial;\">Et il disait notamment\u00a0:<br \/>\n<\/span><\/p>\n<p style=\"margin-left: 28pt;\"><span style=\"font-size: 12pt;\"><span style=\"color: #c00000; font-family: Arial;\">\u00abAbdennour Bidar \u2013 Qui dit religion dit syst\u00e8me de croyances, c&rsquo;est-\u00e0-dire quelque chose qui a historiquement impos\u00e9 aux individus un ensemble de dogmes, de rites et une morale. C&rsquo;est la premi\u00e8re caract\u00e9ristique p\u00e9renne et universelle des religions. La seconde est le caract\u00e8re souvent clos de ces syst\u00e8mes. Les religions ont une tr\u00e8s forte puissance d&rsquo;inclusion entre les membres de la communaut\u00e9 et une puissance d&rsquo;exclusion des autres.<\/span><span style=\"font-family: Times New Roman;\"><br \/>\n<\/span><\/span><\/p>\n<p style=\"margin-left: 28pt;\"><span style=\"font-size: 12pt;\"><span style=\"color: #c00000; font-family: Arial;\">Ce sont ces deux aspects qui me semblent aujourd&rsquo;hui absolument incompatibles avec les conditions de nos soci\u00e9t\u00e9s, de nos cultures et de nos mentalit\u00e9s. La civilisation contemporaine est fond\u00e9e sur un tr\u00e8s fort principe de libert\u00e9 individuelle. Ainsi, l&rsquo;individu est tr\u00e8s r\u00e9ticent vis-\u00e0-vis de tout ce qu&rsquo;il per\u00e7oit comme une vexation de sa libert\u00e9. Et \u00e7a ne s&rsquo;applique pas seulement au domaine religieux. Dans nos soci\u00e9t\u00e9s, il y a une r\u00e9elle crise de l&rsquo;autorit\u00e9. On a de plus en plus de mal \u00e0 ob\u00e9ir \u00e0 quelque chose d&rsquo;impos\u00e9.<\/span><span style=\"font-family: Times New Roman;\"><br \/>\n<\/span><\/span><\/p>\n<p><span style=\"color: #777777; font-family: Arial;\">C&rsquo;\u00e9tait le &lt;<span style=\"color: #0000ff;\"><a style=\"color: #0000ff;\" href=\"https:\/\/lemotdujour.fr\/?p=1368\">mot du jour du 17 juin 2016<\/a><\/span>&gt;<br \/>\n<\/span><\/p>\n<p><span style=\"font-size: 12pt;\"><span style=\"color: maroon; font-family: Arial;\">&lt;Mot sans num\u00e9ro&gt;<\/span><span style=\"font-family: Times New Roman;\"><br \/>\n<\/span><\/span><\/p>\n","protected":false},"excerpt":{"rendered":"<p>\u00abPause (Les tisserands : r\u00e9parer ensemble le tissu d\u00e9chir\u00e9 du monde)\u00bb Un jour sans mot du jour nouveau Le mot du jour qui s&rsquo;approche des 1500 articles, n&rsquo;est pas qu&rsquo;un billet quotidien. Il est aussi une somme de sujets abord\u00e9s,<\/p>\n","protected":false},"author":1,"featured_media":0,"comment_status":"open","ping_status":"closed","sticky":false,"template":"","format":"standard","meta":{"footnotes":""},"categories":[1],"tags":[96],"class_list":["post-9907","post","type-post","status-publish","format-standard","hentry","category-motdujour","tag-pause"],"_links":{"self":[{"href":"https:\/\/lemotdujour.fr\/index.php?rest_route=\/wp\/v2\/posts\/9907","targetHints":{"allow":["GET"]}}],"collection":[{"href":"https:\/\/lemotdujour.fr\/index.php?rest_route=\/wp\/v2\/posts"}],"about":[{"href":"https:\/\/lemotdujour.fr\/index.php?rest_route=\/wp\/v2\/types\/post"}],"author":[{"embeddable":true,"href":"https:\/\/lemotdujour.fr\/index.php?rest_route=\/wp\/v2\/users\/1"}],"replies":[{"embeddable":true,"href":"https:\/\/lemotdujour.fr\/index.php?rest_route=%2Fwp%2Fv2%2Fcomments&post=9907"}],"version-history":[{"count":2,"href":"https:\/\/lemotdujour.fr\/index.php?rest_route=\/wp\/v2\/posts\/9907\/revisions"}],"predecessor-version":[{"id":9910,"href":"https:\/\/lemotdujour.fr\/index.php?rest_route=\/wp\/v2\/posts\/9907\/revisions\/9910"}],"wp:attachment":[{"href":"https:\/\/lemotdujour.fr\/index.php?rest_route=%2Fwp%2Fv2%2Fmedia&parent=9907"}],"wp:term":[{"taxonomy":"category","embeddable":true,"href":"https:\/\/lemotdujour.fr\/index.php?rest_route=%2Fwp%2Fv2%2Fcategories&post=9907"},{"taxonomy":"post_tag","embeddable":true,"href":"https:\/\/lemotdujour.fr\/index.php?rest_route=%2Fwp%2Fv2%2Ftags&post=9907"}],"curies":[{"name":"wp","href":"https:\/\/api.w.org\/{rel}","templated":true}]}}