{"id":9900,"date":"2020-10-21T02:01:00","date_gmt":"2020-10-21T00:01:00","guid":{"rendered":"http:\/\/lemotdujour.fr\/?p=9900"},"modified":"2020-10-23T21:28:23","modified_gmt":"2020-10-23T19:28:23","slug":"mercredi-21-octobre-2020","status":"publish","type":"post","link":"https:\/\/lemotdujour.fr\/?p=9900","title":{"rendered":"Mercredi 21 octobre 2020"},"content":{"rendered":"<div class=\"mdjTexte\">\u00abQui est islamophobe\u00a0?\u00a0\u00bb<\/div>\n<div class=\"mdjAuteur\">Question l\u00e9gitime quand on constate l&rsquo;abus et les cons\u00e9quences d\u00e9l\u00e9t\u00e8res de l&rsquo;usage de ce mot<\/div>\n<p><span style=\"color: #777777; font-family: Arial;\">Samuel Paty \u00e9tait accus\u00e9 d&rsquo;\u00eatre islamophobe par certains parents d&rsquo;\u00e9l\u00e8ves musulmans du coll\u00e8ge dans lequel il enseignait.<br \/>\n<\/span><\/p>\n<p><span style=\"color: #777777; font-family: Arial;\">Et il a \u00e9t\u00e9 assassin\u00e9 par un fou qui \u00e9tait de religion musulmane et qui croyait cette accusation exacte.<br \/>\n<\/span><\/p>\n<p><span style=\"color: #777777; font-family: Arial;\">Il existe d&rsquo;ailleurs, une officine trouble dont j&rsquo;ai d\u00e9j\u00e0 parl\u00e9 et qui a pour nom Collectif Contre l&rsquo;Islamophobie en France et dont le site se trouve derri\u00e8re ce lien\u00a0: <span style=\"color: #0000ff;\"><a style=\"color: #0000ff;\" href=\"https:\/\/www.islamophobie.net\/\">https:\/\/www.islamophobie.net\/<\/a><\/span><br \/>\n<\/span><\/p>\n<p><span style=\"color: #777777; font-family: Arial;\">J&rsquo;avais d\u00e9j\u00e0 exprim\u00e9 mon malaise par rapport \u00e0 ce mot pi\u00e8ge lors du mot du jour du 6 f\u00e9vrier 2020\u00a0: \u00ab\u00a0<span style=\"color: #0000ff;\"><a style=\"color: #0000ff;\" href=\"https:\/\/lemotdujour.fr\/?p=8036\">islamophobie<\/a>\u00a0<\/span>\u00bb.<br \/>\n<\/span><\/p>\n<p><span style=\"color: #777777; font-family: Arial;\">Une <span style=\"color: #0000ff;\"><a style=\"color: #0000ff;\" href=\"https:\/\/fr.wikipedia.org\/wiki\/Phobie\">phobie<\/a> <\/span>(du grec ancien \u03c6\u03cc\u03b2\u03bf\u03c2 \/ ph\u00f3bos, frayeur, crainte ou r\u00e9pulsion) est une peur d\u00e9mesur\u00e9e et d\u00e9pendant d&rsquo;un ressenti plut\u00f4t que de causes rationnelles, d&rsquo;un objet ou d&rsquo;une situation pr\u00e9cise.<br \/>\n<\/span><\/p>\n<p><span style=\"color: #777777; font-family: Arial;\">L&rsquo;islamophobie est donc la crainte, la frayeur devant l&rsquo;islam.<br \/>\n<\/span><\/p>\n<p><span style=\"color: #777777; font-family: Arial;\">Alors, je vais vous soumettre une liste :<br \/>\n<\/span><\/p>\n<p><span style=\"color: #777777; font-family: Arial;\"><strong>2012<br \/>\n<\/strong><\/span><\/p>\n<p><span style=\"color: #777777; font-family: Arial;\">Les 11 mars 2012, 13 mars 2012, 19 mars 2012, tueries \u00e0 Toulouse et Montauban faisant 7 morts dont 3 enfants et 6 bless\u00e9s.<br \/>\n<\/span><\/p>\n<ul>\n<li><span style=\"color: #777777; font-family: Arial;\">11 mars 2012 : Mohammed Merah assassine un militaire \u00e0 Toulouse<br \/>\n<\/span><\/li>\n<li><span style=\"color: #777777; font-family: Arial;\">15 mars 2012 : Mohammed Merah assassine deux militaires et en blesse un autre \u00e0 Montauban<br \/>\n<\/span><\/li>\n<li><span style=\"color: #777777; font-family: Arial;\">19 mars 2012 : Mohammed Merah assassine quatre personnes devant une \u00e9cole juive de Toulouse<br \/>\n<\/span><\/li>\n<li><span style=\"color: #777777; font-family: Arial;\">19 septembre 2012 : J\u00e9r\u00e9mie Louis Sidney et J\u00e9r\u00e9mie Bailly, membre de la cellule Cannes-Torcy, blessent 1 personne en lan\u00e7ant une grenade dans un \u00e9picerie juive de Sarcelles<br \/>\n<\/span><\/li>\n<\/ul>\n<p><span style=\"color: #777777; font-family: Arial;\"><strong>2013<br \/>\n<\/strong><\/span><\/p>\n<ul>\n<li><span style=\"color: #777777; font-family: Arial;\">Le 25 mai 2013, un extr\u00e9miste islamiste arm\u00e9 d&rsquo;un couteau attaque et blesse un militaire fran\u00e7ais dans l&rsquo;attentat de 2013 \u00e0 La D\u00e9fense.<br \/>\n<\/span><\/li>\n<\/ul>\n<p><span style=\"color: #777777; font-family: Arial;\"><strong>2014<br \/>\n<\/strong><\/span><\/p>\n<ul>\n<li><span style=\"color: #777777; font-family: Arial;\">Le 20 d\u00e9cembre 2014, attaque contre un commissariat de Jou\u00e9-l\u00e8s-Tours de 2014. Un homme criant \u00ab Allahu akbar \u00bb attaque un poste de police avec un couteau. Il blesse trois policiers avant d&rsquo;\u00eatre abattu5,6,<br \/>\n<\/span><\/li>\n<\/ul>\n<p><span style=\"color: #777777; font-family: Arial;\"><strong>2015<br \/>\n<\/strong><\/span><\/p>\n<ul>\n<li><span style=\"color: #777777; font-family: Arial;\">Du 7 au 9 janvier 2015, attentats en France. Une s\u00e9rie d&rsquo;attaques terroristes islamistes qui se d\u00e9roule entre les 7 et 9 janvier 2015 en France, visant le comit\u00e9 de r\u00e9daction du journal Charlie Hebdo, des policiers et des Fran\u00e7ais de confession juive fr\u00e9quentant une sup\u00e9rette cacher. Dix-sept personnes sont assassin\u00e9es et vingt sont bless\u00e9es ; les trois terroristes sont abattus par les forces de l&rsquo;ordre le 9 janvier.<br \/>\n<\/span><\/li>\n<li><span style=\"color: #777777; font-family: Arial;\">Le 3 f\u00e9vrier 2015, trois militaires en faction devant un centre communautaire juif \u00e0 Nice sont agress\u00e9s au couteau par Moussa Coulibaly, demeurant \u00e0 Mantes-la-Jolie (Yvelines). Il exprime en garde \u00e0 vue sa haine de la France, de la police, des militaires et des Juifs.<br \/>\n<\/span><\/li>\n<li><span style=\"color: #777777; font-family: Arial;\">Le 10 avril 2015, un soldat fran\u00e7ais est attaqu\u00e9 et bless\u00e9 dans les toilettes de l&rsquo;a\u00e9roport d&rsquo;Orly.<br \/>\n<\/span><\/li>\n<li><span style=\"color: #777777; font-family: Arial;\">Le 19 avril 2015, affaire Sid Ahmed Ghlam. Une femme de 32 ans (Aur\u00e9lie Ch\u00e2telain) est assassin\u00e9e par un \u00e9tudiant alg\u00e9rien de 24 ans qui pr\u00e9voyait un attentat dans une \u00e9glise de Villejuif, le projet de ce dernier ayant \u00e9t\u00e9 d\u00e9jou\u00e9 peu de temps apr\u00e8s.<br \/>\n<\/span><\/li>\n<li><span style=\"color: #777777; font-family: Arial;\">Le 26 juin 2015, attentat de Saint-Quentin-Fallavier en Is\u00e8re, 1 mort d\u00e9capit\u00e9 (Herv\u00e9 Cornara, 55 ans) et 2 bless\u00e9s. Brandissant un drapeau islamiste, un homme conduit son v\u00e9hicule contre des bonbonnes de gaz stock\u00e9es dans la cour de la filiale fran\u00e7aise du groupe am\u00e9ricain Air Products.<br \/>\n<\/span><\/li>\n<li><span style=\"color: #777777; font-family: Arial;\">Le 21 aout 2015, attentat du train Thalys sur la ligne reliant Amsterdam \u00e0 Paris, men\u00e9 par un ressortissant marocain et d\u00e9jou\u00e9 par plusieurs passagers, on compte 3 bless\u00e9s.<br \/>\n<\/span><\/li>\n<li><span style=\"color: #777777; font-family: Arial;\">Le 13 novembre 2015, une s\u00e9rie de sept attaques, \u00e0 Paris et en Seine-Saint-Denis, perp\u00e9tr\u00e9e par au moins dix terroristes avec au moins une vingtaine de complices, provoque la mort de 130 personnes et fait 413 bless\u00e9s, dont 99 dans un \u00e9tat tr\u00e8s grave. Les tueries sont revendiqu\u00e9es par l&rsquo;\u00c9tat islamique.<br \/>\n<\/span><\/li>\n<\/ul>\n<p><span style=\"color: #777777; font-family: Arial;\"><strong>2016<br \/>\n<\/strong><\/span><\/p>\n<ul>\n<li><span style=\"color: #777777; font-family: Arial;\">Le 7 janvier 2016, un islamiste marocain portant une fausse ceinture explosif attaque des policiers \u00e0 l&rsquo;aide d&rsquo;un couperet \u00e0 viande, il est abattu.<br \/>\n<\/span><\/li>\n<li><span style=\"color: #777777; font-family: Arial;\">Le 11 janvier 2016, un adolescent turc \u00e2g\u00e9 de 15 ans agresse \u00e0 la machette un enseignant juif. L&rsquo;auteur dit avoir agi \u00ab au nom d&rsquo;Allah \u00bb et de l&rsquo;organisation \u00c9tat islamique. Un bless\u00e9.<br \/>\n<\/span><\/li>\n<li><span style=\"color: #777777; font-family: Arial;\">Le 13 juin 2016, double meurtre \u00e0 Magnanville. Un commandant de police et sa compagne, fonctionnaire du minist\u00e8re de l&rsquo;int\u00e9rieur (Jean-Baptiste Salvaing et Jessica Schneider), sont assassin\u00e9s devant leur domicile \u00e0 Magnanville par Larossi Abballa. L&rsquo;attentat est revendiqu\u00e9 par l&rsquo;organisation \u00c9tat islamique.<br \/>\n<\/span><\/li>\n<li><span style=\"color: #777777; font-family: Arial;\">Le 14 juillet 2016 \u00e0 Nice, le jour de la f\u00eate nationale, un Tunisien, Mohamed Lahouaiej-Bouhlel, fonce dans la foule au volant d&rsquo;un camion sur la promenade des Anglais, tuant 86 personnes et en blessant 458, avant d&rsquo;\u00eatre abattu par les forces de l&rsquo;ordre. L&rsquo;\u00c9tat islamique revendique cet acte.<br \/>\n<\/span><\/li>\n<li><span style=\"color: #777777; font-family: Arial;\">Le 26 juillet 2016, lors d&rsquo;une messe, deux islamistes munis d&rsquo;armes blanches prennent en otage plusieurs personnes dans l&rsquo;\u00e9glise de Saint-\u00c9tienne-du-Rouvray, pr\u00e8s de Rouen. Un pr\u00eatre est \u00e9gorg\u00e9, et un paroissien est bless\u00e9. Les deux terroristes sont abattus par les forces de l&rsquo;ordre, l&rsquo;un d&rsquo;eux \u00e9tait fich\u00e9 S. Selon le Pr\u00e9sident de la R\u00e9publique, \u00ab les deux terroristes se r\u00e9clament de Daesh \u00bb. L&rsquo;attentat est revendiqu\u00e9 via Amaq, l&rsquo;agence de presse de l&rsquo;\u00c9tat islamique.<br \/>\n<\/span><\/li>\n<\/ul>\n<p><span style=\"color: #777777; font-family: Arial;\"><strong>2017<br \/>\n<\/strong><\/span><\/p>\n<ul>\n<li><span style=\"color: #777777; font-family: Arial;\">Le 3 f\u00e9vrier 2017, attaque contre des militaires au Carrousel du Louvre \u00e0 Paris fait deux bless\u00e9s.<br \/>\n<\/span><\/li>\n<li><span style=\"color: #777777; font-family: Arial;\">Le 18 mars 2017, un homme s&#8217;empare de l&rsquo;arme d&rsquo;un militaire \u00e0 Orly avant d&rsquo;\u00eatre abattu. M\u00eame s&rsquo;il a affirm\u00e9 au moment de son geste vouloir \u00ab mourir par Allah \u00bb et a \u00e9t\u00e9 signal\u00e9 pour \u00ab radicalisation \u00bb lors d&rsquo;un s\u00e9jour en prison en 2011-2012, ses motivations restent floues (il ne souhaitait plus retourner en prison) et le lien avec le terrorisme islamiste non d\u00e9montr\u00e9.<br \/>\n<\/span><\/li>\n<li><span style=\"color: #777777; font-family: Arial;\">Le 20 avril 2017, un homme ouvre le feu \u00e0 l&rsquo;arme automatique sur des policiers le long de l&rsquo;avenue des Champs-\u00c9lys\u00e9es, vers 21 heures, L&rsquo;un d&rsquo;entre eux est tu\u00e9 pendant l&rsquo;attaque, deux autres ainsi qu&rsquo;une passante sont bless\u00e9s. L&rsquo;assaillant est abattu et l&rsquo;\u00c9tat islamique revendique l&rsquo;attaque dans la soir\u00e9e.<br \/>\n<\/span><\/li>\n<li><span style=\"color: #777777; font-family: Arial;\">Le 6 juin 2017, un homme attaque avec un marteau un policier et le blesse l\u00e9g\u00e8rement devant la cath\u00e9drale Notre-Dame de Paris. Les policiers r\u00e9pliquent et le blessent. L&rsquo;assaillant, Farid Ikken, un Alg\u00e9rien de quarante ans, ancien journaliste disposant d&rsquo;un visa \u00e9tudiant, se d\u00e9clare \u00ab soldat du califat \u00bb.<br \/>\n<\/span><\/li>\n<li><span style=\"color: #777777; font-family: Arial;\">Le 19 juin 2017, un homme arm\u00e9 percute un fourgon de la Gendarmerie sur les Champs-\u00c9lys\u00e9es. Aucun mort n&rsquo;est \u00e0 d\u00e9plorer, except\u00e9 l&rsquo;assaillant, un fich\u00e9 S. Le 13 juillet, l&rsquo;\u00c9tat islamique revendique l&rsquo;attaque.<br \/>\n<\/span><\/li>\n<li><span style=\"color: #777777; font-family: Arial;\">Le 9 ao\u00fbt 2017, attaque \u00e0 la voiture b\u00e9lier qui blesse 6 militaires \u00e0 Levallois-Perret en r\u00e9gion parisienne.<br \/>\n<\/span><\/li>\n<li><span style=\"color: #777777; font-family: Arial;\">Le 15 septembre 2017, un homme arm\u00e9 d&rsquo;un couteau attaque un militaire en patrouille \u00e0 la station de m\u00e9tro Ch\u00e2telet \u00e0 Paris. L&rsquo;auteur tient des propos faisant r\u00e9f\u00e9rence \u00e0 Allah : \u00ab Allah akbar, vous \u00eates des m\u00e9cr\u00e9ants \u00bb.<br \/>\n<\/span><\/li>\n<li><span style=\"color: #777777; font-family: Arial;\">Le 1er octobre 2017, un Tunisien en situation irr\u00e9guli\u00e8re connu pour diff\u00e9rents crimes \u00e9gorge deux jeunes femmes dans la gare de Saint-Charles \u00e0 Marseille avant d&rsquo;\u00eatre abattu par les des militaires de l&rsquo;op\u00e9ration Sentinelle. L&rsquo;attaque est revendiqu\u00e9e par l&rsquo;\u00c9tat islamique.<br \/>\n<\/span><\/li>\n<\/ul>\n<p><span style=\"color: #777777; font-family: Arial;\"><strong>2018<br \/>\n<\/strong><\/span><\/p>\n<ul>\n<li><span style=\"color: #777777; font-family: Arial;\">Le 23 mars 2018, un homme tue 4 personnes dont Arnaud Beltrame, lors d&rsquo;attaques et une prise d&rsquo;otage dans un supermarch\u00e9 dans l&rsquo;Aude, \u00e0 Carcassonne et Tr\u00e8bes. L&rsquo;homme, qui est par la suite abattu, est un Franco-Marocain se r\u00e9clamant de l&rsquo;\u00c9tat islamique, qui revendique l&rsquo;attentat le jour m\u00eame.<br \/>\n<\/span><\/li>\n<li><span style=\"color: #777777; font-family: Arial;\">Le 12 mai 2018 \u00e0 Paris, vers 21 h un individu attaque \u00e0 l&rsquo;arme blanche des passants en criant \u00ab Allah Akbar \u00bb, il tue une personne, en blesse quatre autres dont deux gravement, il se dirige ensuite vers une patrouille de police qui d\u00e9cide de l&rsquo;abattre. L&rsquo;attaque est revendiqu\u00e9e par l&rsquo;\u00c9tat islamique.<br \/>\n<\/span><\/li>\n<li><span style=\"color: #777777; font-family: Arial;\">Le 11 d\u00e9cembre 2018 dans la soir\u00e9e, \u00e0 proximit\u00e9 du march\u00e9 de No\u00ebl de Strasbourg, un homme d\u00e9ambule dans les rues du centre-ville, tue cinq passants et en blesse une dizaine d&rsquo;autres. L&rsquo;assaillant, un Franco-Alg\u00e9rien de 29 ans, est abattu le 13 d\u00e9cembre \u00e0 Strasbourg par la police. L&rsquo;attaque est revendiqu\u00e9e par l&rsquo;\u00c9tat islamique.<br \/>\n<\/span><\/li>\n<\/ul>\n<p><span style=\"color: #777777; font-family: Arial;\"><strong>2019<br \/>\n<\/strong><\/span><\/p>\n<ul>\n<li><span style=\"color: #777777; font-family: Arial;\">Le 5 mars 2019, Attentat de la prison de Cond\u00e9-sur-Sarthe, 3 personnes, dont un terroriste, sont bless\u00e9es et 1 terroriste est mort lorsque 2 surveillants p\u00e9nitentiaires sont attaqu\u00e9s au couteau en c\u00e9ramique. L&rsquo;auteur a pr\u00eat\u00e9 all\u00e9geance \u00e0 l&rsquo;\u00c9tat islamique.<br \/>\n<\/span><\/li>\n<li><span style=\"color: #777777; font-family: Arial;\">Le 24 mai 2019, attentat de la rue Victor-Hugo de Lyon, 14 bless\u00e9s. L&rsquo;auteur reconna\u00eet avoir pr\u00eat\u00e9 all\u00e9geance \u00e0 l&rsquo;\u00c9tat islamique.<br \/>\n<\/span><\/li>\n<li><span style=\"color: #777777; font-family: Arial;\">Le 3 octobre 2019, attentat de la pr\u00e9fecture de police de Paris, 4 policiers ont \u00e9t\u00e9 tu\u00e9s dans une agression au couteau de cuisine \u00e0 la pr\u00e9fecture de police de paris par un individu qui y travaillait. Il \u00e9tait converti \u00e0 l&rsquo;islam depuis 2008, le Parquet national antiterroriste s&rsquo;est saisi de l&rsquo;affaire.<br \/>\n<\/span><\/li>\n<\/ul>\n<p><span style=\"color: #777777; font-family: Arial;\"><strong>2020<br \/>\n<\/strong><\/span><\/p>\n<ul>\n<li><span style=\"color: #777777; font-family: Arial;\">Le 3 janvier 2020, dans le parc des Hautes-Bruy\u00e8res \u00e0 Villejuif, un jeune homme de 22 ans, attaque \u00e0 l&rsquo;arme blanche des passants, en r\u00e9p\u00e9tant \u00ab\u00a0Allah Akbar\u00a0\u00bb, tuant un homme et blessant gravement 2 femmes. L&rsquo;individu sera par la suite neutralis\u00e9 par une patrouille de policiers. Le jeune homme r\u00e9cemment converti \u00e0 l&rsquo;islam a perp\u00e9tr\u00e9 cette attaque d&rsquo;une \u00ab extr\u00eame violence \u00bb avec une \u00ab extr\u00eame d\u00e9termination \u00bb, selon les d\u00e9clarations du Parquet national antiterroriste qui s&rsquo;est saisit de l&rsquo;affaire.<br \/>\n<\/span><\/li>\n<li><span style=\"color: #777777; font-family: Arial;\">Le 5 janvier 2020, un individu connu de la DGSI et fich\u00e9 S, arm\u00e9 d&rsquo;un couteau et criant \u00ab Allah Akbar \u00bb, est interpell\u00e9 \u00e0 Metz apr\u00e8s avoir tent\u00e9 d&rsquo;agresser des policiers.<br \/>\n<\/span><\/li>\n<li><span style=\"color: #777777; font-family: Arial;\">Le 4 avril 2020, \u00e0 Romans-sur-Is\u00e8re , un r\u00e9fugi\u00e9 soudanais, Abdallah Ahmed-Osman, crie \u00ab Allah Akbar \u00bb, tue au couteau deux passants et en blesse cinq autres, leur demandant s&rsquo;ils sont de confession musulmane.<br \/>\n<\/span><\/li>\n<li><span style=\"color: #777777; font-family: Arial;\">Le lundi 27 avril 2020, en fin d&rsquo;apr\u00e8s-midi \u00e0 Colombes (Hauts-de-Seine), le conducteur d&rsquo;une voiture a percut\u00e9 volontairement deux motards de la police \u00e0 vive allure, les blessant gravement. L&rsquo;auteur a fait all\u00e9geance \u00e0 l&rsquo;\u00e9tat islamique.<br \/>\n<\/span><\/li>\n<li><span style=\"color: #777777; font-family: Arial;\">Le vendredi 25 septembre 2020 , deux personnes sont gri\u00e8vement bless\u00e9es \u00e0 l&rsquo;arme blanche pr\u00e8s des anciens locaux du journal Charlie Hebdo. Le Parquet national antiterroriste a ouvert une enqu\u00eate pour \u00ab\u00a0tentative d&rsquo;assassinat en relation avec une entreprise terroriste, association de malfaiteurs terroriste criminelle\u00a0\u00bb. Selon l&rsquo;AFP citant des sources concordantes, l&rsquo;assaillant de nationalit\u00e9 pakistanaise assurait \u00ab\u00a0assumer son acte qu&rsquo;il situe dans le contexte de la republication des caricatures (de Charlie Hebdo, ndlr) qu&rsquo;il n&rsquo;a pas support\u00e9e\u00a0\u00bb.<br \/>\n<\/span><\/li>\n<li><span style=\"color: #777777; font-family: Arial;\">Le 16 octobre 2020, un enseignant est d\u00e9capit\u00e9 devant un coll\u00e8ge de Conflans-Sainte-Honorine (Yvelines). Son agresseur pr\u00e9sum\u00e9 est abattu par la police dans la ville voisine d&rsquo;Eragny (Val-d&rsquo;Oise)<br \/>\n<\/span><\/li>\n<\/ul>\n<p><span style=\"color: #777777; font-family: Arial;\">Evidemment c&rsquo;est un peu long, mais ce n&rsquo;est pas de mon fait.<br \/>\n<\/span><\/p>\n<p><span style=\"color: #777777; font-family: Arial;\">Si vous voulez des liens et des pr\u00e9cisions sur cette \u00e9num\u00e9ration, vous la trouverez sur cette page &lt;<a href=\"https:\/\/fr.wikipedia.org\/wiki\/Liste_d%27attaques_terroristes_islamistes_en_France\"><span style=\"color: #0000ff;\">Wikipedia<\/span><\/a>&gt;<br \/>\n<\/span><\/p>\n<p><span style=\"color: #777777; font-family: Arial;\">Mais au bout de cette \u00e9num\u00e9ration, de ce qui s&rsquo;est pass\u00e9 en France depuis 2012, \u00a0n&rsquo;est-il pas l\u00e9gitime d&rsquo;avoir peur, d&rsquo;avoir une phobie ?<br \/>\n<\/span><\/p>\n<p><span style=\"color: #777777; font-family: Arial;\">D&rsquo;ailleurs, je conc\u00e8de lorsque parfois je vois entrer, dans le m\u00e9tro, un homme barbu v\u00eatu d&rsquo;une longue tunique que je crois \u00eatre un \u00ab qamis \u00bb une peur instinctive me saisit. Peur que je raisonne, en me disant qu&rsquo;il n&rsquo;y a aucune raison que cet homme ait de mauvaises intentions, comme 99,x % des musulmans habitant en France.<br \/>\n<\/span><\/p>\n<p><span style=\"color: #777777; font-family: Arial;\">Mais pendant quelques secondes je deviens ainsi \u00ab\u00a0islamophobe\u00a0\u00bb, mais non \u00ab\u00a0anti-musulman\u00a0\u00bb.<br \/>\n<\/span><\/p>\n<p><span style=\"color: #777777; font-family: Arial;\">Bien s\u00fbr, il y a stigmatisation des musulmans en France, il existe une haine anti musulman que professent certains.<br \/>\n<\/span><\/p>\n<p><span style=\"color: #777777; font-family: Arial;\">Il en est m\u00eame qui leur envoie l&rsquo;injonction de retourner chez eux, en Musulmanie je suppose, alors que la plupart \u00e0 qui est adress\u00e9e cette vilenie, sont fran\u00e7ais.<br \/>\n<\/span><\/p>\n<p><span style=\"color: #777777; font-family: Arial;\">L&rsquo;islam constitue une r\u00e9alit\u00e9 fran\u00e7aise, des citoyens sont musulmans et ont autant de valeur et d&rsquo;importance que des citoyens chr\u00e9tiens, juifs, ath\u00e9es et tous les autres.<br \/>\n<\/span><\/p>\n<p><img loading=\"lazy\" decoding=\"async\" class=\"alignleft\" src=\"https:\/\/lemotdujour.fr\/wp-content\/uploads\/2020\/10\/102020_2001_Mercredi21o1.jpg\" alt=\"\" width=\"348\" height=\"441\" align=\"left\" \/><span style=\"color: #777777; font-family: Arial;\">Mais l&rsquo;usage du mot islamophobie est une imposture, une volont\u00e9 d\u00e9lib\u00e9r\u00e9e de refus de critiquer et de se moquer des religions comme de toute autre doctrine.<br \/>\n<\/span><\/p>\n<p><span style=\"color: #777777; font-family: Arial;\">Derri\u00e8re ce mot se cache une intol\u00e9rance, une violence, un dessein secret.<br \/>\n<\/span><\/p>\n<p><span style=\"color: #777777; font-family: Arial;\">J&rsquo;ai beaucoup aim\u00e9 la chronique de Sophia Aram de ce lundi, dans laquelle apr\u00e8s avoir longuement remerci\u00e9 les enseignants qu&rsquo;elle a eu au cours de sa scolarit\u00e9 elle dit cela\u00a0:<br \/>\n<\/span><\/p>\n<p style=\"margin-left: 28pt;\"><span style=\"color: #c00000; font-family: Arial;\">\u00ab\u00a0Je pense \u00e0 notre responsabilit\u00e9 et \u00e0 notre devoir de lutter contre les v\u00e9ritables promoteurs de ces attentats.<br \/>\n<\/span><\/p>\n<p style=\"margin-left: 28pt;\"><span style=\"color: #c00000; font-family: Arial;\">Notre r\u00f4le \u00e0 l&rsquo;\u00e9gard de tous ceux qui entretiennent, encouragent et organisent la posture victimaire en expliquant qu&rsquo;ils sont choqu\u00e9s, bless\u00e9s, meurtris, par\u2026 Par un DESSIN.<br \/>\n<\/span><\/p>\n<p style=\"margin-left: 28pt;\"><span style=\"color: #c00000; font-family: Arial;\">Je pense \u00e0 ce p\u00e8re d&rsquo;\u00e9l\u00e8ve faussement \u00ab\u00a0d\u00e9vast\u00e9\u00a0\u00bb et claaamant sa peiiiine sur les r\u00e9seaux sociaux tout en cr\u00e9ant les conditions d&rsquo;une mise \u00e0 mort en publiant le nom et le lieu de travail de sa cible\u2026<br \/>\n<\/span><\/p>\n<p style=\"margin-left: 28pt;\"><span style=\"color: #c00000; font-family: Arial;\">Je pense \u00e0 cet agitateur qui se pr\u00e9tend Imam et qui l&rsquo;accompagne dans cette entreprise macabre. Je pense \u00e0 son petit air triste et tout chamboul\u00e9, horrifi\u00e9 par le dessin du cucul \u00e9toil\u00e9 du proph\u00e8te mais pas du tout g\u00ean\u00e9 par son appel, dont il sait d\u00e9j\u00e0 qu&rsquo;il fera office de condamnation \u00e0 mort.<br \/>\n<\/span><\/p>\n<p style=\"margin-left: 28pt;\"><span style=\"color: #c00000; font-family: Arial;\">Mais comment ces deux faussaires arriveraient-ils \u00e0 faire croire \u00e0 leur blessure et \u00e0 condamner \u00e0 mort un homme, s&rsquo;il n&rsquo;y avait pas une cohorte de l\u00e2ches pr\u00eats \u00e0 comprendre, \u00e0 justifier et \u00e0 l\u00e9gitimer quotidiennement l&rsquo;hypoth\u00e8se qu&rsquo;un croyant puisse \u00eatre sinc\u00e8rement bless\u00e9, meurtri et humili\u00e9 par UN DESSIN.<br \/>\n<\/span><\/p>\n<p style=\"margin-left: 28pt;\"><span style=\"color: #c00000; font-family: Arial;\">Comment y arriveraient-ils sans tous ceux qui leur pr\u00e9parent le terrain en assimilant la caricature d&rsquo;un proph\u00e8te ou d&rsquo;un symbole religieux \u00e0 du racisme\u00a0?<br \/>\n<\/span><\/p>\n<p style=\"margin-left: 28pt;\"><span style=\"color: #c00000; font-family: Arial;\">Comment y arriveraient-ils sans les promoteurs du concept d&rsquo;islamophobie\u00a0?<br \/>\n<\/span><\/p>\n<p style=\"margin-left: 28pt;\"><span style=\"color: #c00000; font-family: Arial;\">Sans ces associations communautaires et religieuses sp\u00e9cialis\u00e9es dans la plainte victimaire\u00a0?<br \/>\n<\/span><\/p>\n<p style=\"margin-left: 28pt;\"><span style=\"color: #c00000; font-family: Arial;\">Enfin, comment y arriveraient-ils sans tous ces d\u00e9c\u00e9r\u00e9br\u00e9s, qu&rsquo;ils soient militants, universitaires ou animateurs t\u00e9l\u00e9, venant d\u00e9gouliner leur compassion morbide sur les musulmans pour leur expliquer \u00ab\u00a0qu&rsquo;il est normal, compr\u00e9hensible d&rsquo;\u00eatre boulevers\u00e9, meurtri, bless\u00e9 par un putain de DESSIN.<br \/>\n<\/span><\/p>\n<p style=\"margin-left: 28pt;\"><span style=\"color: #c00000; font-family: Arial;\">Je pense \u00e0 vous, \u00e0 vos faux semblants, \u00e0 vos appels au meurtre \u00e0 peine voil\u00e9s, \u00e0 votre m\u00e9diocrit\u00e9 et votre condescendance.<br \/>\n<\/span><\/p>\n<p style=\"margin-left: 28pt;\"><span style=\"color: #c00000; font-family: Arial;\">Sachez que du plus profond de mon \u00eatre je ne crois pas un seul instant \u00e0 votre douleur.<br \/>\n<\/span><\/p>\n<p style=\"margin-left: 28pt;\"><span style=\"color: #c00000; font-family: Arial;\">Alors ne me parlez plus de votre blessure, elle est ind\u00e9cente face \u00e0 la douleur bien r\u00e9elle de tous ceux, dessinateurs, professeurs ou autres qui ont un jour fait le choix d&rsquo;essayer de vous rendre moins cons.\u00a0\u00bb<br \/>\n<\/span><\/p>\n<p><span style=\"color: #777777; font-family: Arial;\">Elle a appel\u00e9 sobrement sa chronique &lt;<span style=\"color: #0000ff;\"><a style=\"color: #0000ff;\" href=\"https:\/\/www.franceinter.fr\/emissions\/le-billet-de-sophia-aram\/le-billet-de-sophia-aram-19-octobre-2020\">Samuel Paty<\/a><\/span>&gt;<br \/>\n<\/span><\/p>\n<p><span style=\"color: #777777; font-family: Arial;\">Et si vous souhaitez \u00e9couter une \u00e9mission plus conceptualis\u00e9e et historicis\u00e9e, vous pouvez \u00e9couter le grand historien Michel Winnock qui \u00e9tait l&rsquo;invit\u00e9 des matins de France Culture de ce mardi\u00a0: &lt;<a href=\"https:\/\/www.franceculture.fr\/emissions\/linvitee-des-matins\/ou-sapprend-la-laicite-avec-michel-winock-et-jean-paul-delahaye\"><span style=\"color: #0000ff;\">O\u00f9 s&rsquo;apprend la la\u00efcit\u00e9 ? Avec Michel Winock<\/span><\/a>&gt;<br \/>\n<\/span><\/p>\n<p><span style=\"color: #777777; font-family: Arial;\">Michel Winnock exprime les m\u00eames r\u00e9ticences devant l&rsquo;utilisation suspecte du terme d&rsquo;islamophobie, ce mot utilis\u00e9 par des intol\u00e9rants qui n&rsquo;aiment pas la France, ni la culture et les m\u0153urs de notre vieux pays.<br \/>\n<\/span><\/p>\n<p><span style=\"color: maroon; font-family: Arial;\">&lt;1474&gt;<\/span><\/p>\n","protected":false},"excerpt":{"rendered":"<p>\u00abQui est islamophobe\u00a0?\u00a0\u00bb Question l\u00e9gitime quand on constate l&rsquo;abus et les cons\u00e9quences d\u00e9l\u00e9t\u00e8res de l&rsquo;usage de ce mot Samuel Paty \u00e9tait accus\u00e9 d&rsquo;\u00eatre islamophobe par certains parents d&rsquo;\u00e9l\u00e8ves musulmans du coll\u00e8ge dans lequel il enseignait. Et il a \u00e9t\u00e9 assassin\u00e9<\/p>\n","protected":false},"author":1,"featured_media":0,"comment_status":"open","ping_status":"closed","sticky":false,"template":"","format":"standard","meta":{"footnotes":""},"categories":[1],"tags":[15,23,86],"class_list":["post-9900","post","type-post","status-publish","format-standard","hentry","category-motdujour","tag-france","tag-humour","tag-islam"],"_links":{"self":[{"href":"https:\/\/lemotdujour.fr\/index.php?rest_route=\/wp\/v2\/posts\/9900","targetHints":{"allow":["GET"]}}],"collection":[{"href":"https:\/\/lemotdujour.fr\/index.php?rest_route=\/wp\/v2\/posts"}],"about":[{"href":"https:\/\/lemotdujour.fr\/index.php?rest_route=\/wp\/v2\/types\/post"}],"author":[{"embeddable":true,"href":"https:\/\/lemotdujour.fr\/index.php?rest_route=\/wp\/v2\/users\/1"}],"replies":[{"embeddable":true,"href":"https:\/\/lemotdujour.fr\/index.php?rest_route=%2Fwp%2Fv2%2Fcomments&post=9900"}],"version-history":[{"count":6,"href":"https:\/\/lemotdujour.fr\/index.php?rest_route=\/wp\/v2\/posts\/9900\/revisions"}],"predecessor-version":[{"id":9922,"href":"https:\/\/lemotdujour.fr\/index.php?rest_route=\/wp\/v2\/posts\/9900\/revisions\/9922"}],"wp:attachment":[{"href":"https:\/\/lemotdujour.fr\/index.php?rest_route=%2Fwp%2Fv2%2Fmedia&parent=9900"}],"wp:term":[{"taxonomy":"category","embeddable":true,"href":"https:\/\/lemotdujour.fr\/index.php?rest_route=%2Fwp%2Fv2%2Fcategories&post=9900"},{"taxonomy":"post_tag","embeddable":true,"href":"https:\/\/lemotdujour.fr\/index.php?rest_route=%2Fwp%2Fv2%2Ftags&post=9900"}],"curies":[{"name":"wp","href":"https:\/\/api.w.org\/{rel}","templated":true}]}}