{"id":990,"date":"2015-02-03T01:00:00","date_gmt":"2015-02-02T22:00:00","guid":{"rendered":"http:\/\/lemotdujour.fr\/?p=990"},"modified":"2018-01-11T00:01:31","modified_gmt":"2018-01-10T23:01:31","slug":"mardi-3-fevrier-2015","status":"publish","type":"post","link":"https:\/\/lemotdujour.fr\/?p=990","title":{"rendered":"Mardi 3 F\u00e9vrier 2015"},"content":{"rendered":"<div class=\"mdjDate\">Mardi 3 F\u00e9vrier 2015<\/div>\n<div class=\"mdjTexte\">\u00abL&rsquo;\u00e9galitarisme est une maladie contagieuse, il tue l&rsquo;initiative\u00bb<\/div>\n<div class=\"mdjAuteur\">Wu Jianmin, ancien ambassadeur de Chine en France<\/div>\n<div class=\"mdjComplements\">Je partage avec vous un petit \u00e9change de 4 mn entre Wu Jianmin et Alain Jupp\u00e9.<\/div>\n<div class=\"mdjComplements\">Alain Jupp\u00e9 dans cet \u00e9change est r\u00e9solument l&rsquo;homme de gauche d\u00e9fendant le mod\u00e8le social fran\u00e7ais.<\/div>\n<div class=\"mdjComplements\">L&rsquo;ambassadeur de la Chine communiste (sic) lui est le lib\u00e9ral \u00ab\u00a0droit dans ses bottes\u00a0\u00bb.<\/div>\n<div class=\"mdjComplements\">Cet \u00e9change a eu lieu lors de l&rsquo;universit\u00e9 d&rsquo;\u00e9t\u00e9 du MEDEF en ao\u00fbt 2014.<\/div>\n<div class=\"mdjComplements\">En r\u00e9sum\u00e9 : M. Wu Jianmin affirme : \u00ab L&rsquo;\u00e9galitarisme est une maladie contagieuse, il tue l&rsquo;initiative et tire son origine dans le populisme. \u00bb<\/div>\n<div class=\"mdjComplements\">Relanc\u00e9 par Alain Jupp\u00e9 qui r\u00e9torque que la Chine essaie bien de s&rsquo;inspirer du mod\u00e8le social fran\u00e7ais pour mettre en place une protection sociale il r\u00e9pond : \u00ab La Chine est en train de mettre en place son r\u00e9seau de protection sociale. Les d\u00e9cideurs chinois ont compris une chose : la protection sociale doit \u00eatre \u00e0 la mesure des moyens d&rsquo;un pays sinon le syst\u00e8me n&rsquo;est pas durable. \u00bb et ajoute \u00ab que les politiciens fran\u00e7ais n&rsquo;ont jamais eu le courage de faire les r\u00e9formes n\u00e9cessaires \u00e0 l&rsquo;\u00e9conomie de la France.\u00bb<\/div>\n<div class=\"mdjComplements\">Quant \u00e0 Alain Jupp\u00e9, il reconnait lui-m\u00eame que pour gagner les \u00e9lections en France \u00ab il faut \u00eatre d\u00e9magogue [mais] que le mod\u00e8le social \u00e0 la fran\u00e7aise fait partie de son logiciel, les \u00e9lecteurs \u00e9tant ses clients.\u00bb<\/div>\n<div class=\"mdjComplements\"><a href=\"http:\/\/www.agoravox.tv\/actualites\/societe\/article\/l-egalitarisme-est-une-maladie-46855\"><span style=\"color: #0000ff;\">&lt;Ici cet \u00e9change assez loin de la langue de bois et qui fait r\u00e9fl\u00e9chir&gt;<\/span><\/a><\/div>\n<div><\/div>\n<div><span style=\"color: #800000;\">&lt;432&gt;<\/span><\/div>\n","protected":false},"excerpt":{"rendered":"<p>Mardi 3 F\u00e9vrier 2015 \u00abL&rsquo;\u00e9galitarisme est une maladie contagieuse, il tue l&rsquo;initiative\u00bb Wu Jianmin, ancien ambassadeur de Chine en France Je partage avec vous un petit \u00e9change de 4 mn entre Wu Jianmin et Alain Jupp\u00e9. Alain Jupp\u00e9 dans cet<\/p>\n","protected":false},"author":1,"featured_media":0,"comment_status":"closed","ping_status":"closed","sticky":false,"template":"","format":"standard","meta":{"footnotes":""},"categories":[1],"tags":[70,10,15],"class_list":["post-990","post","type-post","status-publish","format-standard","hentry","category-motdujour","tag-chine","tag-economie","tag-france"],"_links":{"self":[{"href":"https:\/\/lemotdujour.fr\/index.php?rest_route=\/wp\/v2\/posts\/990","targetHints":{"allow":["GET"]}}],"collection":[{"href":"https:\/\/lemotdujour.fr\/index.php?rest_route=\/wp\/v2\/posts"}],"about":[{"href":"https:\/\/lemotdujour.fr\/index.php?rest_route=\/wp\/v2\/types\/post"}],"author":[{"embeddable":true,"href":"https:\/\/lemotdujour.fr\/index.php?rest_route=\/wp\/v2\/users\/1"}],"replies":[{"embeddable":true,"href":"https:\/\/lemotdujour.fr\/index.php?rest_route=%2Fwp%2Fv2%2Fcomments&post=990"}],"version-history":[{"count":3,"href":"https:\/\/lemotdujour.fr\/index.php?rest_route=\/wp\/v2\/posts\/990\/revisions"}],"predecessor-version":[{"id":3879,"href":"https:\/\/lemotdujour.fr\/index.php?rest_route=\/wp\/v2\/posts\/990\/revisions\/3879"}],"wp:attachment":[{"href":"https:\/\/lemotdujour.fr\/index.php?rest_route=%2Fwp%2Fv2%2Fmedia&parent=990"}],"wp:term":[{"taxonomy":"category","embeddable":true,"href":"https:\/\/lemotdujour.fr\/index.php?rest_route=%2Fwp%2Fv2%2Fcategories&post=990"},{"taxonomy":"post_tag","embeddable":true,"href":"https:\/\/lemotdujour.fr\/index.php?rest_route=%2Fwp%2Fv2%2Ftags&post=990"}],"curies":[{"name":"wp","href":"https:\/\/api.w.org\/{rel}","templated":true}]}}