{"id":9892,"date":"2020-10-20T02:03:20","date_gmt":"2020-10-20T00:03:20","guid":{"rendered":"http:\/\/lemotdujour.fr\/?p=9892"},"modified":"2020-10-30T10:25:06","modified_gmt":"2020-10-30T09:25:06","slug":"mardi-20-octobre-2020-2","status":"publish","type":"post","link":"https:\/\/lemotdujour.fr\/?p=9892","title":{"rendered":"Mardi 20 octobre 2020"},"content":{"rendered":"<div class=\"mdjTexte\">\u00abCela fait des si\u00e8cles que les fanatiques ha\u00efssent \u00ab l&rsquo;humour\u00a0\u00bb<\/div>\n<div class=\"mdjAuteur\">Guillaume Erner dans sa chronique du 19\/10\/2020<\/div>\n<p><span style=\"color: #777777; font-family: Arial;\">La terreur islamiste a de nouveau frapp\u00e9 la France. Une fois de plus le pr\u00e9texte fut le rire, un dessin, une caricature.<br \/>\n<\/span><\/p>\n<p><span style=\"color: #777777;\"><span style=\"font-family: Arial;\">En janvier 2015, apr\u00e8s les attentats des 7, 8 et 9 janvier \u00e0 Charlie Hebdo, Montrouge et \u00e0 l&rsquo;Hyper Cacher, j&rsquo;avais \u00e9crit le mot du jour du &lt;<a href=\"https:\/\/lemotdujour.fr\/?p=958\"><span style=\"color: blue; text-decoration: underline;\"><span style=\"color: #0000ff; text-decoration: underline;\">12 janvier 2015<\/span><\/span><\/a>&gt; qui \u00e9tait une r\u00e9flexion sur le rire, sur sa force et l&rsquo;arme qu&rsquo;il constitue contre les intol\u00e9rants, les totalitaires de toute ob\u00e9dience et parmi lesquels les fanatiques religieux constituent une des pires esp\u00e8ces.<\/span><span style=\"font-family: Times New Roman;\"><br \/>\n<\/span><\/span><\/p>\n<p><span style=\"color: #777777;\"><span style=\"font-family: Arial;\">Pour ce faire, je m&rsquo;\u00e9tais appuy\u00e9 sur \u00ab<strong>le nom de la Rose<\/strong>\u00bb d&rsquo;Umberto Ecco et cette diatribe du moine fanatique qui empoisonnait ses fr\u00e8res religieux qui s&rsquo;int\u00e9ressaient \u00e0 un livre qui \u00e9voquait le rire\u00a0:<\/span><span style=\"font-family: Times New Roman;\"><br \/>\n<\/span><\/span><\/p>\n<p style=\"margin-left: 28pt;\"><span style=\"color: #c00000;\"><span style=\"font-family: Arial;\">\u00ab\u00a0Le rire lib\u00e8re de la peur du diable, [\u2026]<br \/>\nLe rire distrait, quelques instants de la peur.<br \/>\nMais la loi s&rsquo;impose \u00e0 travers la peur, dont le vrai nom est crainte de Dieu. [\u2026]<br \/>\nEt que serions nous, nous cr\u00e9atures p\u00e9cheresses, sans la peur, peut \u00eatre le plus sage et le plus affectueux des dons divins ?\u00a0\u00bb<\/span><span style=\"font-family: Times New Roman;\"><br \/>\n<\/span><\/span><\/p>\n<p><span style=\"color: #777777; font-family: Arial;\">Ce lundi matin Guillaume Erner en se basant lui aussi sur \u00ab<strong>le nom de la Rose<\/strong>\u00bb a \u00e9galement parl\u00e9 du rire dans sa chronique\u00a0: \u00ab\u00a0<strong>L&rsquo;Humeur du matin par Guillaume Erner<\/strong> \u00a0\u00bb\u00a0:<br \/>\n<\/span><\/p>\n<p><span style=\"color: #777777; font-family: Arial;\"><span style=\"color: #0000ff;\">&lt;<a style=\"color: #0000ff;\" href=\"https:\/\/www.franceculture.fr\/emissions\/lhumeur-du-matin-par-guillaume-erner\/lhumeur-du-jour-emission-du-lundi-19-octobre-2020\">Qu&rsquo;est ce qui a \u00e9t\u00e9 vis\u00e9 en Samuel Paty ?<\/a> &gt;<\/span><br \/>\n<\/span><\/p>\n<p><span style=\"color: #777777; font-family: Arial;\">Et la r\u00e9ponse de Guillaume Erner est\u00a0:<br \/>\n<\/span><\/p>\n<p style=\"margin-left: 28pt;\"><span style=\"color: #c00000; font-family: Arial;\">\u00ab\u00a0A peu pr\u00e8s tout ce que nous aimons, le savoir, le partage, la tol\u00e9rance, mais aussi, le rire, le rire qui r\u00e9capitule probablement ce qui pr\u00e9c\u00e8de, le savoir, le partage et la tol\u00e9rance.\u00a0\u00bb<br \/>\n<\/span><\/p>\n<p><img loading=\"lazy\" decoding=\"async\" class=\"alignleft\" src=\"https:\/\/lemotdujour.fr\/wp-content\/uploads\/2020\/10\/101920_2003_Mardi20octo1.jpg\" alt=\"\" width=\"297\" height=\"370\" align=\"left\" \/><span style=\"color: #777777; font-family: Arial;\">Et il ajoute\u00a0:<br \/>\n<\/span><\/p>\n<p style=\"margin-left: 28pt;\"><span style=\"color: #c00000; font-family: Arial;\">\u00ab [&#8230;] Le terroriste qui a frapp\u00e9 au nom de l&rsquo;islam ne s&rsquo;est pas seulement attaqu\u00e9 \u00e0 un enseignant professant le dialogue et l&rsquo;ouverture, la la\u00efcit\u00e9 et la coexistence, il s&rsquo;en est pris \u00e0 quelqu&rsquo;un qui enseignait le rire.<br \/>\n<\/span><\/p>\n<p style=\"margin-left: 28pt;\"><span style=\"color: #c00000; font-family: Arial;\">Ce qu&rsquo;il y a de plus singulier dans ces assassinats, tellement nombreux h\u00e9las, depuis le premier attentat contre Charlie Hebdo, c&rsquo;est que ces terroristes visent le rire. Ces fanatiques ne s&rsquo;en sont pas pris \u00e0 des pr\u00eacheurs d&rsquo;intol\u00e9rance, \u00e0 des promoteurs de la haine, non ils s&rsquo;en sont pris \u00e0 des dessinateurs de crobar, ou \u00e0 ceux qui montraient ces petits crobars. Pourquoi cette obsession ? Pourquoi cette r\u00e9action inou\u00efe face \u00e0 des dessins humoristiques ? [\u2026]<br \/>\n<\/span><\/p>\n<p style=\"margin-left: 28pt;\"><span style=\"color: #c00000; font-family: Arial;\">En r\u00e9alit\u00e9, <strong>cela fait des si\u00e8cles que les fanatiques ha\u00efssent \u00ab l&rsquo;humour \u00bb.<\/strong> Cette haine est d&rsquo;ailleurs au c\u0153ur de l&rsquo;un des plus grands romans historiques du XXe si\u00e8cle, \u00ab\u00a0Le nom de la rose\u00a0\u00bb, d&rsquo;Umberto Eco. Souvenez-vous, dans le \u00ab nom de la rose \u00bb, le personnage central Guillaume De Baskerville est un jeune franciscain amoureux du rire, il affronte le vieux moine aveugle, contempteur du rire, Jorge de Burgos. D&rsquo;ailleurs il est largement question, dans le nom de la rose, non pas des caricatures de Mahomet, mais d&rsquo;un de leurs \u00e9quivalents pour l&rsquo;\u00e9glise du Moyen \u00c2ge, le texte parodique et truculent des \u00ab Cena Cypriani \u00bb, r\u00e9dig\u00e9 au IX e si\u00e8cle, ou il est notamment question d&rsquo;un banquet ou J\u00e9sus mange un \u00e2ne \u00e0 belles dents\u2026<br \/>\n<\/span><\/p>\n<p style=\"margin-left: 28pt;\"><span style=\"color: #c00000; font-family: Arial;\">Or l&rsquo;\u00e9glise condamne le rire ; il n&rsquo;y a pas de passage pr\u00e9sentant J\u00e9sus riant, et la r\u00e8gle monastique de Saint Benoit interdit \u00ab le rire prolong\u00e9 ou aux \u00e9clats \u00bb.<br \/>\n<\/span><\/p>\n<p style=\"margin-left: 28pt;\"><span style=\"color: #c00000; font-family: Arial;\">Pourquoi cette haine du rire ?<br \/>\n<\/span><\/p>\n<p style=\"margin-left: 28pt;\"><span style=\"color: #c00000; font-family: Arial;\">Parce que le rire est la libre interpr\u00e9tation \u2013 il doit permettre une lecture au premier, deuxi\u00e8me ou troisi\u00e8me degr\u00e9 ? On peut rire ou ne pas rire, le rire est de la libert\u00e9, et souvent on n&rsquo;y peut rien : il n&rsquo;y a rien de pire que de se forcer \u00e0 rire.<br \/>\n<\/span><\/p>\n<p style=\"margin-left: 28pt;\"><span style=\"color: #c00000; font-family: Arial;\">D&rsquo;o\u00f9 ce que Guillaume de Baskerville r\u00e9pond au moine Jorge de Burgos dans la sc\u00e8ne finale : \u00ab le diable est la foi sans sourire (\u2026). Je te hais Jorge, et si je pouvais je te m\u00e8nerai en bas sur le plateau, nu avec des plumes de volatile enfil\u00e9es dans le trou du cul, et la face peinte comme un jongleur et un bouffon, pour que tout le monast\u00e8re rie de toi, et n&rsquo;ait plus peur \u00bb.<br \/>\n<\/span><\/p>\n<p style=\"margin-left: 28pt;\"><span style=\"color: #c00000; font-family: Arial;\">Guillaume avait raison, rire des fanatiques est la meilleure mani\u00e8re de les montrer pour ce qu&rsquo;ils sont, des bouffons.\u00a0\u00bb<br \/>\n<\/span><\/p>\n<p><span style=\"color: #777777; font-family: Arial;\">Cette chronique renvoie aussi vers un article qui \u00e9voque le sujet du rire et de la religion, dans le Nom de la Rose\u00a0: &lt;<a href=\"https:\/\/www.persee.fr\/doc\/bude_1247-6862_1999_num_58_4_2446\"><span style=\"color: #0000ff;\">Probl\u00e9matique du rire dans Le Nom de la Rose d&rsquo;Umberto Eco (1980<\/span>)<\/a>&gt;<br \/>\n<\/span><\/p>\n<p><img loading=\"lazy\" decoding=\"async\" class=\"alignnone size-full wp-image-9960\" src=\"https:\/\/lemotdujour.fr\/wp-content\/uploads\/2020\/10\/122564063_10224275179811554_3972161993130199884_n.jpg\" alt=\"\" width=\"567\" height=\"482\" srcset=\"https:\/\/lemotdujour.fr\/wp-content\/uploads\/2020\/10\/122564063_10224275179811554_3972161993130199884_n.jpg 567w, https:\/\/lemotdujour.fr\/wp-content\/uploads\/2020\/10\/122564063_10224275179811554_3972161993130199884_n-300x255.jpg 300w\" sizes=\"auto, (max-width: 567px) 100vw, 567px\" \/><\/p>\n<p><span style=\"color: maroon; font-family: Arial;\">&lt;1473&gt;<\/span><\/p>\n","protected":false},"excerpt":{"rendered":"<p>\u00abCela fait des si\u00e8cles que les fanatiques ha\u00efssent \u00ab l&rsquo;humour\u00a0\u00bb Guillaume Erner dans sa chronique du 19\/10\/2020 La terreur islamiste a de nouveau frapp\u00e9 la France. Une fois de plus le pr\u00e9texte fut le rire, un dessin, une caricature. En<\/p>\n","protected":false},"author":1,"featured_media":0,"comment_status":"open","ping_status":"closed","sticky":false,"template":"","format":"standard","meta":{"footnotes":""},"categories":[1],"tags":[15,23,86],"class_list":["post-9892","post","type-post","status-publish","format-standard","hentry","category-motdujour","tag-france","tag-humour","tag-islam"],"_links":{"self":[{"href":"https:\/\/lemotdujour.fr\/index.php?rest_route=\/wp\/v2\/posts\/9892","targetHints":{"allow":["GET"]}}],"collection":[{"href":"https:\/\/lemotdujour.fr\/index.php?rest_route=\/wp\/v2\/posts"}],"about":[{"href":"https:\/\/lemotdujour.fr\/index.php?rest_route=\/wp\/v2\/types\/post"}],"author":[{"embeddable":true,"href":"https:\/\/lemotdujour.fr\/index.php?rest_route=\/wp\/v2\/users\/1"}],"replies":[{"embeddable":true,"href":"https:\/\/lemotdujour.fr\/index.php?rest_route=%2Fwp%2Fv2%2Fcomments&post=9892"}],"version-history":[{"count":4,"href":"https:\/\/lemotdujour.fr\/index.php?rest_route=\/wp\/v2\/posts\/9892\/revisions"}],"predecessor-version":[{"id":9961,"href":"https:\/\/lemotdujour.fr\/index.php?rest_route=\/wp\/v2\/posts\/9892\/revisions\/9961"}],"wp:attachment":[{"href":"https:\/\/lemotdujour.fr\/index.php?rest_route=%2Fwp%2Fv2%2Fmedia&parent=9892"}],"wp:term":[{"taxonomy":"category","embeddable":true,"href":"https:\/\/lemotdujour.fr\/index.php?rest_route=%2Fwp%2Fv2%2Fcategories&post=9892"},{"taxonomy":"post_tag","embeddable":true,"href":"https:\/\/lemotdujour.fr\/index.php?rest_route=%2Fwp%2Fv2%2Ftags&post=9892"}],"curies":[{"name":"wp","href":"https:\/\/api.w.org\/{rel}","templated":true}]}}