{"id":9884,"date":"2020-10-19T02:42:00","date_gmt":"2020-10-19T00:42:00","guid":{"rendered":"http:\/\/lemotdujour.fr\/?p=9884"},"modified":"2020-10-19T22:07:03","modified_gmt":"2020-10-19T20:07:03","slug":"lundi-19-octobre-2020-2","status":"publish","type":"post","link":"https:\/\/lemotdujour.fr\/?p=9884","title":{"rendered":"Lundi 19 octobre 2020"},"content":{"rendered":"<div class=\"mdjTexte\">\u00abMis\u00e9ricordieux\u00bb<\/div>\n<div class=\"mdjAuteur\">Mot souvent utilis\u00e9 par des croyants en \u00e9voquant le dieu auquel ils croient<\/div>\n<p><span style=\"color: #777777; font-family: Arial;\">Selon le dictionnaire du &lt;<span style=\"color: #0000ff;\"><a style=\"color: #0000ff;\" href=\"https:\/\/www.cnrtl.fr\/etymologie\/mis%C3%A9ricorde\"><span style=\"color: #0000ff;\">CNRS<\/span><\/a><\/span>&gt;, la mis\u00e9ricorde se d\u00e9finit ainsi\u00a0:<br \/>\n<\/span><\/p>\n<p style=\"margin-left: 28pt;\"><span style=\"color: #c00000; font-family: Arial;\">\u00ab\u00a01<sup>re<\/sup>moiti\u00e9 du xii<sup>e<\/sup>s. <em>misericorde<\/em> \u00abbont\u00e9 par laquelle Dieu pardonne aux hommes. [\u2026] Emprunt\u00e9 au latin<em> misericordia<\/em> \u00abcompassion, piti\u00e9\u00bb, d\u00e9r. de <em>misericors<\/em> \u00abqui a le c\u0153ur (<em>cors<\/em>) sensible \u00e0 la piti\u00e9\u00bb.\u00bb<br \/>\n<\/span><\/p>\n<p><span style=\"color: #777777; font-family: Arial;\">Nous sommes donc dans la combinaison des trois mots latins suivants :<br \/>\n<\/span><\/p>\n<ul>\n<li><span style=\"color: #777777; font-family: Arial;\">miser (\u00ab malheureux \u00bb)<br \/>\n<\/span><\/li>\n<li><span style=\"color: #777777; font-family: Arial;\">misereor (\u00ab avoir piti\u00e9 \u00bb)<br \/>\n<\/span><\/li>\n<li><span style=\"color: #777777; font-family: Arial;\">cor, cordis (\u00ab c\u0153ur \u00bb)<br \/>\n<\/span><\/li>\n<\/ul>\n<p><span style=\"color: #777777; font-family: Arial;\">Le Littr\u00e9 donne encore d&rsquo;autres explications\u00a0: <a href=\"https:\/\/www.littre.org\/definition\/mis%C3%A9ricorde\">&lt;<span style=\"color: #0000ff;\">Mis\u00e9ricorde<\/span>&gt;<\/a><br \/>\n<\/span><\/p>\n<p><span style=\"color: #777777; font-family: Arial;\">Mais le mot utilis\u00e9 par les religieux est \u00ab\u00a0<strong>mis\u00e9ricordieux<\/strong>\u00a0\u00bb.<br \/>\n<\/span><\/p>\n<p><span style=\"color: #777777; font-family: Arial;\">Le dictionnaire &lt;<a href=\"https:\/\/www.cnrtl.fr\/definition\/mis%C3%A9ricordieux\"><span style=\"color: #0000ff;\">CNRS<\/span><\/a>&gt; d\u00e9finit ce mot de la mani\u00e8re suivante :<br \/>\n<\/span><\/p>\n<p style=\"margin-left: 28pt;\"><span style=\"color: #c00000; font-family: Arial;\">\u00ab\u00a0Plein de mis\u00e9ricorde, qui pardonne g\u00e9n\u00e9reusement\u00a0\u00bb.<br \/>\n<\/span><\/p>\n<p><span style=\"color: #777777; font-family: Arial;\">L&rsquo;assassin de Samuel Paty a tweet\u00e9 sur son compte apr\u00e8s son sinistre forfait, comme le relate &lt;<span style=\"color: #0000ff;\"><a style=\"color: #0000ff;\" href=\"https:\/\/www.lemonde.fr\/societe\/article\/2020\/10\/17\/attentat-de-conflans-un-hommage-national-sera-rendu-a-l-enseignant-assassine-vendredi-annonce-l-elysee_6056408_3224.html\">Le Monde<\/a><\/span>&gt;\u00a0:<br \/>\n<\/span><\/p>\n<p style=\"margin-left: 28pt;\"><span style=\"color: #c00000; font-family: Arial;\">\u00ab\u00a0Un message de revendication a \u00e9t\u00e9 publi\u00e9 sur un compte Twitter, vendredi, quelques minutes apr\u00e8s le drame. Un compte sous le pseudonyme @Tchetchene_270 sur lequel apparaissait une photo de la t\u00eate d\u00e9capit\u00e9e du professeur avec le message\u00a0: <em>\u00ab\u00a0Au nom d&rsquo;Allah, le tout mis\u00e9ricordieux, le tr\u00e8s mis\u00e9ricordieux, <\/em>(\u2026)<em> \u00e0 Macron, le dirigeant des infid\u00e8les, j&rsquo;ai ex\u00e9cut\u00e9 un de tes chiens de l&rsquo;enfer qui a os\u00e9 rabaisser Muhammad, calme ses semblables avant qu&rsquo;on ne vous inflige un dur ch\u00e2timent.\u00a0\u00bb\u00a0\u00bb<br \/>\n<\/em><\/span><\/p>\n<p><span style=\"color: #777777; font-family: Arial;\">Alors, on explique que la mis\u00e9ricorde d\u00e9crite ainsi est l&rsquo;acceptation chr\u00e9tienne de ce mot, dans laquelle le pardon est au c\u0153ur du sentiment.<br \/>\n<\/span><\/p>\n<p><span style=\"color: #777777; font-family: Arial;\">Mais il semble que l&rsquo;islam ne donne pas la m\u00eame d\u00e9finition.<br \/>\n<\/span><\/p>\n<p><span style=\"color: #777777; font-family: Arial;\">&lt;<a href=\"https:\/\/fr.wikipedia.org\/wiki\/Mis%C3%A9ricorde_(islam)\"><span style=\"color: #0000ff;\">Wikipedia<\/span><\/a>&gt; explique ainsi que\u00a0:<br \/>\n<\/span><\/p>\n<p style=\"margin-left: 28pt;\"><span style=\"color: #c00000; font-family: Arial;\">\u00ab Rahma \u00bb est un concept coranique souvent associ\u00e9 \u00e0 la mis\u00e9ricorde divine et se traduisant par \u00ab la sensibilit\u00e9 \u00bbou \u00ab la bont\u00e9, la bienveillance \u00bb Pr\u00e9sent 114 fois dans le Coran, ce terme concerne Allah, sauf trois fois o\u00f9 le terme est utilis\u00e9 pour des humains :\u00ab les fils envers leurs p\u00e8re et m\u00e8re (XVII, 24), les \u00e9poux entre eux (XXX, 21), les Chr\u00e9tiens entre eux (LVII, 27). \u00bb<br \/>\n<\/span><span style=\"color: #c00000; font-family: Arial;\">La traduction la plus courante de ce concept est \u00ab\u00a0mis\u00e9ricorde\u00a0\u00bb. Pour D. Gimaret, elle \u00ab est inad\u00e9quate, pour la raison que dans le fran\u00e7ais actuel, et notamment dans le vocabulaire religieux, \u00abmis\u00e9ricorde\u00bb inclut fondamentalement l&rsquo;id\u00e9e de pardon \u00bb. Alors que le principe de pardon divin est g\u00e9n\u00e9ralement absent du concept de Rahma. \u00bb<br \/>\n<\/span><\/p>\n<p><span style=\"color: #777777; font-family: Arial;\">Nous avons plus de pr\u00e9cisions sur ce &lt;<a href=\"https:\/\/misericordedivine.fr\/la-misericorde-dans-lislam\/\"><span style=\"color: #0000ff;\">site<\/span><\/a>&gt;<br \/>\n<\/span><\/p>\n<p style=\"margin-left: 28pt;\"><span style=\"color: #c00000; font-family: Arial;\">\u00ab\u00a0\u00ab Au nom d&rsquo;Allah le Tout Mis\u00e9ricordieux, le Tr\u00e8s Mis\u00e9ricordieux \u00bb. Le Coran s&rsquo;ouvre par ces mots, ainsi que 113 des 114 sourates qui le composent. Une sourate enti\u00e8re, la 55, porte le nom de ar-Rahm\u00e2n, \u00ab le Tout Mis\u00e9ricordieux \u00bb. En outre, la F\u00e2tiha (la premi\u00e8re sourate) est r\u00e9cit\u00e9e par les musulmans \u00e0 chacune de leurs cinq pri\u00e8res quotidiennes. Enfin, la liste des 99 \u00ab beaux noms de Dieu \u00bb de la tradition islamique, commence par : Dieu (All\u00e2h), le Bienfaiteur (ar-Rah\u00eem), le Mis\u00e9ricordieux (ar-Rahm\u00e2n). La notion de mis\u00e9ricorde est donc tr\u00e8s pr\u00e9sente dans l&rsquo;islam.<br \/>\n<\/span><\/p>\n<p style=\"margin-left: 28pt;\"><span style=\"color: #c00000; font-family: Arial;\">Que signifie-t-elle au juste ?<br \/>\n<\/span><\/p>\n<p style=\"margin-left: 28pt;\"><span style=\"color: #c00000; font-family: Arial;\">[\u2026] On l&rsquo;a vu, \u00e0 proprement parler, la mis\u00e9ricorde en islam d\u00e9signe davantage la compassion ou la bienveillance (d&rsquo;Allah ou des croyants) que le pardon des fautes. Interpr\u00e9ter ces versets coraniques avec la compr\u00e9hension chr\u00e9tienne du terme \u00ab mis\u00e9ricorde \u00bb serait faire un profond contresens. L&rsquo;Encyclop\u00e9die de l&rsquo;islam ne craint pas d&rsquo;affirmer que l&rsquo;id\u00e9e de pardon \u00ab est totalement absente des emplois coraniques de rahma \u00bb, m\u00eame si le Coran associe parfois ces notions : Ton Seigneur est celui qui pardonne : Il est le ma\u00eetre de la mis\u00e9ricorde (XVIII, 58).<br \/>\n<\/span><\/p>\n<p style=\"margin-left: 28pt;\"><span style=\"color: #c00000; font-family: Arial;\">D&rsquo;ailleurs, l&rsquo;islam est aussi tr\u00e8s loin de l&rsquo;id\u00e9e chr\u00e9tienne d&rsquo;un pardon illimit\u00e9 s&rsquo;\u00e9tendant \u00e0 toutes les fautes et \u00e0 tous les hommes ! Il suffit de comparer la parabole du d\u00e9biteur impitoyable auquel le ma\u00eetre remet 10 000 talents, ou la r\u00e9ponse de J\u00e9sus \u00e0 Pierre \u00ab Je ne te dis pas [de pardonner] jusqu&rsquo;\u00e0 sept fois, mais jusqu&rsquo;\u00e0 soixante-dix fois sept fois \u00bb (cf. Mt 18,21-22) avec ce verset coranique : [\u2026] Il pardonne \u00e0 qui Il veut. (IV, 116). Non seulement, Dieu ne pardonne qu&rsquo;aux musulmans, auxquels il r\u00e9serve son paradis, mais ce pardon s&rsquo;\u00e9tend arbitrairement sur \u00ab qui il veut \u00bb [\u2026] A cinq reprises, le Coran affirmera : \u00ab Dieu pardonne \u00e0 qui Il veut ; Il ch\u00e2tie qui Il veut \u00bb (II, 284 ; III, 129 ; V,18 ; V,40 ; XLVIII, 14) \u00a0\u00bb<br \/>\n<\/span><\/p>\n<p><span style=\"color: #777777; font-family: Arial;\">Mais ceci est de l&rsquo;ordre religieux.<br \/>\n<\/span><\/p>\n<p><span style=\"color: #777777; font-family: Arial;\">En France, ce n&rsquo;est pas la loi religieuse qui s&rsquo;impose, mais la Loi de la R\u00e9publique.<br \/>\n<\/span><\/p>\n<p><span style=\"color: #777777; font-family: Arial;\">Et nous la d\u00e9fendons fort mal.<br \/>\n<\/span><\/p>\n<p><span style=\"color: #777777; font-family: Arial;\">Ce professeur, Samuel Paty a fait son devoir, il a voulu expliquer \u00e0 ses \u00e9l\u00e8ves ce qu&rsquo;\u00e9tait la libert\u00e9 d&rsquo;expression, comme le voulait le programme de l&rsquo;\u00e9ducation nationale.<br \/>\n<\/span><\/p>\n<p><span style=\"color: #777777; font-family: Arial;\">Mais pour que cet enseignement ne s&rsquo;abime pas dans le concept, il a voulu expliquer en quoi les caricatures de Mahomet constituent une expression de cette libert\u00e9.<br \/>\n<\/span><\/p>\n<p><span style=\"color: #777777; font-family: Arial;\">Il a m\u00eame pris la pr\u00e9caution de sugg\u00e9rer \u00e0 des \u00e9l\u00e8ves qui pourraient \u00eatre \u00ab\u00a0choqu\u00e9s\u00a0\u00bb par ces dessins de se cacher les yeux ou de quitter momentan\u00e9ment la classe.<br \/>\n<\/span><\/p>\n<p><span style=\"color: #777777; font-family: Arial;\">Il a accompli sa mission, l&rsquo;apprentissage des Lois de la R\u00e9publique.<br \/>\n<\/span><\/p>\n<p><span style=\"color: #777777; font-family: Arial;\">Et que lisons-nous\u00a0dans cet &lt;<span style=\"color: #0000ff;\"><a style=\"color: #0000ff;\" href=\"https:\/\/www.liberation.fr\/france\/2020\/10\/17\/conflans-une-note-du-renseignement-retrace-la-chronologie-des-faits_1802718\">article de Lib\u00e9ration ?<\/a><\/span>&gt;<br \/>\n<\/span><\/p>\n<p style=\"margin-left: 28pt;\"><span style=\"color: #c00000; font-family: Arial;\">\u00ab\u00a0Lib\u00e9ration a pu consulter une note du renseignement territorial des Yvelines (RT78) r\u00e9dig\u00e9e le 12 octobre. Elle \u00e9tablit une chronologie pr\u00e9cise des \u00e9v\u00e9nements depuis le 5 octobre, et le cours tenu par Samuel Paty, durant lequel le professeur d&rsquo;histoire a montr\u00e9 une caricature de Mahomet \u00e0 des \u00e9l\u00e8ves de 4e. La note affirme que l&rsquo;\u00e9pisode a d\u00e9clench\u00e9 \u00abune vive pol\u00e9mique chez certains parents de confession musulmane, consid\u00e9rant qu&rsquo;il s&rsquo;agit d&rsquo;une v\u00e9ritable offense\u00bb. Le RT des Yvelines envisage alors des \u00abmenaces de sit-in et de manifestations\u00bb, et transmet ses observations \u00e0 sa centrale (SCRT), \u00e0 l&rsquo;antenne yvelinoise de la Direction g\u00e9n\u00e9rale de la s\u00e9curit\u00e9 int\u00e9rieure (DDSI), aux pr\u00e9fectures des Yvelines et de Paris.<br \/>\n<\/span><\/p>\n<p style=\"margin-left: 28pt;\"><span style=\"color: #c00000; font-family: Arial;\">Le document confirme que Samuel Paty a pr\u00e9alablement demand\u00e9 aux \u00e9l\u00e8ves \u00abqui pourraient \u00eatre offens\u00e9s par cette image, de fermer les yeux ou de sortir de la classe quelques secondes en pr\u00e9sence d&rsquo;une auxiliaire de vie scolaire\u00bb. C&rsquo;est la pr\u00e9sence, \u00e0 ce moment-l\u00e0, d&rsquo;une accompagnante d&rsquo;un \u00e9l\u00e8ve en situation de handicap (AESH) qui permet de confirmer les d\u00e9tails de la sc\u00e8ne. Le lendemain, une m\u00e8re de famille \u00ab contactait la principale en pleurs \u00bb, affirme la note du RT78, \u00ablui rapportant que sa fille avait \u00e9t\u00e9 mise \u00e0 l&rsquo;\u00e9cart dans le couloir sous pr\u00e9texte qu&rsquo;elle \u00e9tait musulmane\u00bb, et qu&rsquo;elle \u00abvivait cette situation comme une discrimination\u00bb. La cheffe d&rsquo;\u00e9tablissement demande alors \u00e0 Samuel Paty de rencontrer la m\u00e8re en fin de semaine, et de revenir avec la classe concern\u00e9e sur son enseignement \u00abcontrovers\u00e9\u00bb, en l&rsquo;invitant \u00e9galement \u00e0 \u00abs&rsquo;excuser s&rsquo;il avait \u00e9t\u00e9 maladroit\u00bb. L&rsquo;int\u00e9ress\u00e9 s&rsquo;ex\u00e9cute, pr\u00e9cise le document du renseignement.<br \/>\n<\/span><\/p>\n<p style=\"margin-left: 28pt;\"><span style=\"color: #c00000; font-family: Arial;\">Pour autant, la tension ne retombe pas. Selon le RT78, la cheffe d&rsquo;\u00e9tablissement re\u00e7oit le 7 octobre \u00abdes messages anonymes de protestation, via la bo\u00eete mail de l&rsquo;\u00e9tablissement\u00bb. L&rsquo;un d&rsquo;entre eux mettait en exergue le climat de d\u00e9fiance envers les musulmans: \u00abFace au climat actuel de la France, o\u00f9 un climat d&rsquo;islamophobie s&rsquo;est install\u00e9, pourquoi cherchez-vous \u00e0 diviser en plus d\u00e8s le plus jeune \u00e2ge?\u00bb<br \/>\n<\/span><\/p>\n<p style=\"margin-left: 28pt;\"><span style=\"color: #c00000; font-family: Arial;\">La principale rencontre ensuite le p\u00e8re de famille et le pr\u00e9dicateur du collectif Cheikh-Yassine, Abdelhakim Sefrioui, actuellement en garde \u00e0 vue apr\u00e8s la diffusion de vid\u00e9os virales sur les r\u00e9seaux sociaux. Sefrioui y qualifie notamment Samuel Paty de \u00abvoyou \u00bb. Lors de l&rsquo;entrevue avec la cheffe d&rsquo;\u00e9tablissement, ils font part de leur col\u00e8re et refusent de rencontrer Samuel Paty. Cette derni\u00e8re demande alors, selon la note du RT78, \u00abl&rsquo;intervention de l&rsquo;\u00e9quipe La\u00efcit\u00e9 et Valeurs de la R\u00e9publique [personnels d&rsquo;accompagnement et de pr\u00e9vention de l&rsquo;Acad\u00e9mie, ndlr]\u00bb. Par ailleurs, la venue d&rsquo;un inspecteur est programm\u00e9e le 9 octobre \u00e0 13h45, afin \u00abd&rsquo;accompagner la principale lors d&rsquo;un entretien avec le professeur pour notamment lui rappeler les r\u00e8gles de la\u00efcit\u00e9 et de neutralit\u00e9\u00bb. En outre, poursuit le document, \u00abcela permettait de pr\u00e9parer la rencontre programm\u00e9e entre le professeur, la principale puis les parents d&rsquo;\u00e9l\u00e8ves\u00bb.<br \/>\n<\/span><\/p>\n<p style=\"margin-left: 28pt;\"><span style=\"color: #c00000; font-family: Arial;\">En d\u00e9pit de la diffusion des vid\u00e9os qui ont anim\u00e9 les r\u00e9seaux sociaux, la note du RT78 conclut: \u00ab La communication entre la direction et les familles a visiblement permis d&rsquo;apaiser les tensions, lesquelles sont principalement du fait de la famille C. [le p\u00e8re actuellement en garde \u00e0 vue, ndlr]. Pr\u00e9cisons que pour l&rsquo;heure, les responsables de la communaut\u00e9 musulmane locale ne sont pas manifest\u00e9s. [\u2026] Au sein du coll\u00e8ge, aucune tension majeure n&rsquo;est palpable, tant du c\u00f4t\u00e9 de la communaut\u00e9 \u00e9ducative que de la f\u00e9d\u00e9ration des parents d&rsquo;\u00e9l\u00e8ves qui, tout en reconnaissant une certaine maladresse du professeur (bien appr\u00e9ci\u00e9 par sa hi\u00e9rarchie), ne le d\u00e9savoue pas pour autant \u00bb<br \/>\n<\/span><\/p>\n<p><span style=\"color: #777777; font-family: Arial;\">Je lis donc qu&rsquo;on a demand\u00e9 \u00e0 ce remarquable professeur de s&rsquo;excuser aupr\u00e8s de parents en plein d\u00e9lire et m\u00eame qu&rsquo;un inspecteur avait l&rsquo;intention de lui rappeler les r\u00e8gles la\u00efcit\u00e9 et de neutralit\u00e9\u00a0!<br \/>\n<\/span><\/p>\n<p><span style=\"color: #777777; font-family: Arial;\"><strong>C&rsquo;est inadmissible !<\/strong><br \/>\n<\/span><\/p>\n<p><span style=\"color: #777777; font-family: Arial;\">On ne peut pas mettre sur un m\u00eame plan le r\u00f4le de ce professeur et la sensibilit\u00e9 exacerb\u00e9e d&rsquo;une famille.<br \/>\n<\/span><\/p>\n<p><span style=\"color: #777777; font-family: Arial;\">L&rsquo;\u00c9ducation Nationale, L\u2019\u00c9tat Fran\u00e7ais n&rsquo;ont pas dit le Droit, pas fait parler la R\u00e9publique.<br \/>\n<\/span><\/p>\n<p><span style=\"color: #777777; font-family: Arial;\">Alors, depuis il y a eu le meurtre et maintenant le langage est diff\u00e9rent.<br \/>\n<\/span><\/p>\n<p><img decoding=\"async\" class=\"alignleft\" src=\"https:\/\/lemotdujour.fr\/wp-content\/uploads\/2020\/10\/101820_1842_Lundi19octo1.png\" alt=\"\" align=\"left\" \/><span style=\"color: #777777; font-family: Arial;\">Comme la Mosqu\u00e9e de Pantin qui a diffus\u00e9 la vid\u00e9o d&rsquo;un p\u00e8re de famille revendicatif.<br \/>\n<\/span><\/p>\n<p><span style=\"color: #777777; font-family: Arial;\">Apr\u00e8s avoir supprim\u00e9 cette diffusion, apr\u00e8s l&rsquo;acte de terrorisme, la Mosqu\u00e9e de Pantin a appel\u00e9 \u00e0 manifester pour la paix\u00a0!!\u00a0??<br \/>\n<\/span><\/p>\n<p><span style=\"color: #777777; font-family: Arial;\">Les responsables de la Mosqu\u00e9e reconnaissent avoir diffus\u00e9 l&rsquo;appel <span style=\"color: #0000ff;\">&lt;<a style=\"color: #0000ff;\" href=\"https:\/\/www.liberation.fr\/france\/2020\/10\/18\/attentat-de-conflans-sainte-honorine-la-mosquee-de-pantin-reconnait-avoir-diffuse-la-video-du-pere-d_1802733\">la mosqu\u00e9e de Pantin reconna\u00eet avoir diffus\u00e9 la vid\u00e9o du p\u00e8re de famille<\/a> &gt;<\/span><br \/>\n<\/span><\/p>\n<p><span style=\"color: #777777; font-family: Arial;\">La d\u00e9fense du pr\u00e9sident de la Mosqu\u00e9e interrog\u00e9 est surprenante\u00a0:<br \/>\n<\/span><\/p>\n<p style=\"margin-left: 28pt;\"><span style=\"color: #c00000; font-family: Arial;\">\u00abJe n&rsquo;ai pas \u00e9t\u00e9 choqu\u00e9 par les caricatures. Qu&rsquo;elles soient publi\u00e9es ou non, on s&rsquo;en fiche maintenant.\u00bb [\u2026] Ce qui aurait motiv\u00e9 M Henniche, c&rsquo;est la discrimination impos\u00e9e, selon lui, aux \u00e9l\u00e8ves musulmans dans le cadre du cours donn\u00e9 le 5 octobre par Samuel Paty. \u00abJe ne comprends pas que l&rsquo;on demande \u00e0 des enfants de la R\u00e9publique de sortir d&rsquo;une classe\u00bb, d\u00e9clare Henniche. \u00bb<br \/>\n<\/span><\/p>\n<p><span style=\"color: #777777; font-family: Arial;\">Mais comme l&rsquo;\u00e9crit Lib\u00e9ration\u00a0:<br \/>\n<\/span><\/p>\n<p style=\"margin-left: 28pt;\"><span style=\"color: #c00000; font-family: Arial;\">\u00ab\u00a0Cette lecture des \u00e9v\u00e9nements ne correspond pas tout \u00e0 fait \u00e0 ce qui s&rsquo;est pass\u00e9 au coll\u00e8ge du Bois-d&rsquo;Aulne. De fait, Brahim C., le p\u00e8re de famille, semble avoir entretenu une certaine ambigu\u00eft\u00e9 dans sa vid\u00e9o post\u00e9e le 7 octobre. Quoi qu&rsquo;il en soit, M&rsquo;hammed Henniche endosse la responsabilit\u00e9 d&rsquo;avoir diffus\u00e9 la vid\u00e9o. Mais il r\u00e9fute avoir d\u00e9multipli\u00e9 son audience. \u00abElle \u00e9tait d\u00e9j\u00e0 virale dans les milieux musulmans\u00bb, assure-t-il.\u00a0\u00bb<br \/>\n<\/span><\/p>\n<p><span style=\"color: #777777; font-family: Arial;\">On apprend ainsi que le pr\u00e9sident de la mosqu\u00e9e est une figure connue en r\u00e9gion parisienne. A la t\u00eate de l&rsquo;Union des associations musulmanes de Seine-Saint-Denis, M Henniche est influent aupr\u00e8s de responsables locaux de lieux de culte et de personnalit\u00e9s politiques du d\u00e9partement. L&rsquo;affaire est plus qu&#8217;embarrassante pour la future grande mosqu\u00e9e de Pantin. Sa construction aurait d\u00fb d\u00e9marrer cet \u00e9t\u00e9 mais a \u00e9t\u00e9 retard\u00e9e \u00e0 cause de la pand\u00e9mie de Covid-19. [\u2026] En attendant, les pri\u00e8res ont toujours lieu dans les anciens locaux tr\u00e8s fr\u00e9quent\u00e9s, il y a quelques ann\u00e9es, par des groupes de jeunes salafistes. \u00abCela a beaucoup chang\u00e9\u00bb, assure Henniche. Pourtant, l&rsquo;imam salafiste Ibrahim Abou Talha y est toujours en poste. D&rsquo;origine malienne, il s&rsquo;est form\u00e9 au sulfureux centre de Dammaj au Y\u00e9men qui avait vu passer l&rsquo;un des fr\u00e8res Kouachi.<br \/>\n<\/span><\/p>\n<p><span style=\"color: #777777; font-family: Arial;\">Mais sa d\u00e9fense ultime est que\u00a0:<br \/>\n<\/span><\/p>\n<p style=\"margin-left: 28pt;\"><span style=\"color: #c00000; font-family: Arial;\"> \u00abPersonne, dit-il, vraiment personne, ne pouvait imaginer, le 9 octobre quand je l&rsquo;ai post\u00e9e, que cela se terminerait par cet assassinat\u00bb.<br \/>\n<\/span><\/p>\n<p><span style=\"color: #777777; font-family: Arial;\">Et il en va de m\u00eame avec Abdallah Zekri (Observatoire de lutte contre l&rsquo;islamophobie) qui pr\u00e9tend qu&rsquo;\u00ab\u00a0<span style=\"color: #0000ff;\"><a style=\"color: #0000ff;\" href=\"https:\/\/www.bfmtv.com\/societe\/abdallah-zekri-observatoire-de-lutte-contre-l-islamophobie-il-faut-faire-bloc-autour-de-la-republique_VN-202010170046.html\">Il faut faire bloc autour de la R\u00e9publique\u00a0<\/a><\/span>\u00bb.<br \/>\n<\/span><\/p>\n<p><span style=\"color: #777777; font-family: Arial;\"><img loading=\"lazy\" decoding=\"async\" class=\" wp-image-9894 alignleft\" src=\"https:\/\/lemotdujour.fr\/wp-content\/uploads\/2020\/10\/Affaire-Mila-une-d\u00e9faite.png\" alt=\"\" width=\"243\" height=\"313\" srcset=\"https:\/\/lemotdujour.fr\/wp-content\/uploads\/2020\/10\/Affaire-Mila-une-d\u00e9faite.png 311w, https:\/\/lemotdujour.fr\/wp-content\/uploads\/2020\/10\/Affaire-Mila-une-d\u00e9faite-233x300.png 233w\" sizes=\"auto, (max-width: 243px) 100vw, 243px\" \/>Ce triste sire est le m\u00eame qui a affirm\u00e9 que la jeune Mila \u00ab<span style=\"color: #0000ff;\">\u00a0<\/span><a href=\"https:\/\/www.lefigaro.fr\/vox\/societe\/elle-l-a-bien-cherche-quand-le-cfcm-fait-le-jeu-des-islamistes-20200127\"><span style=\"color: #0000ff;\">l&rsquo;avait bien cherch\u00e9<\/span>\u00a0<\/a>\u00bb. J&rsquo;avais parl\u00e9 de cette autre affaire de l\u00e2chet\u00e9 r\u00e9publicaine lors du mot du jour du &lt;<span style=\"color: #0000ff;\"><a style=\"color: #0000ff;\" href=\"https:\/\/lemotdujour.fr\/?p=8036\">6 f\u00e9vrier 2020<\/a><\/span>&gt;.<br \/>\n<\/span><\/p>\n<p><span style=\"color: #777777; font-family: Arial;\">Le Point est revenu il y a 4 jours sur cette l\u00e2chet\u00e9 &lt;<span style=\"color: #0000ff;\"><a style=\"color: #0000ff;\" href=\"https:\/\/www.lepoint.fr\/societe\/affaire-mila-une-defaite-francaise-15-10-2020-2396554_23.php\">Affaire Mila : une d\u00e9faite fran\u00e7aise<\/a><\/span>&gt; qui explique dans quelles conditions elle doit vivre aujourd&rsquo;hui.<br \/>\n<\/span><\/p>\n<p><span style=\"color: #777777; font-family: Arial;\">Rien ne peut justifier cette violence, ces menaces et ces comportements.<br \/>\n<\/span><\/p>\n<p><span style=\"color: #777777; font-family: Arial;\">Nous n&rsquo;avons peut-\u00eatre pas un probl\u00e8me avec l&rsquo;Islam en France, mais nous avons clairement<strong> un grave probl\u00e8me avec certains musulmans en France\u00a0!<\/strong><br \/>\n<\/span><\/p>\n<p><span style=\"color: #777777; font-family: Arial;\">Je finirai par cette r\u00e9ponse d&rsquo;une jeune fille sur Twitter\u00a0:<br \/>\n<\/span><\/p>\n<p><img decoding=\"async\" src=\"https:\/\/lemotdujour.fr\/wp-content\/uploads\/2020\/10\/101820_1842_Lundi19octo2.png\" alt=\"\" \/><span style=\"color: #777777; font-family: Arial;\"><br \/>\n<\/span><\/p>\n<p><span style=\"color: maroon; font-family: Arial;\">&lt;1472&gt;<\/span><\/p>\n","protected":false},"excerpt":{"rendered":"<p>\u00abMis\u00e9ricordieux\u00bb Mot souvent utilis\u00e9 par des croyants en \u00e9voquant le dieu auquel ils croient Selon le dictionnaire du &lt;CNRS&gt;, la mis\u00e9ricorde se d\u00e9finit ainsi\u00a0: \u00ab\u00a01remoiti\u00e9 du xiies. misericorde \u00abbont\u00e9 par laquelle Dieu pardonne aux hommes. [\u2026] Emprunt\u00e9 au latin misericordia<\/p>\n","protected":false},"author":1,"featured_media":0,"comment_status":"open","ping_status":"closed","sticky":false,"template":"","format":"standard","meta":{"footnotes":""},"categories":[1],"tags":[15,86,169],"class_list":["post-9884","post","type-post","status-publish","format-standard","hentry","category-motdujour","tag-france","tag-islam","tag-republique"],"_links":{"self":[{"href":"https:\/\/lemotdujour.fr\/index.php?rest_route=\/wp\/v2\/posts\/9884","targetHints":{"allow":["GET"]}}],"collection":[{"href":"https:\/\/lemotdujour.fr\/index.php?rest_route=\/wp\/v2\/posts"}],"about":[{"href":"https:\/\/lemotdujour.fr\/index.php?rest_route=\/wp\/v2\/types\/post"}],"author":[{"embeddable":true,"href":"https:\/\/lemotdujour.fr\/index.php?rest_route=\/wp\/v2\/users\/1"}],"replies":[{"embeddable":true,"href":"https:\/\/lemotdujour.fr\/index.php?rest_route=%2Fwp%2Fv2%2Fcomments&post=9884"}],"version-history":[{"count":6,"href":"https:\/\/lemotdujour.fr\/index.php?rest_route=\/wp\/v2\/posts\/9884\/revisions"}],"predecessor-version":[{"id":9896,"href":"https:\/\/lemotdujour.fr\/index.php?rest_route=\/wp\/v2\/posts\/9884\/revisions\/9896"}],"wp:attachment":[{"href":"https:\/\/lemotdujour.fr\/index.php?rest_route=%2Fwp%2Fv2%2Fmedia&parent=9884"}],"wp:term":[{"taxonomy":"category","embeddable":true,"href":"https:\/\/lemotdujour.fr\/index.php?rest_route=%2Fwp%2Fv2%2Fcategories&post=9884"},{"taxonomy":"post_tag","embeddable":true,"href":"https:\/\/lemotdujour.fr\/index.php?rest_route=%2Fwp%2Fv2%2Ftags&post=9884"}],"curies":[{"name":"wp","href":"https:\/\/api.w.org\/{rel}","templated":true}]}}