{"id":988,"date":"2015-02-02T01:00:00","date_gmt":"2015-02-01T22:00:00","guid":{"rendered":"http:\/\/lemotdujour.fr\/?p=988"},"modified":"2017-05-08T13:24:37","modified_gmt":"2017-05-08T11:24:37","slug":"lundi-2-fevrier-2015","status":"publish","type":"post","link":"https:\/\/lemotdujour.fr\/?p=988","title":{"rendered":"Lundi 2 F\u00e9vrier 2015"},"content":{"rendered":"<div class=\"mdjDate\">Lundi 2 F\u00e9vrier 2015<\/div>\n<div class=\"mdjTexte\">\u00abJe suis convaincu que j\u2019ai sauv\u00e9 la R\u00e9publique en 1995.\u00bb<\/div>\n<div class=\"mdjAuteur\">Roland Dumas<\/div>\n<div class=\"mdjComplements\">C&rsquo;est un vieil homme de 92 ans.<\/div>\n<div class=\"mdjComplements\">Il avait pour p\u00e8re un h\u00e9ros : Georges Dumas, fonctionnaire des imp\u00f4ts, qui s&rsquo;est imm\u00e9diatement engag\u00e9 dans la r\u00e9sistance et a \u00e9t\u00e9 arr\u00eat\u00e9 sur d\u00e9nonciation par la Gestapo le 24 mars 1944 puis a \u00e9t\u00e9 fusill\u00e9 deux jours plus tard \u00e0 Brant\u00f4me (Dordogne), avec vingt-quatre autres r\u00e9sistants. Une avenue de Limoges porte son nom.<\/div>\n<div class=\"mdjComplements\">Fort de cette filiation le jeune Roland s&rsquo;est aussi engag\u00e9 dans la r\u00e9sistance et \u00e0\u00a0 la Lib\u00e9ration, il re\u00e7oit la Croix de guerre 1939-1945 et la Croix du combattant volontaire.<\/div>\n<div class=\"mdjComplements\">Et puis apr\u00e8s &#8230; il devient un des avocats les plus renomm\u00e9s du barreau de Paris il est devenu un grand bourgeois int\u00e9gr\u00e9 dans l&rsquo;\u00e9lite fran\u00e7aise proche ou d\u00e9tenteur du pouvoir de l&rsquo;Etat. <\/div>\n<div class=\"mdjComplements\">Il est notamment tr\u00e8s proche de Fran\u00e7ois Mitterrand qui le nomme Ministre des affaires ext\u00e9rieures et deux mois avant la fin du deuxi\u00e8me septennat, en 1995, \u00e0 la t\u00eate du Conseil constitutionnel. <\/div>\n<div class=\"mdjComplements\">Depuis on a surtout pu observer les d\u00e9rives de cet homme qui pose un \u00ab\u00a0regard distanci\u00e9\u00a0\u00bb sur les lois de la R\u00e9publique.<\/div>\n<div class=\"mdjComplements\">\u00c0 partir de 1997, il est cit\u00e9 dans les affaires Elf et des fr\u00e9gates de Ta\u00efwan, pour ce qui devient l&rsquo;affaire Elf, autour du r\u00f4le d&rsquo;interm\u00e9diaire jou\u00e9 par sa maitresse Christine Deviers-Joncour. Affaire pour laquelle il est contraint \u00e0 la d\u00e9mission du Conseil constitutionnel le 1er mars 2000. <\/div>\n<div class=\"mdjComplements\">Dans cette affaire il obtient la relaxe en appel en janvier 2003 et est reconnu innocent de l&rsquo;ensemble des chefs d&rsquo;accusation qui l&rsquo;avaient amen\u00e9 devant la justice. <\/div>\n<div class=\"mdjComplements\">Ce ne fut pas le cas dans une autre affaire o\u00f9 il a \u00e9t\u00e9 condamn\u00e9 pour complicit\u00e9 d&rsquo;abus de confiance. En effet, dans le cadre de la succession du sculpteur Alberto Giacometti dont il est l&rsquo;ex\u00e9cuteur testamentaire, Roland Dumas a \u00e9t\u00e9 condamn\u00e9, de mani\u00e8re d\u00e9finitive, \u00e0 douze mois d&#8217;emprisonnement avec sursis et 150 000 euros d&rsquo;amende par le rejet de son pourvoi par la Cour de cassation le 10 mai 2007.<\/div>\n<div class=\"mdjComplements\">Fid\u00e8le \u00e0 ses positions sur le conflit du Proche-Orient, Roland Dumas est l&rsquo;un des premiers soutiens de Dieudonn\u00e9 en 2006. Il se laisse photographier avec Bruno Gollnish, Jany Le Pen, et Alain Soral.<\/div>\n<div class=\"mdjComplements\">En d\u00e9cembre 2010, il agite le monde m\u00e9diatique et politique en se rendant quelques jours en C\u00f4te d&rsquo;Ivoire avec son confr\u00e8re Jacques Verg\u00e8s pour d\u00e9fendre les positions du pr\u00e9sident sortant Laurent Gbagbo, qui conteste la victoire d&rsquo;Alassane Ouattara \u00e0 l&rsquo;\u00e9lection pr\u00e9sidentielle, reconnue par la commission \u00e9lectorale ind\u00e9pendante et la quasi-totalit\u00e9 de la communaut\u00e9 internationale.<\/div>\n<div class=\"mdjComplements\">Il vient de commettre un livre <em>\u00ab\u00a0Politiquement incorrect\u00a0\u00bb <\/em>(\u00c9ditions du Cherche Midi), titre qui rassemble ses carnets intimes, \u00e9crits entre 1984 et 2014.<\/div>\n<div class=\"mdjComplements\">Dans ce livre il \u00e9crit :<\/div>\n<div class=\"mdjCiter\">\u00abJe peux le dire aujourd\u2019hui, les comptes de campagne d\u2019Edouard Balladur et ceux de Jacques Chirac \u00e9taient manifestement irr\u00e9guliers\u00bb, il poursuit\u00a0 : \u00abQue faire\u00a0? C\u2019\u00e9tait un grave cas de conscience. J\u2019ai beaucoup r\u00e9fl\u00e9chi. Annuler l\u2019\u00e9lection de Chirac aurait eu des cons\u00e9quences terribles. J\u2019ai pens\u00e9 \u00e0 mon pays. Je suis un homme de devoir. Nous avons finalement d\u00e9cid\u00e9, par esprit r\u00e9publicain, de confirmer, \u00e0 l\u2019unanimit\u00e9 au deuxi\u00e8me tour, son \u00e9lection pr\u00e9sidentielle. Je suis convaincu que j\u2019ai sauv\u00e9 la R\u00e9publique en 1995.\u00bb<\/div>\n<div class=\"mdjComplements\"><a href=\"http:\/\/www.liberation.fr\/politiques\/2015\/01\/28\/roland-dumas-est-convaincu-d-avoir-sauve-la-republique-en-1995_1190368\">http:\/\/www.liberation.fr\/politiques\/2015\/01\/28\/roland-dumas-est-convaincu-d-avoir-sauve-la-republique-en-1995_1190368<\/a><\/div>\n<div class=\"mdjComplements\">Je partage avec nos amis allemands leur stup\u00e9faction devant cette extraordinaire inclinaison des \u00ab\u00a0politiques fran\u00e7ais\u00a0\u00bb d&rsquo;accumuler un nombre extravagant de Lois (ici la loi sur le plafonnement et l&rsquo;origine des fonds pour les campagnes \u00e9lectorales) pour ensuite ne pas les respecter.<\/div>\n<div class=\"mdjComplements\">La R\u00e9publique c&rsquo;est d\u00e9finir et voter les Lois utiles et n\u00e9cessaires puis les appliquer avec rigueur.<\/div>\n<div class=\"mdjComplements\">Si cette r\u00e8gle simple avait \u00e9t\u00e9 appliqu\u00e9e, Jacques Chirac n&rsquo;aurait pas pu rester notre Pr\u00e9sident de la R\u00e9publique en 1995.<\/div>\n<div class=\"mdjComplements\">Comment accepter cette affirmation : \u00abJ\u2019ai sauv\u00e9 la R\u00e9publique\u00bb, alors que la Loi de la R\u00e9publique a \u00e9t\u00e9 ignor\u00e9e ? <\/div>\n<div class=\"mdjComplements\">Comment exiger du commun des citoyens le respect des Lois si au sommet, dans la d\u00e9signation de l&rsquo;autorit\u00e9 supr\u00eame de l&rsquo;Etat, la Loi est bafou\u00e9e !<\/div>\n<div class=\"mdjComplements\">Nous vivons une dr\u00f4le d&rsquo;\u00e9poque et dans un dr\u00f4le de pays !<\/div>\n<div class=\"mdjComplements\">Mais il y a erreur de la part de Dumas, dans <a href=\"http:\/\/www.lepoint.fr\/politique\/emmanuel-berretta\/non-roland-dumas-n-a-pas-sauve-la-republique-29-01-2015-1900623_1897.php\">&lt;Le Point&gt;<\/a> , Emmanuel Berretta explique que le rejet des comptes n\u2019auraient pas fait annuler l\u2019\u00e9lection pr\u00e9sidentielle\u00a0: <\/div>\n<div class=\"mdjCiter\">C&rsquo;est ici que Dumas se trompe. Les comptes irr\u00e9guliers d&rsquo;un candidat \u00e0 l&rsquo;\u00e9lection pr\u00e9sidentielle n&rsquo;entra\u00eenent pas l&rsquo;invalidit\u00e9 de son \u00e9lection en cas de victoire. Le Conseil constitutionnel ne dispose pas de ce pouvoir dans ce cas de figure. En tant que juge de l&rsquo;\u00e9lection, il peut invalider des l\u00e9gislatives ou des s\u00e9natoriales. Mais, s&rsquo;agissant d&rsquo;une \u00e9lection pr\u00e9sidentielle, son r\u00f4le est diff\u00e9rent. Il est juge des \u00e9ventuels recours form\u00e9s par les candidats contestant les d\u00e9cisions rendues sur leurs comptes de campagne par la Commission nationale des comptes de campagne et des financements politiques (CNCCFP). Cela signifie qu&rsquo;il n&rsquo;a pas le pouvoir d&rsquo;invalider une pr\u00e9sidentielle pour ce motif mais seulement d&rsquo;interdire le remboursement des frais de campagne du candidat.<\/div>\n<div class=\"mdjCiter\">Autrement dit, en 1995, le Conseil constitutionnel n&rsquo;avait pas le pouvoir d&rsquo;annuler la victoire de Jacques Chirac. Il pouvait d\u00e9cider de proclamer ses comptes irr\u00e9guliers et refuser la prise en charge publique de son compte de campagne. Roland Dumas n&rsquo;a donc pas \u00ab\u00a0sauv\u00e9\u00a0\u00bb la R\u00e9publique, il a juste co\u00fbt\u00e9 \u00e0 la R\u00e9publique ! Le contribuable a rembours\u00e9 la campagne Chirac, \u00e9vitant \u00e0 celui-ci d&rsquo;organiser, \u00e0 l&rsquo;image du Sarkothon, un \u00ab\u00a0Chiracthon\u00a0\u00bb qui e\u00fbt \u00e9t\u00e9, en effet, piteux pour un pr\u00e9sident \u00e9lu&#8230; Dumas peut se vanter d&rsquo;avoir \u00e9vit\u00e9 un scandale en l&rsquo;\u00e9touffant. Y a-t-il vraiment de quoi pavoiser ? Et \u00e0 parler d'\u00a0\u00bbesprit r\u00e9publicain\u00a0\u00bb ?<\/div>\n<div class=\"mdjCiter\">Pour que le Conseil constitutionnel invalide une \u00e9lection pr\u00e9sidentielle, il faudrait qu&rsquo;il d\u00e9couvre une fraude \u00e9lectorale. Et encore, que celle-ci soit suffisamment massive pour porter atteinte \u00e0 la sinc\u00e9rit\u00e9 du scrutin. Fort heureusement, ce ne fut pas le cas en 1995. Du moins, aucun sage n&rsquo;a encore jet\u00e9 le doute sur les scores d&rsquo;une pr\u00e9sidentielle&#8230;<\/div>\n","protected":false},"excerpt":{"rendered":"<p>Lundi 2 F\u00e9vrier 2015 \u00abJe suis convaincu que j\u2019ai sauv\u00e9 la R\u00e9publique en 1995.\u00bb Roland Dumas C&rsquo;est un vieil homme de 92 ans. Il avait pour p\u00e8re un h\u00e9ros : Georges Dumas, fonctionnaire des imp\u00f4ts, qui s&rsquo;est imm\u00e9diatement engag\u00e9 dans<\/p>\n","protected":false},"author":1,"featured_media":0,"comment_status":"closed","ping_status":"closed","sticky":false,"template":"","format":"standard","meta":{"footnotes":""},"categories":[1],"tags":[],"class_list":["post-988","post","type-post","status-publish","format-standard","hentry","category-motdujour"],"_links":{"self":[{"href":"https:\/\/lemotdujour.fr\/index.php?rest_route=\/wp\/v2\/posts\/988","targetHints":{"allow":["GET"]}}],"collection":[{"href":"https:\/\/lemotdujour.fr\/index.php?rest_route=\/wp\/v2\/posts"}],"about":[{"href":"https:\/\/lemotdujour.fr\/index.php?rest_route=\/wp\/v2\/types\/post"}],"author":[{"embeddable":true,"href":"https:\/\/lemotdujour.fr\/index.php?rest_route=\/wp\/v2\/users\/1"}],"replies":[{"embeddable":true,"href":"https:\/\/lemotdujour.fr\/index.php?rest_route=%2Fwp%2Fv2%2Fcomments&post=988"}],"version-history":[{"count":1,"href":"https:\/\/lemotdujour.fr\/index.php?rest_route=\/wp\/v2\/posts\/988\/revisions"}],"predecessor-version":[{"id":989,"href":"https:\/\/lemotdujour.fr\/index.php?rest_route=\/wp\/v2\/posts\/988\/revisions\/989"}],"wp:attachment":[{"href":"https:\/\/lemotdujour.fr\/index.php?rest_route=%2Fwp%2Fv2%2Fmedia&parent=988"}],"wp:term":[{"taxonomy":"category","embeddable":true,"href":"https:\/\/lemotdujour.fr\/index.php?rest_route=%2Fwp%2Fv2%2Fcategories&post=988"},{"taxonomy":"post_tag","embeddable":true,"href":"https:\/\/lemotdujour.fr\/index.php?rest_route=%2Fwp%2Fv2%2Ftags&post=988"}],"curies":[{"name":"wp","href":"https:\/\/api.w.org\/{rel}","templated":true}]}}