{"id":9876,"date":"2020-10-22T02:48:00","date_gmt":"2020-10-22T00:48:00","guid":{"rendered":"http:\/\/lemotdujour.fr\/?p=9876"},"modified":"2020-10-20T23:12:24","modified_gmt":"2020-10-20T21:12:24","slug":"mercredi-21-octobre-2020-2","status":"publish","type":"post","link":"https:\/\/lemotdujour.fr\/?p=9876","title":{"rendered":"Jeudi 22 octobre 2020"},"content":{"rendered":"<div class=\"mdjTexte\">\u00abPause (l&rsquo;islam des lumi\u00e8res)\u00bb<\/div>\n<div class=\"mdjAuteur\">Un jour sans mot du jour nouveau<\/div>\n<p><span style=\"color: #777777; font-family: Arial;\">Depuis le d\u00e9but de la semaine il est question d&rsquo;une petite part des musulmans.<br \/>\n<\/span><\/p>\n<p><span style=\"color: #777777; font-family: Arial;\">Minorit\u00e9 agissante et nuisible<br \/>\n<\/span><\/p>\n<p><img loading=\"lazy\" decoding=\"async\" class=\"alignleft\" src=\"https:\/\/lemotdujour.fr\/wp-content\/uploads\/2020\/10\/102020_2055_Jeudi22octo1.jpg\" alt=\"\" width=\"379\" height=\"421\" align=\"left\" \/><span style=\"color: #777777; font-family: Arial;\">Heureusement qu&rsquo;il en existe beaucoup d&rsquo;autres.<br \/>\n<\/span><\/p>\n<p><span style=\"color: #777777; font-family: Arial;\">Malek Chebel \u00e9tait un homme remarquable.<br \/>\n<\/span><\/p>\n<p><span style=\"color: #777777; font-family: Arial;\">Il est mort le 12 novembre 2016.<br \/>\n<\/span><\/p>\n<p><span style=\"color: #777777; font-family: Arial;\">Le mot du jour du 17 novembre 2016 lui rendait hommage\u00a0:<br \/>\n<\/span><\/p>\n<p><span style=\"color: #777777; font-family: Arial;\">\u00ab\u00a0<a href=\"https:\/\/lemotdujour.fr\/?p=1494\"><span style=\"color: #0000ff;\">L&rsquo;islam des lumi\u00e8res<\/span>\u00a0<\/a>\u00bb<br \/>\n<\/span><\/p>\n<p><span style=\"color: #777777; font-family: Arial;\">Malek Chebel<br \/>\n<\/span><\/p>\n<p><span style=\"color: maroon; font-family: Arial; font-size: 12pt;\">&lt;Mot sans num\u00e9ro&gt;<\/span><\/p>\n","protected":false},"excerpt":{"rendered":"<p>\u00abPause (l&rsquo;islam des lumi\u00e8res)\u00bb Un jour sans mot du jour nouveau Depuis le d\u00e9but de la semaine il est question d&rsquo;une petite part des musulmans. Minorit\u00e9 agissante et nuisible Heureusement qu&rsquo;il en existe beaucoup d&rsquo;autres. Malek Chebel \u00e9tait un homme<\/p>\n","protected":false},"author":1,"featured_media":0,"comment_status":"open","ping_status":"closed","sticky":false,"template":"","format":"standard","meta":{"footnotes":""},"categories":[1],"tags":[96],"class_list":["post-9876","post","type-post","status-publish","format-standard","hentry","category-motdujour","tag-pause"],"_links":{"self":[{"href":"https:\/\/lemotdujour.fr\/index.php?rest_route=\/wp\/v2\/posts\/9876","targetHints":{"allow":["GET"]}}],"collection":[{"href":"https:\/\/lemotdujour.fr\/index.php?rest_route=\/wp\/v2\/posts"}],"about":[{"href":"https:\/\/lemotdujour.fr\/index.php?rest_route=\/wp\/v2\/types\/post"}],"author":[{"embeddable":true,"href":"https:\/\/lemotdujour.fr\/index.php?rest_route=\/wp\/v2\/users\/1"}],"replies":[{"embeddable":true,"href":"https:\/\/lemotdujour.fr\/index.php?rest_route=%2Fwp%2Fv2%2Fcomments&post=9876"}],"version-history":[{"count":5,"href":"https:\/\/lemotdujour.fr\/index.php?rest_route=\/wp\/v2\/posts\/9876\/revisions"}],"predecessor-version":[{"id":9909,"href":"https:\/\/lemotdujour.fr\/index.php?rest_route=\/wp\/v2\/posts\/9876\/revisions\/9909"}],"wp:attachment":[{"href":"https:\/\/lemotdujour.fr\/index.php?rest_route=%2Fwp%2Fv2%2Fmedia&parent=9876"}],"wp:term":[{"taxonomy":"category","embeddable":true,"href":"https:\/\/lemotdujour.fr\/index.php?rest_route=%2Fwp%2Fv2%2Fcategories&post=9876"},{"taxonomy":"post_tag","embeddable":true,"href":"https:\/\/lemotdujour.fr\/index.php?rest_route=%2Fwp%2Fv2%2Ftags&post=9876"}],"curies":[{"name":"wp","href":"https:\/\/api.w.org\/{rel}","templated":true}]}}