{"id":984,"date":"2015-01-29T01:00:00","date_gmt":"2015-01-28T22:00:00","guid":{"rendered":"http:\/\/lemotdujour.fr\/?p=984"},"modified":"2017-05-08T13:24:33","modified_gmt":"2017-05-08T11:24:33","slug":"jeudi-29-janvier-2015","status":"publish","type":"post","link":"https:\/\/lemotdujour.fr\/?p=984","title":{"rendered":"Jeudi 29 Janvier 2015"},"content":{"rendered":"<div class=\"mdjDate\">Jeudi 29 Janvier 2015<\/div>\n<div class=\"mdjTexte\">\u00ab Le probl\u00e8me auquel sont confront\u00e9s la France, l&rsquo;Europe, et le monde est un d\u00e9ficit de demande globale. <br \/>Ce n&rsquo;est pas un probl\u00e8me d&rsquo;offre. \u00bb <\/div>\n<div class=\"mdjAuteur\">Joseph Stiglitz<\/div>\n<div class=\"mdjComplements\">Joseph Stiglitz est ce Prix Nobel d&rsquo;\u00e9conomie, ancien conseiller \u00e9conomique de Bill Clinton qui continue \u00e0 r\u00e9p\u00e9ter que la politique \u00e9conomique actuelle men\u00e9e en Europe est absurde.<\/div>\n<div class=\"mdjComplements\">Il est venu faire une conf\u00e9rence \u00e0 l&rsquo;Assembl\u00e9e Nationale le 13 janvier 2015.<\/div>\n<div class=\"mdjComplements\">Parmi les d\u00e9put\u00e9s il y avait Pierre-Alain Muet, d\u00e9put\u00e9 PS de la Croix Rousse \u00e0 Lyon, ancien professeur d&rsquo;\u00e9conomie \u00e0 Polytechnique, il fut directeur \u00e0 l\u2019Observatoire fran\u00e7ais des conjonctures \u00e9conomiques (OFCE) de 1981 \u00e0 1997. Conseiller aupr\u00e8s du Premier ministre Lionel Jospin, il a fond\u00e9 le Conseil d\u2019analyse \u00e9conomique en 1997 et en fut le premier pr\u00e9sident d\u00e9l\u00e9gu\u00e9. Mais il ne semble pas tr\u00e8s \u00e9cout\u00e9 par le gouvernement actuel.<\/div>\n<div class=\"mdjComplements\">C&rsquo;est sur son blog qu&rsquo;il publie le discours int\u00e9gral de Stiglitz.<\/div>\n<div class=\"mdjComplements\">Je traduis en langage commun : un d\u00e9ficit de demande signifie simplement que les revenus du plus grand nombre sont trop bas et que les investissements sont insuffisants.<\/div>\n<div class=\"mdjComplements\">Voici des extraits de ce discours :<\/div>\n<div class=\"mdjComplements\">\u00ab [&#8230;] l&rsquo;\u00e9conomie fran\u00e7aise n&rsquo;a gu\u00e8re \u00e9t\u00e9 performante ces derniers temps. Le revenu par t\u00eate est inf\u00e9rieur \u00e0 ce qu&rsquo;il \u00e9tait en 2008, le ch\u00f4mage s&rsquo;\u00e9l\u00e8ve \u00e0 un niveau inacceptable \u00e0 12%, et pire encore, le ch\u00f4mage des jeunes atteint 25%. Les co\u00fbts \u00e9conomiques de cette situation sont aujourd&rsquo;hui manifestes. Nous gaspillons la ressource la plus pr\u00e9cieuse de toute soci\u00e9t\u00e9 : la ressource humaine. Ce qui est perdu aujourd&rsquo;hui ne reviendra jamais. Les mauvaises performances \u00e9conomiques de la France aujourd&rsquo;hui r\u00e9duisent son potentiel de croissance future. La France, \u00e0 l&rsquo;heure pr\u00e9sente et pour les ann\u00e9es \u00e0 venir, paie un prix \u00e9lev\u00e9 pour la mauvaise gestion de son \u00e9conomie.<\/div>\n<div class=\"mdjComplements\">Ces co\u00fbts ne sont pas simplement des chiffres abstraits inscrits dans les comptes nationaux et le PIB ; il s&rsquo;agit de co\u00fbts r\u00e9els, ressentis chaque jour par les citoyens dans les \u00e9preuves et difficult\u00e9s impos\u00e9es aux familles, dans la disparition des espoirs et des aspirations. <\/div>\n<div class=\"mdjComplements\">Pour beaucoup, les coupes dans les services publics ne repr\u00e9sentent pas simplement une coupe insignifiante dans des produits de luxes ou des produits secondaires, mais une r\u00e9duction de ressources essentielles. Le contrat social qui lie l&rsquo;ensemble de la soci\u00e9t\u00e9 est affaibli, voire d\u00e9lit\u00e9.<\/div>\n<div class=\"mdjComplements\">Ce qui se passe aujourd&rsquo;hui n&rsquo;est pas ce que l&rsquo;on attend habituellement du fonctionnement des march\u00e9s. Il existe de vastes ressources sous-utilis\u00e9es, au milieu d&rsquo;\u00e9normes besoins \u00e9conomiques. Mais quelque chose ne tourne pas rond, non seulement en France, mais en Europe, et d&rsquo;une certaine mani\u00e8re dans la plupart \u2013 mais pas tous \u2013 des pays avanc\u00e9s.<\/div>\n<div class=\"mdjComplements\">Les performances \u00e9conomiques de l&rsquo;Europe au cours des sept derni\u00e8res ann\u00e9es ont \u00e9t\u00e9 affligeantes. Celles de la France se sont inscrites dans la moyenne europ\u00e9enne : son taux de ch\u00f4mage est similaire \u00e0 celui de l&rsquo;Europe dans son ensemble, comme l&rsquo;est son taux de ch\u00f4mage des jeunes. La plupart des pays d&rsquo;Europe ont subi une baisse du revenu par t\u00eate et de la production par personne en \u00e2ge d&rsquo;activit\u00e9.<\/div>\n<div class=\"mdjComplements\">Certains de ces pays sont en d\u00e9pression \u2013 c&rsquo;est le seul mot utilisable pour d\u00e9crire ce qui se passe dans des pays comme la Gr\u00e8ce et l&rsquo;Espagne, o\u00f9 le ch\u00f4mage d\u00e9passe 25% et le ch\u00f4mage des jeunes 50%, et le chiffre serait pire encore en l&rsquo;absence de la vague d&rsquo;\u00e9migration qui d\u00e9truit les familles. [&#8230;]<\/div>\n<div class=\"mdjComplements\">Outre-Atlantique, les choses semblent mieux se porter concernant au moins deux aspects \u2013 la croissance et la cr\u00e9ation d&#8217;emplois. Mais en regardant au-del\u00e0 des chiffres, on peut difficilement pr\u00e9tendre que le mod\u00e8le am\u00e9ricain fonctionne. <\/div>\n<div class=\"mdjComplements\">La croissance depuis le d\u00e9but du nouveau mill\u00e9naire a \u00e9t\u00e9 d\u00e9risoire, et tous les b\u00e9n\u00e9fices de cette croissance sont all\u00e9s vers les hauts revenus. Le revenu m\u00e9dian est inf\u00e9rieur \u00e0 ce qu&rsquo;il \u00e9tait il y a un quart de si\u00e8cle ; le revenu m\u00e9dian d&rsquo;un travailleur \u00e0 temps plein de sexe masculin est inf\u00e9rieur \u00e0 ce qu&rsquo;il \u00e9tait il y a quarante ans ; au bas de la pyramide, les salaires ne sont gu\u00e8re diff\u00e9rents de ce qu&rsquo;ils \u00e9taient il y a un demi-si\u00e8cle. <\/div>\n<div class=\"mdjComplements\">Le taux d&rsquo;activit\u00e9 est le plus bas depuis que les femmes ont commenc\u00e9 \u00e0 entrer en masse dans la population active. La r\u00e9duction du taux de ch\u00f4mage est principalement due au fait que les travailleurs ont cess\u00e9 de chercher un emploi, et m\u00eame parmi ceux class\u00e9s comme \u00ab actifs \u00bb, un grand nombre occupent des emplois \u00e0 temps partiel sans prestations ni protections sociales ; les gens souhaitant un emploi \u00e0 temps plein ne peuvent en obtenir. Une \u00e9conomie qui ne parvient pas \u00e0 r\u00e9pondre aux besoins de la plupart des citoyens est une \u00e9conomie d\u00e9faillante, un syst\u00e8me \u00e9conomique d\u00e9ficient. <\/div>\n<div class=\"mdjComplements\">En ce sens, le syst\u00e8me \u00e9conomique am\u00e9ricain, au moins sur le dernier quart de si\u00e8cle ou plus, est un syst\u00e8me \u00e9conomique qui a \u00e9chou\u00e9. [&#8230;]<\/div>\n<div class=\"mdjComplements\">Que tant de pays se portent aussi mal laisse \u00e0 penser qu&rsquo;il ne s&rsquo;agit pas seulement d&rsquo;un probl\u00e8me fran\u00e7ais, ou d&rsquo;un probl\u00e8me italien ou encore grec. C&rsquo;est un probl\u00e8me syst\u00e9mique. Avant de pouvoir fournir une prescription, il nous faut avoir un diagnostic pr\u00e9cis. [&#8230;]<\/div>\n<div class=\"mdjComplements\">Bon nombre des soi-disant r\u00e9formes structurelles qui sont demand\u00e9es ne sont rien d&rsquo;autre que des politiques qui r\u00e9duisent le niveau de vie pour de larges fractions de la population, par le biais de salaires plus bas, d&rsquo;une ins\u00e9curit\u00e9 croissante de l&#8217;emploi et de prestations sociales inf\u00e9rieures. Comment peut-on pr\u00e9tendre que la meilleure fa\u00e7on d&rsquo;\u00e9lever le niveau de vie est d&rsquo;adopter des politiques visant \u00e0 les abaisser pour la grande majorit\u00e9 des citoyens? <\/div>\n<div class=\"mdjComplements\">Ou encore des politiques qui augmentent le niveau d\u00e9j\u00e0 tr\u00e8s \u00e9lev\u00e9 des in\u00e9galit\u00e9s, avec une distribution de la richesse plus in\u00e9quitable encore \u2013 en violation de l&rsquo;un des principes cl\u00e9s de la R\u00e9volution fran\u00e7aise.<\/div>\n<div class=\"mdjComplements\">Certains utilisent la crise comme un pr\u00e9texte pour d\u00e9manteler l&rsquo;\u00c9tat-providence, affirmant que la crise aurait d\u00e9montr\u00e9 sa d\u00e9faillance. Mais les \u00e9checs de l&rsquo;Europe ne sont pas la cons\u00e9quence de l&rsquo;\u00c9tat-providence. [&#8230;]<\/div>\n<div class=\"mdjComplements\">Quel est donc le probl\u00e8me fondamental auquel sont confront\u00e9s les pays europ\u00e9ens en g\u00e9n\u00e9ral, et la France en particulier, s&rsquo;il ne s&rsquo;agit pas des rigidit\u00e9s structurelles ?<\/div>\n<div class=\"mdjComplements\">Le premier probl\u00e8me, auquel j&rsquo;ai d\u00e9j\u00e0 fait allusion, est la poursuite excessive des politiques d&rsquo;aust\u00e9rit\u00e9, qui ont exacerb\u00e9 la baisse de la demande globale priv\u00e9e.<strong> <\/strong>\u00bb<\/div>\n<div class=\"mdjComplements\">Le reste de l&rsquo;argumentaire tr\u00e8s riche se trouve <a href=\"http:\/\/www.pierrealainmuet.fr\/action-nationale\/item\/694-europe,-aust%C3%A9rit%C3%A9,-loi-macron-les-id%C3%A9es-d%C3%A9capantes-de-joseph-stiglitz,-prix-nobel-d%E2%80%99%C3%A9conomie\">&lt;Sur le blog de Pierre-Alain Muet&gt;<\/a><\/div>\n<div class=\"mdjComplements\"><a href=\"http:\/\/www.lepoint.fr\/societe\/joseph-stiglitz-vous-les-francais-vous-avez-raison-de-defendre-votre-modele-social-13-01-2011-129491_23.php\">&lt;Ici un autre article o\u00f9 Stiglitz dit : Vous, les fran\u00e7ais, vous avez r\u00e9ponse de d\u00e9fendre votre mod\u00e8le social&gt;<\/a><\/div>\n","protected":false},"excerpt":{"rendered":"<p>Jeudi 29 Janvier 2015 \u00ab Le probl\u00e8me auquel sont confront\u00e9s la France, l&rsquo;Europe, et le monde est un d\u00e9ficit de demande globale. Ce n&rsquo;est pas un probl\u00e8me d&rsquo;offre. \u00bb Joseph Stiglitz Joseph Stiglitz est ce Prix Nobel d&rsquo;\u00e9conomie, ancien conseiller<\/p>\n","protected":false},"author":1,"featured_media":0,"comment_status":"closed","ping_status":"closed","sticky":false,"template":"","format":"standard","meta":{"footnotes":""},"categories":[1],"tags":[],"class_list":["post-984","post","type-post","status-publish","format-standard","hentry","category-motdujour"],"_links":{"self":[{"href":"https:\/\/lemotdujour.fr\/index.php?rest_route=\/wp\/v2\/posts\/984","targetHints":{"allow":["GET"]}}],"collection":[{"href":"https:\/\/lemotdujour.fr\/index.php?rest_route=\/wp\/v2\/posts"}],"about":[{"href":"https:\/\/lemotdujour.fr\/index.php?rest_route=\/wp\/v2\/types\/post"}],"author":[{"embeddable":true,"href":"https:\/\/lemotdujour.fr\/index.php?rest_route=\/wp\/v2\/users\/1"}],"replies":[{"embeddable":true,"href":"https:\/\/lemotdujour.fr\/index.php?rest_route=%2Fwp%2Fv2%2Fcomments&post=984"}],"version-history":[{"count":1,"href":"https:\/\/lemotdujour.fr\/index.php?rest_route=\/wp\/v2\/posts\/984\/revisions"}],"predecessor-version":[{"id":985,"href":"https:\/\/lemotdujour.fr\/index.php?rest_route=\/wp\/v2\/posts\/984\/revisions\/985"}],"wp:attachment":[{"href":"https:\/\/lemotdujour.fr\/index.php?rest_route=%2Fwp%2Fv2%2Fmedia&parent=984"}],"wp:term":[{"taxonomy":"category","embeddable":true,"href":"https:\/\/lemotdujour.fr\/index.php?rest_route=%2Fwp%2Fv2%2Fcategories&post=984"},{"taxonomy":"post_tag","embeddable":true,"href":"https:\/\/lemotdujour.fr\/index.php?rest_route=%2Fwp%2Fv2%2Ftags&post=984"}],"curies":[{"name":"wp","href":"https:\/\/api.w.org\/{rel}","templated":true}]}}