{"id":9832,"date":"2020-10-16T05:26:00","date_gmt":"2020-10-16T03:26:00","guid":{"rendered":"http:\/\/lemotdujour.fr\/?p=9832"},"modified":"2020-10-15T21:45:26","modified_gmt":"2020-10-15T19:45:26","slug":"vendredi-16-octobre-2020","status":"publish","type":"post","link":"https:\/\/lemotdujour.fr\/?p=9832","title":{"rendered":"Vendredi 16 octobre 2020"},"content":{"rendered":"<div class=\"mdjTexte\">\u00abPause (Tout seul on va plus vite. Ensemble on va plus loin)\u00bb<\/div>\n<div class=\"mdjAuteur\">Un jour sans mot du jour nouveau<\/div>\n<p><span style=\"color: #777777; font-family: Arial;\">Le mot du jour qui s&rsquo;approche des 1500 articles, n&rsquo;est pas qu&rsquo;un billet quotidien.<br \/>\n<\/span><\/p>\n<p><span style=\"color: #777777; font-family: Arial;\">Il est aussi pour moi une source que je peux utiliser dans la vie quotidienne, dans ma vie priv\u00e9e comme dans ma vie professionnelle.<br \/>\n<\/span><\/p>\n<p><img loading=\"lazy\" decoding=\"async\" class=\"alignleft\" src=\"https:\/\/lemotdujour.fr\/wp-content\/uploads\/2020\/10\/101020_2226_Vendredi16o1.jpg\" alt=\"\" width=\"420\" height=\"302\" align=\"left\" \/><span style=\"color: #777777; font-family: Arial;\">Ainsi, dans ma vie professionnelle j&rsquo;ai souvent utilis\u00e9 pour convaincre les coll\u00e8gues d&rsquo;accepter de sortir de comportements un peu trop individualistes pour manifester un esprit de meilleure coop\u00e9ration, ce proverbe africain :<br \/>\n<\/span><\/p>\n<p style=\"margin-left: 14pt;\"><span style=\"color: navy; font-family: Verdana; font-size: 12pt;\"><strong>\u00ab\u00a0Tout seul on va plus vite.<br \/>\nEnsemble on va plus loin\u00a0\u00bb<br \/>\n<\/strong><\/span><\/p>\n<p><span style=\"color: #777777; font-family: Arial;\">Ce proverbe avait \u00e9t\u00e9 cit\u00e9 par la membre d&rsquo;une compagnie de danse\u00a0:<span style=\"color: #0000ff;\"> <a style=\"color: #0000ff;\" href=\"http:\/\/www.ciexy.com\/\">la compagnie XY.<\/a><\/span><br \/>\n<\/span><\/p>\n<p><span style=\"color: #777777; font-family: Arial;\">Elle \u00e9tait invit\u00e9e dans le cadre de la biennale de la danse de 2014.<br \/>\n<\/span><\/p>\n<p><span style=\"color: #777777; font-family: Arial;\">Cette biennale se passe tous les deux ans, \u00e0 Lyon, en 2014, 2016, 2018.<br \/>\n<\/span><\/p>\n<p><span style=\"color: #777777; font-family: Arial;\">Mais pas en 2020. Elle a \u00e9t\u00e9 annul\u00e9e en raison du COVID 19.<br \/>\n<\/span><\/p>\n<p><span style=\"color: #777777; font-family: Arial;\">A l&rsquo;\u00e9poque, le spectacle de cette compagnie \u00e9tait trop r\u00e9cent pour pouvoir disposer d&rsquo;une vid\u00e9o.<br \/>\n<\/span><\/p>\n<p><span style=\"color: #777777; font-family: Arial;\">Mais aujourd&rsquo;hui, il existe une pr\u00e9sentation et des extraits de ce spectacle\u00a0: <a href=\"https:\/\/www.numeridanse.tv\/videotheque-danse\/il-nest-pas-encore-minuit\">&lt;<span style=\"color: #0000ff;\">Il n&rsquo;est pas encore minuit&gt;<\/span><\/a><br \/>\n<\/span><\/p>\n<p><span style=\"color: #777777; font-family: Arial;\">C&rsquo;\u00e9tait le mot du jour du &lt;<a href=\"https:\/\/lemotdujour.fr\/?p=824\"><span style=\"color: #0000ff;\">16 septembre 2014<\/span><\/a><span style=\"color: #0000ff;\">&gt;<\/span><br \/>\n<\/span><\/p>\n<p><span style=\"color: maroon; font-family: Arial; font-size: 12pt;\">&lt;Mot sans num\u00e9ro&gt;<\/span><\/p>\n","protected":false},"excerpt":{"rendered":"<p>\u00abPause (Tout seul on va plus vite. Ensemble on va plus loin)\u00bb Un jour sans mot du jour nouveau Le mot du jour qui s&rsquo;approche des 1500 articles, n&rsquo;est pas qu&rsquo;un billet quotidien. Il est aussi pour moi une source<\/p>\n","protected":false},"author":1,"featured_media":0,"comment_status":"open","ping_status":"closed","sticky":false,"template":"","format":"standard","meta":{"footnotes":""},"categories":[1],"tags":[96],"class_list":["post-9832","post","type-post","status-publish","format-standard","hentry","category-motdujour","tag-pause"],"_links":{"self":[{"href":"https:\/\/lemotdujour.fr\/index.php?rest_route=\/wp\/v2\/posts\/9832","targetHints":{"allow":["GET"]}}],"collection":[{"href":"https:\/\/lemotdujour.fr\/index.php?rest_route=\/wp\/v2\/posts"}],"about":[{"href":"https:\/\/lemotdujour.fr\/index.php?rest_route=\/wp\/v2\/types\/post"}],"author":[{"embeddable":true,"href":"https:\/\/lemotdujour.fr\/index.php?rest_route=\/wp\/v2\/users\/1"}],"replies":[{"embeddable":true,"href":"https:\/\/lemotdujour.fr\/index.php?rest_route=%2Fwp%2Fv2%2Fcomments&post=9832"}],"version-history":[{"count":3,"href":"https:\/\/lemotdujour.fr\/index.php?rest_route=\/wp\/v2\/posts\/9832\/revisions"}],"predecessor-version":[{"id":9865,"href":"https:\/\/lemotdujour.fr\/index.php?rest_route=\/wp\/v2\/posts\/9832\/revisions\/9865"}],"wp:attachment":[{"href":"https:\/\/lemotdujour.fr\/index.php?rest_route=%2Fwp%2Fv2%2Fmedia&parent=9832"}],"wp:term":[{"taxonomy":"category","embeddable":true,"href":"https:\/\/lemotdujour.fr\/index.php?rest_route=%2Fwp%2Fv2%2Fcategories&post=9832"},{"taxonomy":"post_tag","embeddable":true,"href":"https:\/\/lemotdujour.fr\/index.php?rest_route=%2Fwp%2Fv2%2Ftags&post=9832"}],"curies":[{"name":"wp","href":"https:\/\/api.w.org\/{rel}","templated":true}]}}