{"id":9823,"date":"2020-10-14T05:52:00","date_gmt":"2020-10-14T03:52:00","guid":{"rendered":"http:\/\/lemotdujour.fr\/?p=9823"},"modified":"2020-10-15T21:42:45","modified_gmt":"2020-10-15T19:42:45","slug":"mercredi-14-octobre-2020","status":"publish","type":"post","link":"https:\/\/lemotdujour.fr\/?p=9823","title":{"rendered":"Mercredi 14 octobre 2020"},"content":{"rendered":"<div class=\"mdjTexte\">\u00abPause (tout ce qui se trouve au-dessus d&rsquo;elles est incapable et indigne de les gouverner)\u00bb<\/div>\n<div class=\"mdjAuteur\">Un jour sans mot du jour nouveau<\/div>\n<p><span style=\"color: #777777; font-family: Arial;\">Le mot du jour qui s&rsquo;approche des 1500 articles, n&rsquo;est pas qu&rsquo;un billet quotidien.<br \/>\n<\/span><\/p>\n<p><span style=\"color: #777777; font-family: Arial;\">Il est tout \u00e0 fait possible de relire des articles anciens.<br \/>\n<\/span><\/p>\n<p><img loading=\"lazy\" decoding=\"async\" class=\"alignleft\" src=\"https:\/\/lemotdujour.fr\/wp-content\/uploads\/2020\/10\/101020_2152_Mercredi14o1.jpg\" alt=\"\" width=\"331\" height=\"442\" align=\"left\" \/><span style=\"color: #777777; font-family: Arial;\">Bien avant les gilets jaunes, le 28 mars 2014, je citais un grand intellectuel fran\u00e7ais qui lui \u00e9tait encore beaucoup plus ancien.<br \/>\n<\/span><\/p>\n<p><span style=\"color: #777777; font-family: Arial;\">Il s&rsquo;agit de l&rsquo;auteur de la \u00ab\u00a0<strong>D\u00e9mocratie en Am\u00e9rique<\/strong>\u00a0\u00bb et d&rsquo;un ouvrage que j&rsquo;ai \u00e9tudi\u00e9 lors de mes \u00e9tudes de Droit\u00a0: \u00ab\u00a0<strong>L&rsquo;Ancien R\u00e9gime et la r\u00e9volution\u00a0<\/strong>\u00bb.<br \/>\n<\/span><\/p>\n<p><span style=\"color: #777777; font-family: Arial;\">Il est mort en 1859, soit quasi 100 ans avant ma naissance, \u00e0 un an pr\u00e8s.<br \/>\n<\/span><\/p>\n<p><span style=\"color: #777777; font-family: Arial;\">Alexis de Tocqueville disait .moins d&rsquo;un mois avant la R\u00e9volution de 1848\u00a0:<br \/>\n<\/span><\/p>\n<p style=\"margin-left: 14pt;\"><span style=\"color: navy; font-family: Verdana; font-size: 12pt;\"><strong>\u00ab\u00a0il se dit dans leur sein [ des gouvern\u00e9s] que tout ce qui se trouve au-dessus d&rsquo;elles est incapable et indigne de les gouverner \u00bb<br \/>\n<\/strong><\/span><\/p>\n<p><span style=\"color: #777777; font-family: Arial;\">C&rsquo;\u00e9tait lors du &lt;<span style=\"color: #0000ff;\"><a style=\"color: #0000ff;\" href=\"https:\/\/lemotdujour.fr\/?p=658\">Discours \u00e0 la Chambre des d\u00e9put\u00e9s du 27 janvier 1848<\/a>&gt;<\/span><br \/>\n<\/span><\/p>\n<p><span style=\"color: maroon; font-family: Arial; font-size: 12pt;\">&lt;Mot sans num\u00e9ro&gt;<\/span><\/p>\n","protected":false},"excerpt":{"rendered":"<p>\u00abPause (tout ce qui se trouve au-dessus d&rsquo;elles est incapable et indigne de les gouverner)\u00bb Un jour sans mot du jour nouveau Le mot du jour qui s&rsquo;approche des 1500 articles, n&rsquo;est pas qu&rsquo;un billet quotidien. Il est tout \u00e0<\/p>\n","protected":false},"author":1,"featured_media":0,"comment_status":"open","ping_status":"closed","sticky":false,"template":"","format":"standard","meta":{"footnotes":""},"categories":[1],"tags":[96],"class_list":["post-9823","post","type-post","status-publish","format-standard","hentry","category-motdujour","tag-pause"],"_links":{"self":[{"href":"https:\/\/lemotdujour.fr\/index.php?rest_route=\/wp\/v2\/posts\/9823","targetHints":{"allow":["GET"]}}],"collection":[{"href":"https:\/\/lemotdujour.fr\/index.php?rest_route=\/wp\/v2\/posts"}],"about":[{"href":"https:\/\/lemotdujour.fr\/index.php?rest_route=\/wp\/v2\/types\/post"}],"author":[{"embeddable":true,"href":"https:\/\/lemotdujour.fr\/index.php?rest_route=\/wp\/v2\/users\/1"}],"replies":[{"embeddable":true,"href":"https:\/\/lemotdujour.fr\/index.php?rest_route=%2Fwp%2Fv2%2Fcomments&post=9823"}],"version-history":[{"count":3,"href":"https:\/\/lemotdujour.fr\/index.php?rest_route=\/wp\/v2\/posts\/9823\/revisions"}],"predecessor-version":[{"id":9863,"href":"https:\/\/lemotdujour.fr\/index.php?rest_route=\/wp\/v2\/posts\/9823\/revisions\/9863"}],"wp:attachment":[{"href":"https:\/\/lemotdujour.fr\/index.php?rest_route=%2Fwp%2Fv2%2Fmedia&parent=9823"}],"wp:term":[{"taxonomy":"category","embeddable":true,"href":"https:\/\/lemotdujour.fr\/index.php?rest_route=%2Fwp%2Fv2%2Fcategories&post=9823"},{"taxonomy":"post_tag","embeddable":true,"href":"https:\/\/lemotdujour.fr\/index.php?rest_route=%2Fwp%2Fv2%2Ftags&post=9823"}],"curies":[{"name":"wp","href":"https:\/\/api.w.org\/{rel}","templated":true}]}}