{"id":982,"date":"2015-01-28T01:00:00","date_gmt":"2015-01-27T22:00:00","guid":{"rendered":"http:\/\/lemotdujour.fr\/?p=982"},"modified":"2017-05-08T13:24:33","modified_gmt":"2017-05-08T11:24:33","slug":"mercredi-28-janvier-2015","status":"publish","type":"post","link":"https:\/\/lemotdujour.fr\/?p=982","title":{"rendered":"Mercredi 28 Janvier 2015"},"content":{"rendered":"<div class=\"mdjDate\">Mercredi 28 Janvier 2015<\/div>\n<div class=\"mdjTexte\">\u00abNous vivons aujourd&rsquo;hui sous un ordre cannibale du Monde\u00bb<\/div>\n<div class=\"mdjAuteur\">Jean Ziegler<\/div>\n<div class=\"mdjComplements\">Jean Ziegler,<strong> <\/strong>un suisse non banquier, altermondialiste, sociologue.\u00a0 et vient de publier au Seuil\u00a0:\u00a0<em>Retournez les fusils choisir son camp.<\/em><\/div>\n<div class=\"mdjComplements\">Il a \u00e9t\u00e9 rapporteur sp\u00e9cial aupr\u00e8s de l\u2019ONU sur la question du droit \u00e0 l\u2019alimentation dans le monde.<\/div>\n<div class=\"mdjComplements\">Il a \u00e9t\u00e9 successivement invit\u00e9 dans deux \u00e9missions : <\/div>\n<div class=\"mdjComplements\"><a href=\"http:\/\/www.franceculture.fr\/emission-les-matins-dans-quel-monde-vivons-nous-2014-12-11\">http:\/\/www.franceculture.fr\/emission-les-matins-dans-quel-monde-vivons-nous-2014-12-11<\/a><\/div>\n<div class=\"mdjComplements\">et <a href=\"http:\/\/www.franceinter.fr\/emission-un-jour-dans-le-monde-comment-penser-le-monde-et-le-transformer&quot; \\t &quot;_blank\">http:\/\/www.franceinter.fr\/emission-un-jour-dans-le-monde-comment-penser-le-monde-et-le-transformer<\/a><\/div>\n<div class=\"mdjComplements\">\u00abNous vivons aujourd&rsquo;hui sous un ordre cannibale du Monde\u00bb C&rsquo;est une de ses expressions pour exprimer la mani\u00e8re dont il analyse le Monde.<\/div>\n<div class=\"mdjComplements\">Et il\u00a0 dit \u00ab\u00a0Au moment o\u00f9 nous parlons, toutes les 5 secondes, un enfant \u00e2g\u00e9 de moins de 10 ans meurt de faim. Ceci sur une plan\u00e8te o\u00f9 l\u2019agriculture pourrait nourrir normalement 12 milliards d\u2019\u00eatres humains.<\/div>\n<div class=\"mdjComplements\">La faim dans le monde, c\u2019est le scandale de notre temps. Trente-cinq millions de personnes meurent chaque ann\u00e9e de la faim ou de ses suites imm\u00e9diates. \u00ab\u00a0<\/div>\n<div class=\"mdjComplements\">Il parle aussi de l&rsquo;ordre oligarchique financi\u00e8re qui a aujourd&rsquo;hui un pouvoir qu&rsquo;aucune force d\u00e9mocratique ne contr\u00f4le.<\/div>\n<div class=\"mdjComplements\">Il nous invite \u00e0 utiliser tous les moyens constitutionnels \u00e0 notre disposition pour mettre fin \u00e0 ces abus, si l&rsquo;insurrection des consciences se d\u00e9veloppe.<\/div>\n<div class=\"mdjComplements\">Voici encore un article int\u00e9ressant de cet esprit qui ne r\u00e9signe pas : <a href=\"http:\/\/www.lalibre.be\/actu\/planete\/jean-ziegler-l-ordre-cannibale-du-monde-51b8dc67e4b0de6db9c39dc9\">http:\/\/www.lalibre.be\/actu\/planete\/jean-ziegler-l-ordre-cannibale-du-monde-51b8dc67e4b0de6db9c39dc9<\/a><\/div>\n<div class=\"mdjComplements\">dont voici quelques extraits : <\/div>\n<div class=\"mdjComplements\"><em>Selon vous, la faim dans le monde est aujourd\u2019hui le r\u00e9sultat d\u2019un choix, celui de l\u2019\u00e9conomie n\u00e9olib\u00e9rale ?<\/em><\/div>\n<div class=\"mdjCiter\">Totalement. Historiquement, nous avons connu trois \u00e9tapes. Jusqu\u2019\u00e0 la Seconde Guerre mondiale, les th\u00e9ories du pasteur Malthus affirmant qu\u2019il existait une loi de la n\u00e9cessit\u00e9 ont pr\u00e9domin\u00e9. Selon lui, les guerres et les famines sont horribles, mais n\u00e9cessaires, sans quoi il y aurait une surpopulation. C\u2019\u00e9tait une sorte de m\u00e9canisme d\u2019autor\u00e9gulation naturel. Cette th\u00e9orie a \u00e9t\u00e9 accept\u00e9e jusque dans les \u00e9glises car elle justifiait magnifiquement le colonialisme occidental et l\u2019oligarchie dominante de la plan\u00e8te. Ensuite, gr\u00e2ce \u00e0 Hitler, c\u2019est horrible de le dire, il y a eu un r\u00e9veil des consciences. Car les monstres nazis ont utilis\u00e9 l\u2019arme de la faim pour tuer et les Europ\u00e9ens ont eu faim \u00e0 leur tour. Au sortir de la guerre, il y a donc eu un r\u00e9veil politique qui s\u2019est traduit par la reconnaissance du droit \u00e0 l\u2019alimentation dans la D\u00e9claration universelle des droits de l\u2019homme; la cr\u00e9ation de la Food and Agriculture Organization (FAO) et celle du Programme alimentaire mondial (Pam). Mais aujourd\u2019hui, l\u2019obscurantisme n\u00e9olib\u00e9ral revient \u00e0 la naturalit\u00e9 des lois \u00e9conomiques o\u00f9 c\u2019est le march\u00e9 qui d\u00e9cide. Avec cette th\u00e9orie : en lib\u00e9ralisant le march\u00e9, en privatisant les secteurs publics, les forces de production vont augmenter et la faim va un jour se r\u00e9sorber. C\u2019est \u00e9videmment un mensonge absolu. La globalisation et la lib\u00e9ralisation \u00e0 tous crins ont extraordinairement progress\u00e9 ces vingt derni\u00e8res ann\u00e9es et, dans le m\u00eame temps, la faim a augment\u00e9 alors que cela aurait d\u00fb \u00eatre l\u2019inverse. Il faut intervenir et abattre cet ordre cannibale du monde et mettant fin \u00e0 tous les m\u00e9canismes qui tuent. Il faut, par exemple, interdire que l\u2019on br\u00fble de la nourriture pour faire des agrocarburants.<\/div>\n<div class=\"mdjComplements\"><em>La sp\u00e9culation sur les march\u00e9s des mati\u00e8res premi\u00e8res alimentaires devrait-elle \u00eatre limit\u00e9e ?<\/em><\/div>\n<div class=\"mdjCiter\">Oui. Depuis le crash financier de 2008, les fonds souverains, les hedge funds et les grandes banques se rabattent sur les bourses des mati\u00e8res agricoles et font flamber les prix. A Gen\u00e8ve, qui est la caverne d\u2019Ali Baba de ces sp\u00e9culateurs, si vous vous rendez \u00e0 la banque UBS, on vous propose d\u2019investir dans des certificats sur le riz garantissant 37 % de plus-value ! Tout cela de mani\u00e8re tout \u00e0 fait l\u00e9gale, m\u00eame si c\u2019est moralement inacceptable. Ces sp\u00e9culateurs devraient \u00eatre traduits devant un tribunal pour crime contre l\u2019Humanit\u00e9 ! Alors que les Etats se sont mobilis\u00e9s pour sauver les banques \u00e0 grands renforts de milliards, le Pam a perdu la moiti\u00e9 de son financement en 2008. Aujourd\u2019hui, en Afrique orientale, 12,4 millions de personnes sont au bord de l\u2019effondrement \u00e0 cause de la faim. Les camps de r\u00e9fugi\u00e9s de l\u2019Onu refusent des centaines de familles tous les matins faute de moyens. Et les sp\u00e9culateurs sont deux fois responsables. En effet, non seulement le Pam a perdu la moiti\u00e9 de son budget, mais il doit acheter 85 % de la nourriture qu\u2019il distribue sur le march\u00e9 mondial o\u00f9 les prix ont explos\u00e9 en raison des activit\u00e9s sp\u00e9culatives.<\/div>\n<div class=\"mdjComplements\"><em>Une autre tendance inqui\u00e9tante est celle de l\u2019accaparement des terres\u2026<\/em><\/div>\n<div class=\"mdjCiter\">L\u2019ann\u00e9e derni\u00e8re, 41 millions d\u2019hectares de terres arables ont \u00e9t\u00e9 accapar\u00e9s par des fonds d\u2019investissements et des multinationales uniquement en Afrique. Avec pour r\u00e9sultat, l\u2019expulsion des petits paysans. Ce qu\u2019il faut d\u00e9noncer, c\u2019est le r\u00f4le de la Banque mondiale, mais aussi celui de la Banque europ\u00e9enne d\u2019investissements et de la Banque africaine de d\u00e9veloppement, qui financent ces vols de terre. Pour se justifier, elles ont une th\u00e9orie tr\u00e8s pernicieuse qui est de dire que la productivit\u00e9 agricole est tr\u00e8s basse en Afrique. Ce qui est vrai. Mais ce n\u2019est pas parce que les paysans africains sont moins comp\u00e9tents que les paysans fran\u00e7ais ou wallons. C\u2019est parce que ces pays sont \u00e9trangl\u00e9s par leur dette ext\u00e9rieure. Ils n\u2019ont donc pas d\u2019argent pour constituer des r\u00e9serves en cas de catastrophes ni pour investir dans l\u2019agriculture de subsistance. Il est faux de dire que la solution viendra de la cession des terres aux multinationales. Ce qu\u2019il faut faire, c\u2019est mettre ces pays en \u00e9tat d\u2019investir dans l\u2019agriculture et de donner \u00e0 leurs paysans les instruments minimaux pour augmenter leur productivit\u00e9 : les outils, l\u2019irrigation, les semences s\u00e9lectionn\u00e9es<\/div>\n<div class=\"mdjComplements\"><em>Quelles sont finalement les raisons d\u2019esp\u00e9rer ?<\/em><\/div>\n<div class=\"mdjCiter\">L\u2019esp\u00e9rance est double. Il y a d\u2019une part l\u2019\u00e9mergence d\u2019une insurrection paysanne repr\u00e9sent\u00e9e par le mouvement Via Campesina qui repr\u00e9sente aujourd\u2019hui pr\u00e8s de 135 millions de petits agriculteurs \u00e0 travers le monde. Ce mouvement a formul\u00e9 un projet tr\u00e8s concret de Convention sur les droits des paysans et l\u2019a port\u00e9 devant les Nations unies. Cette proposition sera d\u00e9battue en mars par le Conseil des droits de l\u2019homme qui doit se prononcer pour savoir s\u2019il la transforme en un instrument de droit international. C\u2019est \u00e9videmment un processus difficile et incertain, mais je suis convaincu que cette convention finira par se r\u00e9aliser et elle sera alors une arme puissante. D\u2019autre part, les pays dominateurs sont aussi des d\u00e9mocraties, m\u00eame si leurs valeurs d\u00e9mocratiques s\u2019arr\u00eatent \u00e0 leurs fronti\u00e8res pour c\u00e9der la place \u00e0 la loi des multinationales. Or, il n\u2019y a pas d\u2019impuissance des d\u00e9mocraties. N\u2019importe lequel de ces m\u00e9canismes peut \u00eatre bris\u00e9 d\u00e9mocratiquement par la volont\u00e9 des opinions publiques. On pourrait tout de suite voter le d\u00e9sendettement total des pays les plus pauvres. On peut aussi d\u00e9cider que seuls les vrais acteurs peuvent participer aux march\u00e9s des mati\u00e8res premi\u00e8res agricoles, ceux qui d\u00e9livrent des marchandises. La faim peut facilement, d\u00e9mocratiquement et pacifiquement \u00eatre \u00e9limin\u00e9e en un court laps de temps.<\/div>\n<div class=\"mdjComplements\">La Suisse a de belles montagnes, des banques puissantes, une belle \u00e9quipe de coupe Davis et Jean Ziegler.<\/div>\n","protected":false},"excerpt":{"rendered":"<p>Mercredi 28 Janvier 2015 \u00abNous vivons aujourd&rsquo;hui sous un ordre cannibale du Monde\u00bb Jean Ziegler Jean Ziegler, un suisse non banquier, altermondialiste, sociologue.\u00a0 et vient de publier au Seuil\u00a0:\u00a0Retournez les fusils choisir son camp. Il a \u00e9t\u00e9 rapporteur sp\u00e9cial aupr\u00e8s<\/p>\n","protected":false},"author":1,"featured_media":0,"comment_status":"closed","ping_status":"closed","sticky":false,"template":"","format":"standard","meta":{"footnotes":""},"categories":[1],"tags":[],"class_list":["post-982","post","type-post","status-publish","format-standard","hentry","category-motdujour"],"_links":{"self":[{"href":"https:\/\/lemotdujour.fr\/index.php?rest_route=\/wp\/v2\/posts\/982","targetHints":{"allow":["GET"]}}],"collection":[{"href":"https:\/\/lemotdujour.fr\/index.php?rest_route=\/wp\/v2\/posts"}],"about":[{"href":"https:\/\/lemotdujour.fr\/index.php?rest_route=\/wp\/v2\/types\/post"}],"author":[{"embeddable":true,"href":"https:\/\/lemotdujour.fr\/index.php?rest_route=\/wp\/v2\/users\/1"}],"replies":[{"embeddable":true,"href":"https:\/\/lemotdujour.fr\/index.php?rest_route=%2Fwp%2Fv2%2Fcomments&post=982"}],"version-history":[{"count":1,"href":"https:\/\/lemotdujour.fr\/index.php?rest_route=\/wp\/v2\/posts\/982\/revisions"}],"predecessor-version":[{"id":983,"href":"https:\/\/lemotdujour.fr\/index.php?rest_route=\/wp\/v2\/posts\/982\/revisions\/983"}],"wp:attachment":[{"href":"https:\/\/lemotdujour.fr\/index.php?rest_route=%2Fwp%2Fv2%2Fmedia&parent=982"}],"wp:term":[{"taxonomy":"category","embeddable":true,"href":"https:\/\/lemotdujour.fr\/index.php?rest_route=%2Fwp%2Fv2%2Fcategories&post=982"},{"taxonomy":"post_tag","embeddable":true,"href":"https:\/\/lemotdujour.fr\/index.php?rest_route=%2Fwp%2Fv2%2Ftags&post=982"}],"curies":[{"name":"wp","href":"https:\/\/api.w.org\/{rel}","templated":true}]}}