{"id":9818,"date":"2020-10-13T04:35:00","date_gmt":"2020-10-13T02:35:00","guid":{"rendered":"http:\/\/lemotdujour.fr\/?p=9818"},"modified":"2020-10-15T21:41:36","modified_gmt":"2020-10-15T19:41:36","slug":"mardi-13-octobre-2020","status":"publish","type":"post","link":"https:\/\/lemotdujour.fr\/?p=9818","title":{"rendered":"Mardi 13 octobre 2020"},"content":{"rendered":"<div class=\"mdjTexte\">\u00abPause (Un anniversaire) \u00bb<\/div>\n<div class=\"mdjAuteur\">Un jour sans mot du jour nouveau<\/div>\n<p><span style=\"color: #777777; font-family: Arial;\">Le mot du jour qui s&rsquo;approche des 1500 articles, n&rsquo;est pas qu&rsquo;un billet quotidien.<br \/>\n<\/span><\/p>\n<p><span style=\"color: #777777; font-family: Arial;\">Il est aussi une collection d&rsquo;articles qui touchent \u00e9norm\u00e9ment de domaines.<br \/>\n<\/span><\/p>\n<p><img loading=\"lazy\" decoding=\"async\" class=\"alignleft\" src=\"https:\/\/lemotdujour.fr\/wp-content\/uploads\/2020\/10\/101020_2135_Mardi13octo1.jpg\" alt=\"\" width=\"371\" height=\"278\" align=\"left\" \/><span style=\"color: #777777; font-family: Arial;\">C&rsquo;est pour cette raison qu&rsquo;il m&rsquo;est difficile de pr\u00e9senter le \u00abmot du jour\u00bb en quelques phrases.<br \/>\n<\/span><\/p>\n<p><span style=\"color: #777777; font-family: Arial;\">Ce n&rsquo;est pas un billet d&rsquo;humeur, parfois cela peut l&rsquo;\u00eatre, mais pas que.<br \/>\n<\/span><\/p>\n<p><span style=\"color: #777777; font-family: Arial;\">En pratique je parle de tout.<br \/>\n<\/span><\/p>\n<p><span style=\"color: #777777; font-family: Arial;\">Ainsi il y a 3 ans le 13 octobre 2017, je parlais d&rsquo;anniversaire, \u00e0 travers l&rsquo;Histoire de ce mot et de l&rsquo;\u00e9v\u00e8nement que chacun a l&rsquo;habitude de c\u00e9l\u00e9brer.<br \/>\n<\/span><\/p>\n<p><span style=\"color: #777777; font-family: Arial;\">Il y eut une \u00e9poque \u00e0 laquelle on ne connaissait m\u00eame pas sa date d&rsquo;anniversaire.<br \/>\n<\/span><\/p>\n<p><span style=\"color: #777777; font-family: Arial;\">L&rsquo;usage \u00e9tait de f\u00eater le saint de son pr\u00e9nom.<br \/>\n<\/span><\/p>\n<p><span style=\"color: #777777; font-family: Arial;\">Le 13 octobre, nous f\u00eatons ainsi les G\u00e9raud.<br \/>\n<\/span><\/p>\n<p><span style=\"color: #777777; font-family: Arial;\">Pour ma part, je n&rsquo;ai jamais rencontr\u00e9 une personne portant ce pr\u00e9nom.<br \/>\n<\/span><\/p>\n<p><span style=\"color: #777777; font-family: Arial;\">L&rsquo;original, celui qui a \u00e9t\u00e9 canonis\u00e9 \u00e9tait Saint <span style=\"color: #0000ff;\"><a style=\"color: #0000ff;\" href=\"https:\/\/fr.wikipedia.org\/wiki\/G%C3%A9raud_d%27Aurillac\">G\u00e9raud d&rsquo;Aurillac<\/a><\/span> (n\u00e9 en 855 \u00e0 Aurillac et mort le 13 octobre 909 en Quercy). Il \u00e9tait le fils de G\u00e9raud, seigneur d&rsquo;Aurillac, et d&rsquo;Adeltrude, qui fut \u00e9galement canonis\u00e9e.<br \/>\n<\/span><\/p>\n<p><span style=\"color: #777777; font-family: Arial;\">Il fut fondateur de l&rsquo;abbaye d&rsquo;Aurillac, mod\u00e8le de celle de Cluny, sa vie a \u00e9t\u00e9 relat\u00e9e par Odon de Cluny qui en a fait le mod\u00e8le chevaleresque du seigneur chr\u00e9tien qui met sa force et ses richesses au service de la Justice et des humbles.<br \/>\n<\/span><\/p>\n<p><span style=\"color: #777777; font-family: Arial;\">Peut \u00eatre un pr\u00e9nom pour des parents en qu\u00eate d&rsquo;un pr\u00e9nom peu usit\u00e9&#8230;<br \/>\n<\/span><\/p>\n<p><span style=\"color: #777777;\"><span style=\"font-family: Arial;\">Mais le mot du jour du 13 octobre 2017 parlait d&rsquo;<\/span><span style=\"color: navy;\"><span style=\"font-family: Verdana;\"><strong>\u00ab<span style=\"color: #0000ff;\">\u00a0<a style=\"color: #0000ff;\" href=\"https:\/\/lemotdujour.fr\/?p=3331\">Un anniversaire<\/a><\/span><\/strong><span style=\"color: #0000ff;\">\u00a0<\/span><strong>\u00bb<\/strong><\/span><span style=\"color: #777777; font-family: Arial;\"><br \/>\n<\/span><\/span><\/span><\/p>\n<p><span style=\"font-size: 12pt;\"><span style=\"color: maroon; font-family: Arial;\">&lt;Mot sans num\u00e9ro&gt;<\/span><span style=\"font-family: Times New Roman;\"><br \/>\n<\/span><\/span><\/p>\n","protected":false},"excerpt":{"rendered":"<p>\u00abPause (Un anniversaire) \u00bb Un jour sans mot du jour nouveau Le mot du jour qui s&rsquo;approche des 1500 articles, n&rsquo;est pas qu&rsquo;un billet quotidien. Il est aussi une collection d&rsquo;articles qui touchent \u00e9norm\u00e9ment de domaines. C&rsquo;est pour cette raison<\/p>\n","protected":false},"author":1,"featured_media":0,"comment_status":"open","ping_status":"closed","sticky":false,"template":"","format":"standard","meta":{"footnotes":""},"categories":[1],"tags":[96],"class_list":["post-9818","post","type-post","status-publish","format-standard","hentry","category-motdujour","tag-pause"],"_links":{"self":[{"href":"https:\/\/lemotdujour.fr\/index.php?rest_route=\/wp\/v2\/posts\/9818","targetHints":{"allow":["GET"]}}],"collection":[{"href":"https:\/\/lemotdujour.fr\/index.php?rest_route=\/wp\/v2\/posts"}],"about":[{"href":"https:\/\/lemotdujour.fr\/index.php?rest_route=\/wp\/v2\/types\/post"}],"author":[{"embeddable":true,"href":"https:\/\/lemotdujour.fr\/index.php?rest_route=\/wp\/v2\/users\/1"}],"replies":[{"embeddable":true,"href":"https:\/\/lemotdujour.fr\/index.php?rest_route=%2Fwp%2Fv2%2Fcomments&post=9818"}],"version-history":[{"count":4,"href":"https:\/\/lemotdujour.fr\/index.php?rest_route=\/wp\/v2\/posts\/9818\/revisions"}],"predecessor-version":[{"id":9862,"href":"https:\/\/lemotdujour.fr\/index.php?rest_route=\/wp\/v2\/posts\/9818\/revisions\/9862"}],"wp:attachment":[{"href":"https:\/\/lemotdujour.fr\/index.php?rest_route=%2Fwp%2Fv2%2Fmedia&parent=9818"}],"wp:term":[{"taxonomy":"category","embeddable":true,"href":"https:\/\/lemotdujour.fr\/index.php?rest_route=%2Fwp%2Fv2%2Fcategories&post=9818"},{"taxonomy":"post_tag","embeddable":true,"href":"https:\/\/lemotdujour.fr\/index.php?rest_route=%2Fwp%2Fv2%2Ftags&post=9818"}],"curies":[{"name":"wp","href":"https:\/\/api.w.org\/{rel}","templated":true}]}}