{"id":9801,"date":"2020-10-12T05:57:00","date_gmt":"2020-10-12T03:57:00","guid":{"rendered":"http:\/\/lemotdujour.fr\/?p=9801"},"modified":"2020-10-15T21:40:50","modified_gmt":"2020-10-15T19:40:50","slug":"lundi-12-octobre-2020","status":"publish","type":"post","link":"https:\/\/lemotdujour.fr\/?p=9801","title":{"rendered":"Lundi 12 octobre 2020"},"content":{"rendered":"<div class=\"mdjTexte\">\u00abPause (Si la progression permanente, depuis deux d\u00e9cennies, de l&rsquo;in\u00e9galit\u00e9 sociale)\u00bb<\/div>\n<div class=\"mdjAuteur\">Un jour sans mot du jour nouveau<\/div>\n<p><span style=\"color: #777777; font-family: Arial;\">Le mot du jour qui s&rsquo;approche des 1500 articles, n&rsquo;est pas qu&rsquo;un billet quotidien.<br \/>\n<\/span><\/p>\n<p><span style=\"color: #777777; font-family: Arial;\">Il est aussi une somme de sujets abord\u00e9s, parfois plusieurs fois, sous diff\u00e9rents angles.<br \/>\n<\/span><\/p>\n<p><img loading=\"lazy\" decoding=\"async\" class=\"alignleft\" src=\"https:\/\/lemotdujour.fr\/wp-content\/uploads\/2020\/10\/101020_1957_Lundi12octo1.jpg\" alt=\"\" width=\"354\" height=\"236\" align=\"left\" \/><span style=\"color: #777777; font-family: Arial;\">On peut ainsi y revenir.<br \/>\n<\/span><\/p>\n<p><span style=\"color: #777777; font-family: Arial;\">C&rsquo;est ainsi que je le con\u00e7ois.<br \/>\n<\/span><\/p>\n<p><span style=\"color: #777777; font-family: Arial;\">Aujourd&rsquo;hui je vous propose de revenir 6 ans auparavant en 2014.<br \/>\n<\/span><\/p>\n<p><span style=\"color: #777777; font-family: Arial;\">J&rsquo;avais mentionn\u00e9 une tribune dans le Monde du philosophe allemand\u00a0: <strong>J\u00fcrgen Habermas<\/strong>\u00a0:<br \/>\n<\/span><\/p>\n<p style=\"margin-left: 14pt;\"><span style=\"color: navy; font-family: Verdana; font-size: 12pt;\"><strong>\u00ab\u00a0\u00abLe mod\u00e8le de soci\u00e9t\u00e9 europ\u00e9en [\u2026] repose sur le rapport interne de l&rsquo;Etat social et de la d\u00e9mocratie.<br \/>\nSi la progression permanente, depuis deux d\u00e9cennies, de l&rsquo;in\u00e9galit\u00e9 sociale (une tendance empiriquement prouv\u00e9e pour les pays industriels),<br \/>\nne se laisse pas inverser, ce rapport se d\u00e9chirera.\u00bb<br \/>\n<\/strong><\/span><\/p>\n<p><span style=\"color: #777777; font-family: Arial;\">Son propos reste d&rsquo;une brulante actualit\u00e9.<br \/>\n<\/span><\/p>\n<p><span style=\"color: #777777; font-family: Arial;\">Jurgen Habermas a aujourd&rsquo;hui 91 ans.<br \/>\n<\/span><\/p>\n<p><span style=\"color: #777777; font-family: Arial;\">Je vous renvoie donc vers le mot du jour du &lt;<span style=\"color: #0000ff;\"><a style=\"color: #0000ff;\" href=\"https:\/\/lemotdujour.fr\/?p=616\">25 f\u00e9vrier 2014<\/a><\/span>&gt;<br \/>\n<\/span><\/p>\n<p><span style=\"color: #777777; font-family: Arial;\">Si vous \u00eates abonnes au Monde vous pouvez aller directement vers l&rsquo;article :<br \/>\n<\/span><\/p>\n<p><span style=\"color: #777777; font-family: Arial;\">&lt; <a href=\"https:\/\/www.lemonde.fr\/idees\/article\/2014\/02\/23\/repolitisons-le-debat-europeen-par-jurgen-habermas_4366441_3232.html\"><span style=\"color: #0000ff;\">Repolitisons le d\u00e9bat europ\u00e9en, par J\u00fcrgen Habermas<\/span><\/a> &gt;.<br \/>\n<\/span><\/p>\n<p><span style=\"font-size: 12pt;\"><span style=\"color: maroon; font-family: Arial;\">&lt;Mot sans num\u00e9ro&gt;<\/span><span style=\"font-family: Times New Roman;\"><br \/>\n<\/span><\/span><\/p>\n","protected":false},"excerpt":{"rendered":"<p>\u00abPause (Si la progression permanente, depuis deux d\u00e9cennies, de l&rsquo;in\u00e9galit\u00e9 sociale)\u00bb Un jour sans mot du jour nouveau Le mot du jour qui s&rsquo;approche des 1500 articles, n&rsquo;est pas qu&rsquo;un billet quotidien. Il est aussi une somme de sujets abord\u00e9s,<\/p>\n","protected":false},"author":1,"featured_media":0,"comment_status":"open","ping_status":"closed","sticky":false,"template":"","format":"standard","meta":{"footnotes":""},"categories":[1],"tags":[96],"class_list":["post-9801","post","type-post","status-publish","format-standard","hentry","category-motdujour","tag-pause"],"_links":{"self":[{"href":"https:\/\/lemotdujour.fr\/index.php?rest_route=\/wp\/v2\/posts\/9801","targetHints":{"allow":["GET"]}}],"collection":[{"href":"https:\/\/lemotdujour.fr\/index.php?rest_route=\/wp\/v2\/posts"}],"about":[{"href":"https:\/\/lemotdujour.fr\/index.php?rest_route=\/wp\/v2\/types\/post"}],"author":[{"embeddable":true,"href":"https:\/\/lemotdujour.fr\/index.php?rest_route=\/wp\/v2\/users\/1"}],"replies":[{"embeddable":true,"href":"https:\/\/lemotdujour.fr\/index.php?rest_route=%2Fwp%2Fv2%2Fcomments&post=9801"}],"version-history":[{"count":4,"href":"https:\/\/lemotdujour.fr\/index.php?rest_route=\/wp\/v2\/posts\/9801\/revisions"}],"predecessor-version":[{"id":9861,"href":"https:\/\/lemotdujour.fr\/index.php?rest_route=\/wp\/v2\/posts\/9801\/revisions\/9861"}],"wp:attachment":[{"href":"https:\/\/lemotdujour.fr\/index.php?rest_route=%2Fwp%2Fv2%2Fmedia&parent=9801"}],"wp:term":[{"taxonomy":"category","embeddable":true,"href":"https:\/\/lemotdujour.fr\/index.php?rest_route=%2Fwp%2Fv2%2Fcategories&post=9801"},{"taxonomy":"post_tag","embeddable":true,"href":"https:\/\/lemotdujour.fr\/index.php?rest_route=%2Fwp%2Fv2%2Ftags&post=9801"}],"curies":[{"name":"wp","href":"https:\/\/api.w.org\/{rel}","templated":true}]}}