{"id":9761,"date":"2020-10-09T00:35:27","date_gmt":"2020-10-08T22:35:27","guid":{"rendered":"http:\/\/lemotdujour.fr\/?p=9761"},"modified":"2020-10-10T21:07:34","modified_gmt":"2020-10-10T19:07:34","slug":"vendredi-9-octobre-2020","status":"publish","type":"post","link":"https:\/\/lemotdujour.fr\/?p=9761","title":{"rendered":"Vendredi 9 octobre 2020"},"content":{"rendered":"<div class=\"mdjTexte\">\u00ab L&rsquo;intelligence c&rsquo;est aussi important que le soleil. \u00bb<\/div>\n<div class=\"mdjAuteur\">Juliette Gr\u00e9co<\/div>\n<p><span style=\"color: #777777; font-family: Arial;\">Je ne me suis int\u00e9ress\u00e9 \u00e0 \u00ab<span style=\"color: #0000ff;\">\u00a0<a style=\"color: #0000ff;\" href=\"https:\/\/www.franceinter.fr\/emissions\/boomerang\">Boomerang<\/a><\/span> \u00bb, l&rsquo;\u00e9mission d&rsquo;Augustin Trapenard sur France Inter qu&rsquo;\u00e0 partir de cette exceptionnelle s\u00e9rie \u00ab\u00a0<a href=\"https:\/\/www.franceinter.fr\/emissions\/lettres-d-interieur-par-augustin-trapenard\"><span style=\"color: #0000ff;\">Lettres d&rsquo;int\u00e9rieur<\/span>\u00a0<\/a>\u00bb dans laquelle, pendant le confinement, il a lu chaque jour la lettre d&rsquo;un \u00e9crivain, d&rsquo;un artiste, d&rsquo;un journaliste qui parlait de ce moment \u00e9tonnant et unique. Il lisait de sa voix chaude, avec \u00e9motion et pudeur.<br \/>\n<\/span><\/p>\n<p><span style=\"color: #777777; font-family: Arial;\">J&rsquo;en ai fait quatre mots du jours \u00ab <span style=\"color: #0000ff;\"><a style=\"color: #0000ff;\" href=\"https:\/\/lemotdujour.fr\/?p=8405\">Je te demande pardon<\/a><\/span>. \u00bb d&rsquo;Ariadne Ascaride, \u00ab <span style=\"color: #0000ff;\"><a style=\"color: #0000ff;\" href=\"https:\/\/lemotdujour.fr\/?p=8454\">Puisque seul l&rsquo;amour sait nous raconter \u00e0 ceux qui savent \u00e9couter.<\/a><\/span> \u00bb de Yasmina Khadra, \u00ab<a href=\"https:\/\/lemotdujour.fr\/?p=8611\"><span style=\"color: #0000ff;\">C&rsquo;est la bont\u00e9 qui est la normalit\u00e9 du monde car la bont\u00e9 est courageuse, la bont\u00e9 est g\u00e9n\u00e9reuse et jamais elle ne consent \u00e0 \u00eatre comme une embusqu\u00e9e, qui, \u00e0 l&rsquo;arri\u00e8re vit gr\u00e2ce au sang des autre<\/span>s<\/a>.\u00bb de Wajdi Mouawad et \u00ab<a href=\"https:\/\/lemotdujour.fr\/?p=8721\"><span style=\"color: #0000ff;\">Mais nous, dis, nous resterons tendres ? On ne va pas se faire avaler !<\/span><\/a>\u00bb de Sophie Fontanel.<br \/>\n<\/span><\/p>\n<p><span style=\"color: #777777; font-family: Arial;\">Mais il en ait tant d&rsquo;autres \u00e0 \u00e9couter sur la page des \u00ab <a href=\"https:\/\/www.franceinter.fr\/emissions\/lettres-d-interieur-par-augustin-trapenard\"><span style=\"color: #0000ff;\">Lettres d&rsquo;int\u00e9rieur<\/span>\u00a0<\/a>\u00bb.<br \/>\n<\/span><\/p>\n<p><span style=\"color: #777777; font-family: Arial;\">Dans Boomerang, il invite une ou un artiste et lui pose des questions.<br \/>\n<\/span><\/p>\n<p><span style=\"color: #777777; font-family: Arial;\">Il est de la lign\u00e9e de Jacques Chancel, celui qui laisse toute sa place \u00e0 l&rsquo;artiste, qui pr\u00e9sente un \u00e9crin dans lequel l&rsquo;artiste se sent accueilli et peut exprimer sa libert\u00e9 et sa cr\u00e9ativit\u00e9.<br \/>\n<\/span><\/p>\n<p><span style=\"color: #777777; font-family: Arial;\">Il n&rsquo;est pas de la lign\u00e9e de Thierry Ardisson ou Laurent Ruquier qui tout en \u00e9tant de grands professionnels ont d&rsquo;abord pour objet de se promouvoir eux m\u00eame.<br \/>\n<\/span><\/p>\n<p><span style=\"color: #777777; font-family: Arial;\">Et donc, dans cet \u00e9crin il avait accueilli <strong>Juliette Gr\u00e9co<\/strong>, en 2015, \u00e0 la veille de la sortie de l&rsquo;album de sa tourn\u00e9e d&rsquo;adieu.<br \/>\n<\/span><\/p>\n<p><span style=\"color: #777777; font-family: Arial;\">Cette \u00e9mission a \u00e9t\u00e9 rediffus\u00e9e le 24 septembre 2020\u00a0: &lt;<a href=\"https:\/\/www.franceinter.fr\/emissions\/boomerang\/boomerang-24-septembre-2020\"><span style=\"color: #0000ff;\">Muse, Juliette Gr\u00e9co<\/span><\/a>&gt;. C&rsquo;est encore une p\u00e9pite qui fait du bien \u00e0 \u00e9couter. <\/span><span style=\"color: #777777; font-family: Arial;\">\u00c9change de profondeur et aussi plein d&rsquo;humour<br \/>\n<\/span><\/p>\n<p><span style=\"color: #777777; font-family: Arial;\">J&rsquo;en prendrai quelques extraits\u00a0:<br \/>\n<\/span><\/p>\n<p><span style=\"color: #777777; font-family: Arial;\">Augustin Trapenard lui fait parler de sa pudeur. Elle aime \u00eatre habill\u00e9e en noir. Comme cela sur sc\u00e8ne on ne voit pas son corps, on ne voit que ses mains et son visage.<br \/>\n<\/span><\/p>\n<p><span style=\"color: #777777; font-family: Arial;\">Elle explique que sa pudeur vient peut-\u00eatre de sa nature ou de son \u00e9ducation religieuse bourgeoise. Elle dit qu&rsquo;elle pr\u00e9f\u00e8re peut-\u00eatre le myst\u00e8re \u00e0 l&rsquo;\u00e9talage. \u00ab Je trouve cela plus sensuelle \u00bb, dit-elle. <\/span><span style=\"color: #777777; font-family: Arial;\">Et elle ajoute cette phrase merveilleuse\u00a0:<br \/>\n<\/span><\/p>\n<p style=\"margin-left: 28pt;\"><span style=\"color: #c00000; font-family: Arial;\">\u00ab\u00a0Je suis ravi de voir des filles qui ont des jupes au ras du bonheur\u00a0\u00bb<br \/>\n<\/span><\/p>\n<p><span style=\"color: #777777; font-family: Arial;\">Augustin Trapenard aussi a ador\u00e9 cette expression \u00ab\u00a0<strong>des jupes au ras du bonheur<\/strong>.\u00a0\u00bb<br \/>\n<\/span><\/p>\n<p><span style=\"color: #777777; font-family: Arial;\">Et quand le journaliste lui demande qu&rsquo;elle sont ses go\u00fbt musicaux, ce qu&rsquo;elle \u00e9coute dans son salon, dans sa voiture.<br \/>\n<\/span><\/p>\n<p style=\"margin-left: 28pt;\"><span style=\"color: #c00000; font-family: Arial;\">\u00ab\u00a0C&rsquo;est plut\u00f4t ce qu&rsquo;on appelle la musique classique, j&rsquo;ai besoin du silence de la musique classique et j&rsquo;ai besoin qu&rsquo;il n&rsquo;y ait pas de mots. J&rsquo;ai besoin qu&rsquo;on me r\u00e9conforte. Si je suis de mauvaise humeur c&rsquo;est Mozart. Si je suis de bonne humeur c&rsquo;est Schoenberg ou des choses compliqu\u00e9es.\u00a0\u00bb<br \/>\n<\/span><\/p>\n<p><span style=\"color: #777777; font-family: Arial;\">Juliette Gr\u00e9co a beaucoup chant\u00e9 les po\u00e8tes. Et quand Augustin Trapenard lui demande quels sont les po\u00e8tes d&rsquo;aujourd&rsquo;hui, elle a cette r\u00e9ponse\u00a0:<br \/>\n<\/span><\/p>\n<p style=\"margin-left: 28pt;\"><span style=\"color: #c00000; font-family: Arial;\">\u00ab\u00a0Le nouveau langage est celui des rappeurs, des slameurs. Je pense que c&rsquo;est un nouveau langage qu&rsquo;il faut absolument respecter et qu&rsquo;il faut bien \u00e9couter. Ils sont la parole de la jeunesse. Et c&rsquo;est une chose qu&rsquo;il ne faut pas louper parce que c&rsquo;est grave. Il faut \u00e9couter ce qu&rsquo;ils ont \u00e0 dire.\u00a0\u00bb<br \/>\n<\/span><\/p>\n<p><span style=\"color: #777777; font-family: Arial;\">Et puis il y a son histoire d&rsquo;amour avec le compositeur et trompettiste de jazz am\u00e9ricain.\u00a0: Miles Davis<br \/>\n<\/span><\/p>\n<p><span style=\"color: #777777; font-family: Arial;\">Au printemps 1949, alors de passage \u00e0 Paris pour se produire au festival de jazz international, Miles Davis rencontre Juliette Gr\u00e9co. Cette derni\u00e8re donne un concert au cabaret Le B\u0153uf sur le toit o\u00f9 elle chante des textes de Boris Vian, Jean-Paul Sartre et Jacques Pr\u00e9vert. Miles Davis est alors \u00e2g\u00e9 de 23 ans. Leur coup de foudre est r\u00e9ciproque.<br \/>\n<\/span><\/p>\n<p><img loading=\"lazy\" decoding=\"async\" class=\"alignleft\" src=\"https:\/\/lemotdujour.fr\/wp-content\/uploads\/2020\/10\/100820_2220_Vendredi9oc1.jpg\" alt=\"\" width=\"390\" height=\"306\" align=\"left\" \/><span style=\"color: #777777; font-family: Arial;\">Et elle a cet \u00e9change avec Augustin Trapenard\u00a0:<br \/>\n<\/span><\/p>\n<p style=\"margin-left: 28pt;\"><span style=\"color: #c00000; font-family: Arial;\">\u00ab\u00a0Il parait que c&rsquo;\u00e9tait une r\u00e9volution. Je ne m&rsquo;en suis pas rendu compte du tout. [\u2026] Quand j&rsquo;ai vu Miles, je n&rsquo;ai pas vu qu&rsquo;il \u00e9tait noir. J&rsquo;ai vu un mec avec une trompette sur la sc\u00e8ne, de profil qui \u00e9tait absolument magnifique. Qui jouait de mani\u00e8re magnifique. Qui \u00e9tait un \u00eatre unique. Et il est sorti de sc\u00e8ne, je l&rsquo;ai regard\u00e9 et il m&rsquo;a regard\u00e9 et c&rsquo;est parti.<br \/>\n<\/span><span style=\"color: #c00000; font-family: Arial;\"><em>\u00c7a a fait scandale ?<br \/>\n<\/em><\/span><span style=\"color: #c00000; font-family: Arial;\">Oui surement. Bien s\u00fbr.<br \/>\n<\/span><span style=\"color: #c00000; font-family: Arial;\"><em>Et vous en vous \u00eates pas du tout trouv\u00e9 heurt\u00e9e par ce scandale-l\u00e0 ?<br \/>\n<\/em><\/span><span style=\"color: #c00000; font-family: Arial;\">Je me suis sentie heurt\u00e9e par ce scandale, en allant en Am\u00e9rique. En France, ils \u00e9taient plus sournois. \u00c7a ne faisait pas chic d&rsquo;\u00eatre raciste, \u00e0 cette \u00e9poque-l\u00e0. <\/span><span style=\"color: #c00000; font-family: Arial;\">En Am\u00e9rique cela faisait partie de la vie, de l&rsquo;\u00e9ducation.<br \/>\n<\/span><span style=\"color: #c00000; font-family: Arial;\"><em>Qu&rsquo;est-ce qui vous r\u00e9volte aujourd&rsquo;hui Juliette Gr\u00e9co ?<br \/>\n<\/em><\/span><span style=\"color: #c00000; font-family: Arial;\">Eh bien cela par exemple, le racisme. L&rsquo;absence de tol\u00e9rance.\u00a0\u00bb<br \/>\n<\/span><\/p>\n<p><span style=\"color: #777777; font-family: Arial;\">Ils avaient \u00e9voqu\u00e9 le mariage. Mais aux \u00c9tats-Unis (\u00e0 l&rsquo;\u00e9poque, les unions entre Noirs et Blancs sont ill\u00e9gales dans de nombreux \u00c9tats am\u00e9ricains) c&rsquo;\u00e9tait terriblement compliqu\u00e9. Ils renonceront et Miles Davis rentrera \u00e0 New York.<br \/>\n<\/span><\/p>\n<p><span style=\"color: #777777; font-family: Arial;\">Lors de son entretien elle a aussi \u00e9voqu\u00e9 ses rencontres avec des gens intelligents : Camus, Sartre, Simone de Beauvoir et tant d&rsquo;autres avec qui elle \u00e9changeait. Elle a dit :<br \/>\n<\/span><\/p>\n<p style=\"margin-left: 28pt;\"><span style=\"color: #c00000; font-family: Arial;\">\u00ab\u00a0L&rsquo;intelligence c&rsquo;est aussi important que le soleil, c&rsquo;est aussi important que les choses essentielles qui nous aident \u00e0 vivre, qui nous font vivre.\u00a0\u00bb<br \/>\n<\/span><\/p>\n<p><span style=\"color: #777777; font-family: Arial;\">Lors de l&rsquo;\u00e9mission Augustin Trapenard fit \u00e9couter plusieurs chansons de Juliette Gr\u00e9co. <\/span><span style=\"color: #777777; font-family: Arial;\">Particuli\u00e8rement celle qui fut \u00e9crite pour sa derni\u00e8re tourn\u00e9e de 2015 &lt;<a href=\"https:\/\/www.youtube.com\/watch?v=eQ30WcGUF1c\"><span style=\"color: #0000ff;\">Merci<\/span><\/a>&gt;.<br \/>\n<\/span><\/p>\n<p><span style=\"color: #777777; font-family: Arial;\">Pour finir l&rsquo;\u00e9mission, il fit \u00e9couter &lt;<a href=\"https:\/\/www.youtube.com\/watch?v=pphgZrCEQ8w\"><span style=\"color: #0000ff;\">Le temps des Cerises<\/span><\/a>&gt;<br \/>\n<\/span><\/p>\n<p><span style=\"color: #777777; font-family: Arial;\">J&rsquo;avoue une tendresse particuli\u00e8re pour cette interpr\u00e9tation en 1972 de &lt;<span style=\"color: #0000ff;\"><a style=\"color: #0000ff;\" href=\"https:\/\/www.youtube.com\/watch?v=GEpaVG3As-c\">la Javanaise de Gainsbourg<\/a><\/span>&gt;<br \/>\n<\/span><\/p>\n<p><img decoding=\"async\" src=\"https:\/\/lemotdujour.fr\/wp-content\/uploads\/2020\/10\/100820_2220_Vendredi9oc2.jpg\" alt=\"\" \/><span style=\"color: #777777; font-family: Arial;\">Cette page de France Inter lui rend aussi hommage : &lt;<a href=\"https:\/\/www.franceinter.fr\/culture\/juliette-greco\"><span style=\"color: #0000ff;\">La chanteuse Juliette Gr\u00e9co est morte<\/span><\/a>&gt;. Mais rien ne saurait remplacer la po\u00e9sie de l&rsquo;\u00e9change entre Juliette Gr\u00e9co et Augustin Trapenard : &lt;<a href=\"https:\/\/www.franceinter.fr\/emissions\/boomerang\/boomerang-24-septembre-2020\"><span style=\"color: #0000ff;\">Muse, Juliette Gr\u00e9co<\/span><\/a>&gt;<br \/>\n<\/span><\/p>\n<p><span style=\"color: maroon; font-family: Arial;\">&lt;1471&gt;<\/span><\/p>\n","protected":false},"excerpt":{"rendered":"<p>\u00ab L&rsquo;intelligence c&rsquo;est aussi important que le soleil. \u00bb Juliette Gr\u00e9co Je ne me suis int\u00e9ress\u00e9 \u00e0 \u00ab\u00a0Boomerang \u00bb, l&rsquo;\u00e9mission d&rsquo;Augustin Trapenard sur France Inter qu&rsquo;\u00e0 partir de cette exceptionnelle s\u00e9rie \u00ab\u00a0Lettres d&rsquo;int\u00e9rieur\u00a0\u00bb dans laquelle, pendant le confinement, il a<\/p>\n","protected":false},"author":1,"featured_media":0,"comment_status":"open","ping_status":"closed","sticky":false,"template":"","format":"standard","meta":{"footnotes":""},"categories":[1],"tags":[29,20,8],"class_list":["post-9761","post","type-post","status-publish","format-standard","hentry","category-motdujour","tag-hommage","tag-musique","tag-poesie"],"_links":{"self":[{"href":"https:\/\/lemotdujour.fr\/index.php?rest_route=\/wp\/v2\/posts\/9761","targetHints":{"allow":["GET"]}}],"collection":[{"href":"https:\/\/lemotdujour.fr\/index.php?rest_route=\/wp\/v2\/posts"}],"about":[{"href":"https:\/\/lemotdujour.fr\/index.php?rest_route=\/wp\/v2\/types\/post"}],"author":[{"embeddable":true,"href":"https:\/\/lemotdujour.fr\/index.php?rest_route=\/wp\/v2\/users\/1"}],"replies":[{"embeddable":true,"href":"https:\/\/lemotdujour.fr\/index.php?rest_route=%2Fwp%2Fv2%2Fcomments&post=9761"}],"version-history":[{"count":3,"href":"https:\/\/lemotdujour.fr\/index.php?rest_route=\/wp\/v2\/posts\/9761\/revisions"}],"predecessor-version":[{"id":9789,"href":"https:\/\/lemotdujour.fr\/index.php?rest_route=\/wp\/v2\/posts\/9761\/revisions\/9789"}],"wp:attachment":[{"href":"https:\/\/lemotdujour.fr\/index.php?rest_route=%2Fwp%2Fv2%2Fmedia&parent=9761"}],"wp:term":[{"taxonomy":"category","embeddable":true,"href":"https:\/\/lemotdujour.fr\/index.php?rest_route=%2Fwp%2Fv2%2Fcategories&post=9761"},{"taxonomy":"post_tag","embeddable":true,"href":"https:\/\/lemotdujour.fr\/index.php?rest_route=%2Fwp%2Fv2%2Ftags&post=9761"}],"curies":[{"name":"wp","href":"https:\/\/api.w.org\/{rel}","templated":true}]}}