{"id":976,"date":"2015-01-23T01:00:00","date_gmt":"2015-01-22T22:00:00","guid":{"rendered":"http:\/\/lemotdujour.fr\/?p=976"},"modified":"2017-05-08T13:24:30","modified_gmt":"2017-05-08T11:24:30","slug":"vendredi-23-janvier-2015","status":"publish","type":"post","link":"https:\/\/lemotdujour.fr\/?p=976","title":{"rendered":"Vendredi 23 Janvier 2015"},"content":{"rendered":"<div class=\"mdjDate\">Vendredi 23 Janvier 2015<\/div>\n<div class=\"mdjTexte\">\u00abComment peut-on faire des \u00e9conomies sur l\u2019avenir de nos enfants ?<br \/>L\u2019enseignement en France va mal car il rend pas les gens \u00e9gaux \u00bb<\/div>\n<div class=\"mdjAuteur\">Fabien Marsaud, dit Grand Corps Malade<\/div>\n<div class=\"mdjComplements\">Dans la d\u00e9rive de certains jeunes beaucoup \u00e9voquent l&rsquo;Ecole qui ne peut pas tout, mais qui pourrait beaucoup.<\/div>\n<div class=\"mdjComplements\">Apr\u00e8s le beau discours d&rsquo;hier du pr\u00e9sident de la R\u00e9publique sur l&rsquo;Ecole, les gouvernants sauront-ils trouver les ressources sur tous les plans humains, financiers, organisation, capable d&rsquo;inscrire les belles intentions dans la r\u00e9alit\u00e9 ?<\/div>\n<div class=\"mdjComplements\">Sur la r\u00e9alit\u00e9 d&rsquo;aujourd&rsquo;hui, comme souvent ce sont les artistes qui expriment les choses de la mani\u00e8re la plus sensible et la plus simple.<\/div>\n<div class=\"mdjComplements\">Voici un extrait de ce texte du slammeur, Grand Corps Malade que mon fils m&rsquo;a fait d\u00e9couvrir il y a quelques ann\u00e9es : <\/div>\n<div class=\"mdjCiter\"><strong>\u00ab<\/strong>Alors si tout s\u2019joue \u00e0 l\u2019\u00e9cole, il est temps d\u2019entendre le SOS <\/div>\n<div class=\"mdjCiter\">Ne laissons pas s\u2019creuser l\u2019foss\u00e9 d\u2019un enseignement \u00e0 deux vitesses <\/div>\n<div class=\"mdjCiter\">Au milieu des tours y a trop de pions dans le jeu d\u2019\u00e9chec scolaire <\/div>\n<div class=\"mdjCiter\">Ne laissons pas nos rois devenir fou dans des d\u00e9faites spectaculaires <\/div>\n<div class=\"mdjCiter\">L\u2019enseignement en France va mal et personne ne peut nier la v\u00e9rit\u00e9 <\/div>\n<div class=\"mdjCiter\">Les zones d\u2019\u00e9ducation prioritaires ne sont pas des priorit\u00e9s <\/div>\n<div class=\"mdjCiter\">Les classes sont surcharg\u00e9es pas comme la paye des profs min\u00e9s <\/div>\n<div class=\"mdjCiter\">Et on supprime des effectifs dans des \u00e9coles d\u00e9j\u00e0 en apn\u00e9es <\/div>\n<div class=\"mdjCiter\">Au contraire faut rajouter des profs et des autres m\u00e9tiers qui prennent la rel\u00e8ve <\/div>\n<div class=\"mdjCiter\">Dans des quartiers les plus en gal\u00e8re, cr\u00e9er des classes de 15 \u00e9l\u00e8ves <\/div>\n<div class=\"mdjCiter\">Ajouter des postes d\u2019assistants ou d\u2019auxiliaires qui aident aux devoirs <\/div>\n<div class=\"mdjCiter\">Qui connaissent les parents et accompagnent les enfants les plus en retard <\/div>\n<div class=\"mdjCiter\">L\u2019enseignement en France va mal, l\u2019\u00e9tat ne met pas assez d\u2019argent <\/div>\n<div class=\"mdjCiter\">Quelques r\u00e9formes \u00e0 deux balles pour ne pas voir le plus urgent <\/div>\n<div class=\"mdjCiter\">Un \u00e9tablissement scolaire sans vrais moyens est impuissant <\/div>\n<div class=\"mdjCiter\">Comment peut-on faire des \u00e9conomies sur l\u2019avenir de nos enfants <\/div>\n<div class=\"mdjCiter\">L\u2019enseignement en France va mal car il ne rend pas les gens \u00e9gaux <\/div>\n<div class=\"mdjCiter\">Les plus fragiles tirent l\u2019alarme mais on \u00e9touffe leur \u00e9cho <\/div>\n<div class=\"mdjCiter\">L\u2019\u00e9cole publique va mal car elle a la t\u00eate sous l\u2019eau <\/div>\n<div class=\"mdjCiter\">Y a pas d\u2019\u00e9ducation nationale, y a que des moyens de survies locaux <\/div>\n<div class=\"mdjCiter\">Alors continuons de dire aux p\u2019tits fr\u00e8res que l\u2019\u00e9cole est la solution <\/div>\n<div class=\"mdjCiter\">Et donnons-leur les bons outils pour leur avenir car attention <\/div>\n<div class=\"mdjCiter\">La r\u00e9ussite scolaire dans certaines zones pourrait rester un myst\u00e8re <\/div>\n<div class=\"mdjCiter\">Et l\u2019\u00e9galit\u00e9 des chances un concept de minist\u00e8re \u00bb<\/div>\n<div class=\"mdjComplements\">Et voici la vid\u00e9o YouTube o\u00f9 il slamme ce texte : &lt;<a href=\"https:\/\/www.youtube.com\/watch?v=Oi05d9sb6h8\">https:\/\/www.youtube.com\/watch?v=Oi05d9sb6h8<\/a> &gt;<\/div>\n","protected":false},"excerpt":{"rendered":"<p>Vendredi 23 Janvier 2015 \u00abComment peut-on faire des \u00e9conomies sur l\u2019avenir de nos enfants ?L\u2019enseignement en France va mal car il rend pas les gens \u00e9gaux \u00bb Fabien Marsaud, dit Grand Corps Malade Dans la d\u00e9rive de certains jeunes beaucoup<\/p>\n","protected":false},"author":1,"featured_media":0,"comment_status":"closed","ping_status":"closed","sticky":false,"template":"","format":"standard","meta":{"footnotes":""},"categories":[1],"tags":[],"class_list":["post-976","post","type-post","status-publish","format-standard","hentry","category-motdujour"],"_links":{"self":[{"href":"https:\/\/lemotdujour.fr\/index.php?rest_route=\/wp\/v2\/posts\/976","targetHints":{"allow":["GET"]}}],"collection":[{"href":"https:\/\/lemotdujour.fr\/index.php?rest_route=\/wp\/v2\/posts"}],"about":[{"href":"https:\/\/lemotdujour.fr\/index.php?rest_route=\/wp\/v2\/types\/post"}],"author":[{"embeddable":true,"href":"https:\/\/lemotdujour.fr\/index.php?rest_route=\/wp\/v2\/users\/1"}],"replies":[{"embeddable":true,"href":"https:\/\/lemotdujour.fr\/index.php?rest_route=%2Fwp%2Fv2%2Fcomments&post=976"}],"version-history":[{"count":1,"href":"https:\/\/lemotdujour.fr\/index.php?rest_route=\/wp\/v2\/posts\/976\/revisions"}],"predecessor-version":[{"id":977,"href":"https:\/\/lemotdujour.fr\/index.php?rest_route=\/wp\/v2\/posts\/976\/revisions\/977"}],"wp:attachment":[{"href":"https:\/\/lemotdujour.fr\/index.php?rest_route=%2Fwp%2Fv2%2Fmedia&parent=976"}],"wp:term":[{"taxonomy":"category","embeddable":true,"href":"https:\/\/lemotdujour.fr\/index.php?rest_route=%2Fwp%2Fv2%2Fcategories&post=976"},{"taxonomy":"post_tag","embeddable":true,"href":"https:\/\/lemotdujour.fr\/index.php?rest_route=%2Fwp%2Fv2%2Ftags&post=976"}],"curies":[{"name":"wp","href":"https:\/\/api.w.org\/{rel}","templated":true}]}}