{"id":9753,"date":"2020-10-08T00:45:59","date_gmt":"2020-10-07T22:45:59","guid":{"rendered":"http:\/\/lemotdujour.fr\/?p=9753"},"modified":"2020-10-10T21:06:00","modified_gmt":"2020-10-10T19:06:00","slug":"jeudi-8-octobre-2020","status":"publish","type":"post","link":"https:\/\/lemotdujour.fr\/?p=9753","title":{"rendered":"Jeudi 8 octobre 2020"},"content":{"rendered":"<div class=\"mdjTexte\">\u00ab La France prend des bonnes mesures, mais elle est toujours un peu en retard. C&rsquo;est \u00e7a le probl\u00e8me. \u00bb<\/div>\n<div class=\"mdjAuteur\">Axel Kahn, le 6 octobre sur France Culture<\/div>\n<p><span style=\"color: #777777; font-family: Arial;\">On les appelle \u00ab\u00a0<strong>les rassuristes<\/strong>\u00a0\u00bb. Il s&rsquo;agit de scientifiques et de m\u00e9decins qui pr\u00e9tendent que les pr\u00e9cautions contre le COVID sont excessives et que la pand\u00e9mie est en d\u00e9clin.<br \/>\n<\/span><\/p>\n<p><span style=\"color: #777777; font-family: Arial;\">Ainsi, l&rsquo;\u00e9pid\u00e9miologiste de l&rsquo;Inserm Laurent Toubiana, affirme qu&rsquo;une partie \u00e9norme de la population a \u00e9t\u00e9 expos\u00e9e \u00e0 ce virus. Il pense donc que nous disposons d&rsquo;une immunit\u00e9 collective.<br \/>\n<\/span><\/p>\n<p><span style=\"color: #777777; font-family: Arial;\">Ce \u00e0 quoi <span style=\"color: #0000ff;\"><a style=\"color: #0000ff;\" href=\"https:\/\/www.lapresse.ca\/covid-19\/2020-10-07\/les-rassuristes.php\">r\u00e9pond<\/a><\/span> sur un site de presse canadien, Florian Krammer, professeur de microbiologie \u00e0 l&rsquo;\u00e9cole de m\u00e9decine Icahn de l&rsquo;h\u00f4pital Mount Sina\u00ef \u00e0 New York\u00a0: <em><br \/>\n<\/em><\/span><\/p>\n<p style=\"margin-left: 28pt;\"><span style=\"color: #c00000; font-family: Arial;\">\u00ab L&rsquo;immunit\u00e9 collective par infection naturelle n&rsquo;est pas une strat\u00e9gie, c&rsquo;est le signe qu&rsquo;un gouvernement n&rsquo;a pas r\u00e9ussi \u00e0 contr\u00f4ler une \u00e9pid\u00e9mie et qu&rsquo;il en paie le prix en vies perdues \u00bb.<br \/>\n<\/span><\/p>\n<p><span style=\"color: #777777; font-family: Arial;\">D&rsquo;autres comme Jean-Fran\u00e7ois Toussaint, directeur de l&rsquo;Institut de recherche biom\u00e9dicale et d&rsquo;\u00e9pid\u00e9miologie du sport (Irmes), affirme que la pand\u00e9mie r\u00e9gresse\u00a0:<br \/>\n<\/span><\/p>\n<p style=\"margin-left: 28pt;\"><span style=\"color: #c00000; font-family: Arial;\">\u00ab\u00a0Les autorit\u00e9s sanitaires parlent \u00ab d&rsquo;explosion \u00bb, alors que \u00abla pente actuelle [du nombre de cas positifs] est quinze fois plus faible que celle que nous avons connue en mars\u00bb.<br \/>\n<\/span><\/p>\n<p><span style=\"color: #777777; font-family: Arial;\">&lt;<a href=\"https:\/\/www.liberation.fr\/france\/2020\/10\/04\/cinq-arguments-des-rassuristes-passes-au-crible_1801400\"><span style=\"color: #0000ff;\">Lib\u00e9ration<\/span><\/a>&gt; a publi\u00e9 un article le 4 octobre dans lequel il fait le point sur les propos des rassuristes et tout en reconnaissant la r\u00e9alit\u00e9 de certains constats ne partage pas la strat\u00e9gie et les cons\u00e9quences qu&rsquo;en tirent ces scientifiques optimistes.<br \/>\n<\/span><\/p>\n<p><span style=\"color: #777777; font-family: Arial;\">Le Professeur Didier Raoult, et le professeur Christian Perronne consid\u00e8rent que le virus a mut\u00e9 et qu&rsquo;il est devenu moins dangereux.<br \/>\n<\/span><\/p>\n<p><span style=\"color: #777777; font-family: Arial;\">Dans les matins de France Culture de Guillaume Erner, chaque vendredi \u00e0 7h12, Nicolas Martin, producteur de l&rsquo;\u00e9mission \u00ab\u00a0La m\u00e9thode scientifique\u00a0\u00bb, tient une chronique qui s&rsquo;appelle Radiographie du coronavirus.<br \/>\n<\/span><\/p>\n<p><span style=\"color: #777777; font-family: Arial;\">Dans celle du 25 septembre, il essaie de r\u00e9pondre \u00e0 la question \u00ab\u00a0<a href=\"https:\/\/www.franceculture.fr\/emissions\/la-question-du-jour\/radiographie-du-coronavirus-le-sars-cov2-a-t-il-mute\"><span style=\"color: #0000ff;\">le SARS-CoV2 a-t-il mut\u00e9 ?\u00a0<\/span><\/a>\u00bb. Avec une \u00e9quipe qui l&rsquo;entoure, il lit les publications scientifiques avant d&rsquo;en faire la synth\u00e8se pour sa chronique. Et sa conclusion et sans appel\u00a0: le virus a mut\u00e9 de fa\u00e7on tr\u00e8s marginale et\u00a0:<br \/>\n<\/span><\/p>\n<p style=\"margin-left: 28pt;\"><span style=\"color: #c00000; font-family: Arial;\">\u00ab\u00a0Donc, il n&rsquo;est pas vrai de dire qu&rsquo;aujourd&rsquo;hui, la version qui circule et qui nous contamine est une version moins virulente que celle qu&rsquo;on avait au mois de mars. C&rsquo;est a priori strictement la m\u00eame.\u00a0\u00bb<br \/>\n<em>Nicolas Martin<br \/>\n<\/em><\/span><\/p>\n<p><span style=\"color: #777777; font-family: Arial;\">Pour cette chronique il a \u00e9t\u00e9 tr\u00e8s attaqu\u00e9 sur les r\u00e9seaux sociaux et aussi par des courriers \u00e0 la m\u00e9diatrice de France Culture.<br \/>\n<\/span><\/p>\n<p><span style=\"color: #777777; font-family: Arial;\">Il d\u00e9fend sa position devant ses accusateurs sur cette page\u00a0: \u00ab\u00a0<span style=\"color: #0000ff;\"><a style=\"color: #0000ff;\" href=\"https:\/\/www.franceculture.fr\/emissions\/le-rendez-vous-de-la-mediatrice\/le-rendez-vous-de-la-mediatrice-du-jeudi-01-octobre-2020\">Le rendez-vous de la m\u00e9diatrice de France Culture\u00a0du 1<sup>er<\/sup> octobre 2020<\/a><\/span>\u00bb<br \/>\n<\/span><\/p>\n<p><span style=\"color: #777777; font-family: Arial;\">Enfin le confinement <a href=\"https:\/\/www.liberation.fr\/france\/2020\/10\/04\/cinq-arguments-des-rassuristes-passes-au-crible_1801400\"><span style=\"color: #0000ff;\">est remis en cause<\/span><\/a><span style=\"color: #0000ff;\">.<\/span><br \/>\n<\/span><\/p>\n<p><span style=\"color: #777777; font-family: Arial;\">Laurent Toubiana avait affirm\u00e9 sur RT France, le 24 ao\u00fbt<br \/>\n<\/span><\/p>\n<p style=\"margin-left: 28pt;\"><span style=\"color: #c00000; font-family: Arial;\">\u00ab On s&rsquo;aper\u00e7oit que cette \u00e9pid\u00e9mie se propage exactement de la m\u00eame mani\u00e8re partout, et notamment, une chose tr\u00e8s remarquable, ind\u00e9pendamment des mesures prises. \u00bb<br \/>\n<\/span><\/p>\n<p><span style=\"color: #777777; font-family: Arial;\">Et Jean-Fran\u00e7ois Toussaint, sur Sud Radio, \u00e9voque, lui, une \u00e9tude britannique prouvant l&rsquo;inefficacit\u00e9 du confinement :<br \/>\n<\/span><\/p>\n<p style=\"margin-left: 28pt;\"><span style=\"color: #c00000; font-family: Arial;\">\u00ab L&rsquo;universit\u00e9 d&rsquo;Oxford a d\u00e9montr\u00e9 que dans le monde entier, il n&rsquo;y avait aucun lien entre l&rsquo;importance du confinement et la r\u00e9alit\u00e9 de la mortalit\u00e9 pour chacun des pays qui ont d\u00e9fini des cas.\u00bb<br \/>\n<\/span><\/p>\n<p><span style=\"color: #777777; font-family: Arial;\">Sur le premier point l&rsquo;exemple de la Su\u00e8de montre le contraire.<br \/>\n<\/span><\/p>\n<p><span style=\"color: #777777; font-family: Arial;\">Car il faut comparer les choses comparables et donc la Su\u00e8de qui n&rsquo;a pratiqu\u00e9 aucun confinement et pas d&rsquo;obligation de porter le masque, avec ses voisins imm\u00e9diats, le Danemark, la Norv\u00e8ge et la Finlande qui ont pratiqu\u00e9 la politique inverse.<br \/>\n<\/span><\/p>\n<p><span style=\"color: #777777; font-family: Arial;\">Sur ce &lt;<a href=\"https:\/\/mapthenews.maps.arcgis.com\/apps\/opsdashboard\/index.html\"><span style=\"color: #0000ff;\">Site<\/span><\/a>&gt; vous pouvez voir la mortalit\u00e9 du COVID pour 100\u00a0000 habitants\u00a0:<br \/>\n<\/span><\/p>\n<ul>\n<li><span style=\"color: #777777; font-family: Arial;\">Su\u00e8de \u00a0\u00a0 \u00a0 \u00a0 \u00a0\u00a0 59,15 \/ 100 000<br \/>\n<\/span><\/li>\n<li><span style=\"color: #777777; font-family: Arial;\">Danemark \u00a0\u00a0\u00a0\u00a011,83 \/ 100\u00a0000<br \/>\n<\/span><\/li>\n<li><span style=\"color: #777777; font-family: Arial;\">Finlande \u00a0\u00a0\u00a0\u00a0\u00a0\u00a0\u00a0 6,30 \/ 100 000<br \/>\n<\/span><\/li>\n<li><span style=\"color: #777777; font-family: Arial;\">Norv\u00e8ge \u00a0\u00a0\u00a0\u00a0\u00a0\u00a0\u00a0 5,17 \/ 100 000<br \/>\n<\/span><\/li>\n<\/ul>\n<p><span style=\"color: #777777; font-family: Arial;\">Le mot du jour &lt;<a href=\"https:\/\/lemotdujour.fr\/?p=9298\"><span style=\"color: #0000ff;\">du 17 juin 2020<\/span><\/a>&gt; soulignait que ces 3 derniers pays \u00e9taient gouvern\u00e9s par des femmes.<br \/>\n<\/span><\/p>\n<p><span style=\"color: #777777; font-family: Arial;\">Pour compl\u00e9ter le tableau, la France est \u00e0 48,37 \/ 100\u00a0000.<br \/>\n<\/span><\/p>\n<p><span style=\"color: #777777; font-family: Arial;\">Le responsable scientifique de cette strat\u00e9gie, l&rsquo;\u00e9pid\u00e9miologiste su\u00e9dois Anders Tegnell, de l&rsquo;Agence de sant\u00e9 publique<a href=\"https:\/\/www.lci.fr\/international\/coronavirus-jamais-confinee-la-suede-reconnait-une-mortalite-due-au-covid-19-vraiment-trop-elevee-2155522.html\">,<span style=\"color: #0000ff;\"> a reconnu<\/span><\/a> que la mortalit\u00e9 \u00e9tait \u00ab\u00a0vraiment\u00a0\u00bb trop \u00e9lev\u00e9e.<br \/>\n<\/span><\/p>\n<p><span style=\"color: #777777; font-family: Arial;\">Concernant sp\u00e9cifiquement le confinement, le g\u00e9n\u00e9ticien et pr\u00e9sident de la Ligue contre le cancer Axel Kahn affirme que le confinement cela marche.<br \/>\n<\/span><\/p>\n<p><span style=\"color: #777777; font-family: Arial;\">Et la Chine s&rsquo;en sort bien. Car m\u00eame si les chiffres officiels sont faux, ce n&rsquo;est pas une h\u00e9catombe et l&rsquo;activit\u00e9 et les voyages \u00e0 l&rsquo;int\u00e9rieur de la Chine montrent que ce pays est en train de sortir de la pand\u00e9mie.<br \/>\n<\/span><\/p>\n<p><span style=\"color: #777777; font-family: Arial;\">Pour Axel Kahn l&rsquo;explication est \u00e9vidente\u00a0:<br \/>\n<\/span><\/p>\n<p style=\"margin-left: 28pt;\"><span style=\"color: #c00000; font-family: Arial;\">\u00ab\u00a0Il y a deux raisons \u00e0 cela. La premi\u00e8re raison est que, \u00e9videmment, l&rsquo;\u00e9pid\u00e9mie l&rsquo;a frapp\u00e9e avant tout le monde. Et la deuxi\u00e8me raison, c&rsquo;est qu&rsquo;elle a utilis\u00e9 plus massivement l&rsquo;arme, qui est l&rsquo;arme absolue contre le virus : le confinement, le confinement complet total prolong\u00e9. On l&rsquo;a vu d&rsquo;ailleurs en France, il n&rsquo;y a pas plus efficace. [\u2026] C&rsquo;\u00e9tait un confinement bien pire que ce que l&rsquo;on a connu en France. La Chine, \u00e9videmment, a p\u00e2ti \u00e9conomiquement durant le confinement. Maintenant, elle a repris sa marche en avant et elle peut faire des f\u00eates sans masque. Et donc, elle peut dire \u00ab\u00a0nous, par rapport \u00e0 l&rsquo;Am\u00e9rique qui n&rsquo;arrive pas \u00e0 se tirer de ce d\u00e9sastre d\u00fb \u00e0 une gestion \u00e9pouvantable, cataclysmique ; nous, notre mod\u00e8le est meilleur\u00a0\u00bb. Ce \u00e0 quoi on a assist\u00e9 \u00e0 l&rsquo;occasion de cette pand\u00e9mie, c&rsquo;est une acc\u00e9l\u00e9ration de la bascule du monde vers l&rsquo;Orient.\u00a0\u00bb<br \/>\n<\/span><\/p>\n<p><span style=\"color: #777777; font-family: Arial;\">C&rsquo;est ce qu&rsquo;il a d\u00e9clar\u00e9 dans l&rsquo;\u00e9mission du Matin de France Culture du &lt;<a href=\"https:\/\/www.franceculture.fr\/emissions\/linvitee-des-matins\/covid-19-des-recits-nationaux-aux-consequences-sanitaires-avec-axel-kahn-et-christine-ockrent\"><span style=\"color: #0000ff;\">06\/10\/2020<\/span><\/a><span style=\"color: #0000ff;\">&gt;<\/span><br \/>\n<\/span><\/p>\n<p><span style=\"color: #777777; font-family: Arial;\">Dans une <a href=\"https:\/\/www.franceculture.fr\/sciences\/covid-19-axel-kahn-denonce-la-brochette-dabrutis-qui-disent-que-rien-ne-se-passe\"><span style=\"color: #0000ff;\">tribune sur le site de France Culture du 30 septembre<\/span><\/a> dans laquelle il s&rsquo;exprime assez longuement sur la strat\u00e9gie suivie en France et sur son analyse de l&rsquo;\u00e9volution de la pand\u00e9mie depuis mars, il pr\u00e9tend que sans les gestes barri\u00e8res, les masques et les autres restrictions l&rsquo;\u00e9pid\u00e9mie repartirait comme en mars.<br \/>\n<\/span><\/p>\n<p><span style=\"color: #777777; font-family: Arial;\">Il d\u00e9nonce \u00ab\u00a0<span style=\"color: #c00000;\">la brochette d&rsquo;abrutis qui disent que rien ne se passe\u00a0<span style=\"color: #777777;\">\u00bb<br \/>\n<\/span><\/span><\/span><\/p>\n<p><span style=\"color: #777777; font-family: Arial;\">Dans l&rsquo;\u00e9mission du 6 octobre apr\u00e8s avoir fait le constat que le confinement en France a bien frein\u00e9 consid\u00e9rablement la diffusion de la pand\u00e9mie, il ajoute\u00a0:<br \/>\n<\/span><\/p>\n<p style=\"margin-left: 28pt;\"><span style=\"color: #c00000; font-family: Arial;\">\u00ab En France, la grosse erreur a \u00e9t\u00e9 le d\u00e9confinement. Le d\u00e9confinement a fait perdre une partie de ce que le confinement avait permis. \u00bb<br \/>\n<\/span><\/p>\n<p><span style=\"color: #777777; font-family: Arial;\">Il faut pr\u00e9ciser qu&rsquo;il ne remet pas en cause la d\u00e9cision de d\u00e9confiner, mais la strat\u00e9gie et les conseils qui ont \u00e9t\u00e9 ou n&rsquo;ont pas \u00e9t\u00e9 donn\u00e9s pour accompagner un d\u00e9confinement plus responsable.<br \/>\n<\/span><\/p>\n<p><span style=\"color: #777777; font-family: Arial;\">Et son analyse c&rsquo;est que\u00a0:<br \/>\n<\/span><\/p>\n<p style=\"margin-left: 28pt;\"><span style=\"color: #c00000; font-family: Arial;\">\u00ab\u00a0La France prend des bonnes mesures, mais elle est toujours un peu en retard. C&rsquo;est \u00e7a le probl\u00e8me. Il est certain que le probl\u00e8me \u00e9conomique est majeur. Le probl\u00e8me de choix de la joie d&rsquo;y vivre \u00e9galement. Mais parce qu&rsquo;on veut en tenir compte un peu trop, on est oblig\u00e9 de serrer la vis.\u00a0\u00bb<br \/>\n<\/span><\/p>\n<p><span style=\"color: #777777; font-family: Arial;\">Nous sommes dans une situation tr\u00e8s compliqu\u00e9e.<br \/>\n<\/span><\/p>\n<p><span style=\"color: #777777; font-family: Arial;\">Il faut, je crois, rester tr\u00e8s humble dans ses prises de position et ses affirmations.<br \/>\n<\/span><\/p>\n<p><span style=\"color: #777777; font-family: Arial;\">L&rsquo;article de Lib\u00e9ration me semble tr\u00e8s int\u00e9ressant et assez nuanc\u00e9.<br \/>\n<\/span><\/p>\n<p><span style=\"color: maroon; font-family: Arial;\">&lt;1470&gt;<\/span><\/p>\n","protected":false},"excerpt":{"rendered":"<p>\u00ab La France prend des bonnes mesures, mais elle est toujours un peu en retard. C&rsquo;est \u00e7a le probl\u00e8me. \u00bb Axel Kahn, le 6 octobre sur France Culture On les appelle \u00ab\u00a0les rassuristes\u00a0\u00bb. Il s&rsquo;agit de scientifiques et de m\u00e9decins<\/p>\n","protected":false},"author":1,"featured_media":0,"comment_status":"open","ping_status":"closed","sticky":false,"template":"","format":"standard","meta":{"footnotes":""},"categories":[1],"tags":[15,126,13],"class_list":["post-9753","post","type-post","status-publish","format-standard","hentry","category-motdujour","tag-france","tag-pandemie","tag-sante"],"_links":{"self":[{"href":"https:\/\/lemotdujour.fr\/index.php?rest_route=\/wp\/v2\/posts\/9753","targetHints":{"allow":["GET"]}}],"collection":[{"href":"https:\/\/lemotdujour.fr\/index.php?rest_route=\/wp\/v2\/posts"}],"about":[{"href":"https:\/\/lemotdujour.fr\/index.php?rest_route=\/wp\/v2\/types\/post"}],"author":[{"embeddable":true,"href":"https:\/\/lemotdujour.fr\/index.php?rest_route=\/wp\/v2\/users\/1"}],"replies":[{"embeddable":true,"href":"https:\/\/lemotdujour.fr\/index.php?rest_route=%2Fwp%2Fv2%2Fcomments&post=9753"}],"version-history":[{"count":5,"href":"https:\/\/lemotdujour.fr\/index.php?rest_route=\/wp\/v2\/posts\/9753\/revisions"}],"predecessor-version":[{"id":9788,"href":"https:\/\/lemotdujour.fr\/index.php?rest_route=\/wp\/v2\/posts\/9753\/revisions\/9788"}],"wp:attachment":[{"href":"https:\/\/lemotdujour.fr\/index.php?rest_route=%2Fwp%2Fv2%2Fmedia&parent=9753"}],"wp:term":[{"taxonomy":"category","embeddable":true,"href":"https:\/\/lemotdujour.fr\/index.php?rest_route=%2Fwp%2Fv2%2Fcategories&post=9753"},{"taxonomy":"post_tag","embeddable":true,"href":"https:\/\/lemotdujour.fr\/index.php?rest_route=%2Fwp%2Fv2%2Ftags&post=9753"}],"curies":[{"name":"wp","href":"https:\/\/api.w.org\/{rel}","templated":true}]}}