{"id":9740,"date":"2020-10-07T00:24:10","date_gmt":"2020-10-06T22:24:10","guid":{"rendered":"http:\/\/lemotdujour.fr\/?p=9740"},"modified":"2020-10-10T21:05:27","modified_gmt":"2020-10-10T19:05:27","slug":"mercredi-7-octobre-2020","status":"publish","type":"post","link":"https:\/\/lemotdujour.fr\/?p=9740","title":{"rendered":"Mercredi 7 octobre 2020"},"content":{"rendered":"<div class=\"mdjTexte\">\u00ab [Pour me sentir mieux] je prends de la distance. \u00bb<\/div>\n<div class=\"mdjAuteur\">Mafalda dessin\u00e9e par Quino<\/div>\n<p><span style=\"color: #777777; font-family: Arial;\">J&rsquo;avais d\u00e9j\u00e0 fait appel \u00e0 Mafalda lors du mot du jour du &lt;<span style=\"color: #0000ff;\"><a style=\"color: #0000ff;\" href=\"https:\/\/lemotdujour.fr\/?p=7441\">20 novembre 2019<\/a><\/span>&gt;\u00a0: \u00ab <strong>Vivre sans lire c&rsquo;est dangereux, cela t&rsquo;oblige \u00e0 croire ce que l&rsquo;on te dit<\/strong> \u00bb<br \/>\n<\/span><\/p>\n<p><img loading=\"lazy\" decoding=\"async\" class=\"alignleft\" src=\"https:\/\/lemotdujour.fr\/wp-content\/uploads\/2020\/10\/100620_2216_Mercredi7oc1.jpg\" alt=\"\" width=\"396\" height=\"351\" align=\"left\" \/><span style=\"color: #777777; font-family: Arial;\">Et je pense que dans le monde de l&rsquo;imm\u00e9diatet\u00e9, des avis sur tous les sujets, cette parole que Quino a mis dans la bulle de Mafalda est bienvenue.<br \/>\n<\/span><\/p>\n<p><span style=\"color: #777777; font-family: Arial;\">Mafalda a \u00e9t\u00e9 cr\u00e9\u00e9e en 1964 par le dessinateur et sc\u00e9nariste argentin Joaquin Salvador Lavado, dit Quino,<br \/>\n<\/span><\/p>\n<p><span style=\"color: #777777; font-family: Arial;\"><strong>Quino <\/strong>est d\u00e9c\u00e9d\u00e9 mercredi 30 septembre \u00e0 l&rsquo;\u00e2ge de 88 ans, \u00e0 Mendoza, la ville qui l&rsquo;avait vu na\u00eetre en 1932.<br \/>\n<\/span><\/p>\n<p><a href=\"https:\/\/www&lt;Atlantico&gt; .atlantico.fr\/atlantico-light\/3592683\/quino-le-dessinateur-et-scenariste-argentin-createur-du-personnage-de-mafalda--est-mort-a-l-age-de-88-ans\"><span style=\"font-family: Arial;\"><span style=\"color: #0000ff;\">&lt;Atlantico&gt;<\/span><\/span><\/a><span style=\"color: #777777; font-family: Arial;\"> \u00e9crit\u00a0:<br \/>\n<\/span><\/p>\n<p style=\"margin-left: 28pt;\"><span style=\"color: #c00000; font-family: Arial;\">\u00ab\u00a0Quino avait cr\u00e9\u00e9 cette petite h\u00e9ro\u00efne anticonformiste en 1964. Il livrait, \u00e0 travers les yeux de cette fillette issue de la classe moyenne argentine, sa propre r\u00e9flexion contestataire sur le monde. Mafalda critiquait notamment la gestion de la plan\u00e8te par les adultes. Ce personnage \u00e9tait tr\u00e8s concern\u00e9 par les probl\u00e8mes \u00e9conomiques et sociaux, les in\u00e9galit\u00e9s ou bien encore l&rsquo;injustice.\u00a0\u00bb<br \/>\n<\/span><\/p>\n<p><span style=\"color: #777777; font-family: Arial;\">Quino a cr\u00e9\u00e9 de nombreuses autres \u0153uvres et des recueils de dessins d&rsquo;humour mais il est d\u00e9finitivement connu pour le personnage de Mafalda.<br \/>\n<\/span><\/p>\n<p><a href=\"https:\/\/lefigaro.fr\/flash-actu\/quino-le-papa-de-mafalda-est-mort-1-20200930\"><span style=\"font-family: Arial;\"><span style=\"color: #0000ff;\">&lt;Le Figaro.fr&gt;<\/span><\/span><\/a><span style=\"color: #777777; font-family: Arial;\"> nous apprend qu&rsquo;on le surnommait le \u00ab <strong>Semp\u00e9 argentin <\/strong>\u00bb et ajoute\u00a0:<br \/>\n<\/span><\/p>\n<p style=\"margin-left: 28pt;\"><span style=\"color: #c00000; font-family: Arial;\">\u00ab\u00a0Il n&rsquo;a jamais cess\u00e9 de se battre contre l&rsquo;arbitraire et les abus d&rsquo;un monde en pleine mondialisation. Entr\u00e9 \u00e0 l&rsquo;\u00e9cole des Beaux Arts de Mendoza \u00e0 13 ans, ce fils d&rsquo;Andalous avait arr\u00eat\u00e9 ses \u00e9tudes assez vite pour se consacrer \u00e0 sa passion, l&rsquo;illustration d&rsquo;humour. En plus d&rsquo;un demi-si\u00e8cle de dessins de presse et de bande dessin\u00e9e, cet humoriste \u00e0 la douce po\u00e9sie graphique, aura toujours port\u00e9 avec lucidit\u00e9, sa plume dans les plaies du globe.\u00a0\u00bb<br \/>\n<\/span><\/p>\n<p><span style=\"color: #777777; font-family: Arial;\">Mafalda est la petite fille d&rsquo;un agent d&rsquo;assurances argentins mari\u00e9 \u00e0 une femme au foyer. Les parents sont souvent d\u00e9pass\u00e9s par la maturit\u00e9 de cette jeune h\u00e9ro\u00efne rebelle. <\/span><span style=\"color: #777777; font-family: Arial;\">Inlassablement elle questionne sur la condition f\u00e9minine, la dictature, la surpopulation, la guerre atomique ou encore Fidel Castro. Et le plus souvent elle exprime son indignation contre le monde injuste.<br \/>\n<\/span><\/p>\n<p><span style=\"color: #777777; font-family: Arial;\">Quino avait expliqu\u00e9 comment Mafalda \u00e9tait n\u00e9e, au d\u00e9part d&rsquo;une id\u00e9e pour faire de la publicit\u00e9. Il d\u00e9clarait au Figaro en 2004 :<br \/>\n<\/span><\/p>\n<p style=\"margin-left: 28pt;\"><span style=\"color: #c00000; font-family: Arial;\">\u00abMafalda est un peu la petite s\u0153ur argentine du petit Nicolas&#8230; en plus politis\u00e9[\u2026]. Toutefois, elle est n\u00e9e d&rsquo;une bien curieuse mani\u00e8re. C&rsquo;\u00e9tait en 1962. Une marque d&rsquo;\u00e9lectrom\u00e9nager m&rsquo;avait command\u00e9 une campagne de publicit\u00e9 o\u00f9 je devais combiner Peanuts et la s\u00e9rie Blondie. Il s&rsquo;agissait des aspirateurs Manfield, marque argentine \u00e9quivalente \u00e0 Philips. J&rsquo;avais cr\u00e9\u00e9 une douzaine de \u00abstrips\u00bb o\u00f9 Mafalda \u00e9voluait, au quotidien, au sein d&rsquo;une famille mod\u00e8le. Finalement, la campagne n&rsquo;eut jamais lieu. C&rsquo;est mon ami Julian Delgado, r\u00e9dacteur en chef de la revue hebdomadaire Primera plana, qui me demanda, en 1964 : \u00ab Tu aurais quelque chose pour nous ? \u00bb C&rsquo;est ainsi que Mafalda, dont j&rsquo;avais trouv\u00e9 le nom dans le roman de David Vinas, Dar la cara, vit le jour&#8230; \u00bb<br \/>\n<\/span><\/p>\n<p><span style=\"color: #777777; font-family: Arial;\">&lt;<span style=\"color: #0000ff;\"><a style=\"color: #0000ff;\" href=\"https:\/\/www.lemonde.fr\/disparitions\/article\/2020\/09\/30\/le-dessinateur-argentin-quino-papa-de-l-heroine-mafalda-est-mort_6054266_3382.html\">Le Monde<\/a><\/span>&gt; pr\u00e9cise que c&rsquo;est son \u00e9pouse qui a eu l&rsquo;intuition que le personnage de publicit\u00e9 pourrait devenir un personnage de BD\u00a0:<br \/>\n<\/span><\/p>\n<p style=\"margin-left: 28pt;\"><span style=\"color: #c00000; font-family: Arial;\"> \u00ab Ma femme a \u00e9t\u00e9 l&rsquo;\u00e9l\u00e9ment cl\u00e9 dans la reconnaissance de Mafalda \u00bb, avait-il assur\u00e9 en 2014 lors de la remise du prix Prince des Asturies.\u00a0\u00bb<br \/>\n<\/span><\/p>\n<p><span style=\"color: #777777; font-family: Arial;\">Quino \u00e9tait un cr\u00e9ateur de <strong><em>comic strip<\/em><\/strong>, ou simplement <strong><em>strip<\/em><\/strong>. C&rsquo;est-\u00e0-dire une bande dessin\u00e9e de quelques cases dispos\u00e9es en une bande le plus souvent horizontale.<br \/>\n<\/span><\/p>\n<p><img loading=\"lazy\" decoding=\"async\" class=\"\" src=\"https:\/\/lemotdujour.fr\/wp-content\/uploads\/2020\/10\/100620_2216_Mercredi7oc2.jpg\" alt=\"\" width=\"618\" height=\"177\" \/><span style=\"color: #777777; font-family: Arial;\"><br \/>\n<\/span><\/p>\n<p><span style=\"color: #777777; font-family: Arial;\">Les aventures de Mafalda ont \u00e9t\u00e9 l&rsquo;un des \u00ab comics strips \u00bb les plus publi\u00e9s au monde.<br \/>\n<\/span><\/p>\n<p><span style=\"color: #777777; font-family: Arial;\">Lors des 50 ans de la cr\u00e9ation de Mafalda, Le Monde publia un entretien avec son cr\u00e9ateur le &lt;<a href=\"https:\/\/www.lemonde.fr\/livres\/article\/2014\/01\/30\/quino-papa-desabuse-de-mafalda-une-gamine-de-50-ans_4357316_3260.html\"><span style=\"color: #0000ff;\">30 janvier 2014<\/span><\/a>&gt;<br \/>\n<\/span><\/p>\n<p><img loading=\"lazy\" decoding=\"async\" class=\"alignleft\" src=\"https:\/\/lemotdujour.fr\/wp-content\/uploads\/2020\/10\/100620_2216_Mercredi7oc3.jpg\" alt=\"\" width=\"311\" height=\"207\" align=\"left\" \/><span style=\"color: #777777; font-family: Arial; text-decoration: underline;\"><em>Quino, papa d\u00e9sabus\u00e9 de Mafalda, une gamine de 50 ans<br \/>\n<\/em><\/span><\/p>\n<p><span style=\"color: #777777; font-family: Arial;\">Lorsque le journaliste lui demande d&rsquo;expliquer la notori\u00e9t\u00e9 plan\u00e9taire de son personnage il r\u00e9pond\u00a0:<br \/>\n<\/span><\/p>\n<p style=\"margin-left: 28pt;\"><span style=\"color: #c00000; font-family: Arial;\">\u00ab\u00a0Je ne le sais pas moi-m\u00eame, mais peut-\u00eatre est-ce d\u00fb au fait qu&rsquo;une grande partie des questions qu&rsquo;elle se pose sont encore sans r\u00e9ponse. Parfois, je me surprends moi-m\u00eame de voir comment certains strips que j&rsquo;ai dessin\u00e9s il y a plus de quarante ans s&rsquo;appliquent \u00e0 des questions d&rsquo;aujourd&rsquo;hui. L&rsquo;ann\u00e9e derni\u00e8re est sorti un livre en Italie, qui reprenait des vignettes de Mafalda parues dans la revue Siete Das. Elles \u00e9taient class\u00e9es par th\u00e8mes : politique, \u00e9conomie\u2026 Ce qui est incroyable, c&rsquo;est que de nombreux strips semblaient faire directement r\u00e9f\u00e9rence \u00e0 la derni\u00e8re campagne de Berlusconi !\u00a0\u00bb<br \/>\n<\/span><\/p>\n<p><span style=\"color: #777777; font-family: Arial;\">Finalement Mafalda n&rsquo;aura occup\u00e9 qu&rsquo;une petite p\u00e9riode de l&rsquo;activit\u00e9 de Quino de 1964 jusqu&rsquo;en 1973. <\/span><span style=\"color: #777777; font-family: Arial;\">Il ne regrettait pas d&rsquo;avoir arr\u00eat\u00e9e si t\u00f4t le personnage auquel il continue \u00e0 \u00eatre associ\u00e9e :<br \/>\n<\/span><\/p>\n<p style=\"margin-left: 28pt;\"><span style=\"color: #c00000; font-family: Arial;\">\u00ab Absolument pas. Cela a \u00e9t\u00e9 tr\u00e8s difficile, mais je ne voulais pas que Mafalda devienne une de ces BD que les gens lisent par habitude. De plus, faire un strip n&rsquo;est pas la m\u00eame chose que faire une BD traditionnelle. Il s&rsquo;agit d&rsquo;un travail tr\u00e8s routinier : il faut dessiner toujours les m\u00eames personnages, dans les m\u00eames proportions. C&rsquo;est comme si un menuisier devait toujours tailler la m\u00eame table. Moi, je voulais aussi faire des portes, des chaises et des banquettes. \u00bb<br \/>\n<\/span><\/p>\n<p><span style=\"color: #777777; font-family: Arial;\">Et il finit l&rsquo;entretien par ce propos pessimiste\u00a0:<br \/>\n<\/span><\/p>\n<p style=\"margin-left: 28pt;\"><span style=\"color: #c00000; font-family: Arial;\">\u00ab\u00a0Si je suis heureux de voir que Mafalda a encore des lecteurs aujourd&rsquo;hui, cela m&rsquo;attriste de constater que les th\u00e8mes dont elle parle restent d&rsquo;actualit\u00e9. Ils ont un autre nom aujourd&rsquo;hui, mais ils restent les m\u00eames. Le monde qui existait en 1973 quand j&rsquo;ai cess\u00e9 de faire cette BD et que Mafalda critiquait tellement est le m\u00eame, voire pire aujourd&rsquo;hui.\u00a0\u00bb<br \/>\n<\/span><\/p>\n<p><span style=\"color: #777777; font-family: Arial;\">Il \u00e9tait proche de Wolinski et de Cabu. Il avait <span style=\"color: #0000ff;\"><a style=\"color: #0000ff;\" href=\"https:\/\/www.lexpress.fr\/actualites\/1\/culture\/charlie-hebdo-quino-et-mafalda-ressentent-une-terrible-peine_1640159.html\">exprim\u00e9<\/a><\/span> lors de l&rsquo;attentat de Charlie Hebdo et de ceux qui ont suivi que son h\u00e9ro\u00efne Mafalda aurait ressenti une \u00ab\u00a0<span style=\"color: #c00000;\">terrible peine<span style=\"color: #777777;\">\u00a0\u00bb. Une autre fois il avait affirm\u00e9\u00a0: \u00ab\u00a0<span style=\"color: #c00000;\">Mafalda c&rsquo;est moi\u00a0!<span style=\"color: #777777;\">\u00a0\u00bb<br \/>\n<\/span><\/span><\/span><\/span><\/span><\/p>\n<p><img decoding=\"async\" src=\"https:\/\/lemotdujour.fr\/wp-content\/uploads\/2020\/10\/100620_2216_Mercredi7oc4.jpg\" alt=\"\" \/><span style=\"color: #777777; font-family: Arial;\"><br \/>\n<\/span><\/p>\n<p><span style=\"color: maroon; font-family: Arial;\">&lt;1469&gt;<\/span><\/p>\n","protected":false},"excerpt":{"rendered":"<p>\u00ab [Pour me sentir mieux] je prends de la distance. \u00bb Mafalda dessin\u00e9e par Quino J&rsquo;avais d\u00e9j\u00e0 fait appel \u00e0 Mafalda lors du mot du jour du &lt;20 novembre 2019&gt;\u00a0: \u00ab Vivre sans lire c&rsquo;est dangereux, cela t&rsquo;oblige \u00e0 croire<\/p>\n","protected":false},"author":1,"featured_media":0,"comment_status":"open","ping_status":"closed","sticky":false,"template":"","format":"standard","meta":{"footnotes":""},"categories":[1],"tags":[116,167,29],"class_list":["post-9740","post","type-post","status-publish","format-standard","hentry","category-motdujour","tag-amerique-du-sud","tag-bande-dessinee","tag-hommage"],"_links":{"self":[{"href":"https:\/\/lemotdujour.fr\/index.php?rest_route=\/wp\/v2\/posts\/9740","targetHints":{"allow":["GET"]}}],"collection":[{"href":"https:\/\/lemotdujour.fr\/index.php?rest_route=\/wp\/v2\/posts"}],"about":[{"href":"https:\/\/lemotdujour.fr\/index.php?rest_route=\/wp\/v2\/types\/post"}],"author":[{"embeddable":true,"href":"https:\/\/lemotdujour.fr\/index.php?rest_route=\/wp\/v2\/users\/1"}],"replies":[{"embeddable":true,"href":"https:\/\/lemotdujour.fr\/index.php?rest_route=%2Fwp%2Fv2%2Fcomments&post=9740"}],"version-history":[{"count":4,"href":"https:\/\/lemotdujour.fr\/index.php?rest_route=\/wp\/v2\/posts\/9740\/revisions"}],"predecessor-version":[{"id":9787,"href":"https:\/\/lemotdujour.fr\/index.php?rest_route=\/wp\/v2\/posts\/9740\/revisions\/9787"}],"wp:attachment":[{"href":"https:\/\/lemotdujour.fr\/index.php?rest_route=%2Fwp%2Fv2%2Fmedia&parent=9740"}],"wp:term":[{"taxonomy":"category","embeddable":true,"href":"https:\/\/lemotdujour.fr\/index.php?rest_route=%2Fwp%2Fv2%2Fcategories&post=9740"},{"taxonomy":"post_tag","embeddable":true,"href":"https:\/\/lemotdujour.fr\/index.php?rest_route=%2Fwp%2Fv2%2Ftags&post=9740"}],"curies":[{"name":"wp","href":"https:\/\/api.w.org\/{rel}","templated":true}]}}