{"id":9722,"date":"2020-10-06T00:26:11","date_gmt":"2020-10-05T22:26:11","guid":{"rendered":"http:\/\/lemotdujour.fr\/?p=9722"},"modified":"2020-10-10T21:04:51","modified_gmt":"2020-10-10T19:04:51","slug":"mardi-6-octobre-2020","status":"publish","type":"post","link":"https:\/\/lemotdujour.fr\/?p=9722","title":{"rendered":"Mardi  6 octobre 2020"},"content":{"rendered":"<div class=\"mdjTexte\">\u00ab Et je dis aux femmes trois choses : votre ind\u00e9pendance \u00e9conomique est la cl\u00e9 de votre lib\u00e9ration. Ne laissez rien passer dans les gestes, le langage, les situations, qui attentent \u00e0 votre dignit\u00e9. Ne vous r\u00e9signez jamais !\u00bb<\/div>\n<div class=\"mdjAuteur\">Gis\u00e8le Halimi<\/div>\n<p><span style=\"color: #777777; font-family: Arial;\">Le Pr\u00e9sident de la R\u00e9publique a c\u00e9l\u00e9br\u00e9, au Panth\u00e9on, les 150 ans de la proclamation de la r\u00e9publique, le 4 septembre 1870. Depuis, nous sommes en R\u00e9publique.<br \/>\n<\/span><\/p>\n<p><img loading=\"lazy\" decoding=\"async\" class=\"alignright\" src=\"https:\/\/lemotdujour.fr\/wp-content\/uploads\/2020\/10\/100520_2208_Mardi6octob1.jpg\" alt=\"\" width=\"428\" height=\"246\" align=\"left\" \/><span style=\"color: #777777; font-family: Arial;\">En Histoire, les choses sont toujours vraies \u00e0 peu pr\u00e8s, disait le grand Historien Fernand Braudel.<br \/>\n<\/span><\/p>\n<p><span style=\"color: #777777; font-family: Arial;\">Entre le 10 juillet 1940 et le 20 ao\u00fbt 1944, durant l&rsquo;occupation de la France par l&rsquo;Allemagne nazie, un autre r\u00e9gime politique a assur\u00e9 le gouvernement de la France. Son si\u00e8ge \u00e9tait \u00e0 Vichy et le chef de l\u2019\u00c9tat \u00e9tait le Mar\u00e9chal P\u00e9tain. En effet, apr\u00e8s le vote des pleins pouvoirs constituants \u00e0 Philippe P\u00e9tain, le 10 juillet 1940, par l&rsquo;Assembl\u00e9e nationale (r\u00e9union de la Chambre des d\u00e9put\u00e9s et du S\u00e9nat), la mention \u00ab R\u00e9publique fran\u00e7aise \u00bb dispara\u00eet des actes officiels ; le r\u00e9gime est d\u00e8s lors d\u00e9sign\u00e9 sous le nom d&rsquo;\u00ab\u00c9tat fran\u00e7ais \u00bb.<br \/>\n<\/span><\/p>\n<p><span style=\"color: #777777; font-family: Arial;\">Sous la pr\u00e9sidence du G\u00e9n\u00e9ral de Gaulle, le Gouvernement provisoire de la R\u00e9publique fran\u00e7aise <strong>proclama,<\/strong> par son ordonnance du 9 ao\u00fbt 1944, toujours en vigueur, relative au r\u00e9tablissement de la l\u00e9galit\u00e9 r\u00e9publicaine sur le territoire continental, <strong>la permanence en droit de la R\u00e9publique fran\u00e7aise et nia toute l\u00e9gitimit\u00e9 au gouvernement de Vichy et de ses actes<\/strong>.<br \/>\n<\/span><\/p>\n<p><span style=\"color: #777777; font-family: Arial;\">C&rsquo;est ainsi que gr\u00e2ce au r\u00e9cit national, nous sommes en R\u00e9publique depuis le 4 septembre 1870, sans interruption. <\/span><span style=\"color: #777777; font-family: Arial;\">C&rsquo;est \u00e0 cela que sert un r\u00e9cit national, raconter les faits de mani\u00e8re \u00e0 ce que l&rsquo;histoire soit conforme \u00e0 ce que l&rsquo;on souhaite.<br \/>\n<\/span><\/p>\n<p><span style=\"color: #777777; font-family: Arial;\">Pour f\u00eater ces 150 ans, le Pr\u00e9sident de la R\u00e9publique a prononc\u00e9 un discours que vous trouverez derri\u00e8re &lt;<span style=\"color: #0000ff;\"><a style=\"color: #0000ff;\" href=\"https:\/\/www.elysee.fr\/emmanuel-macron\/2020\/09\/04\/150-ans-en-republique\">ce lien<\/a><\/span>&gt;.<br \/>\n<\/span><\/p>\n<p><span style=\"color: #777777; font-family: Arial;\">Il est possible que j&rsquo;y revienne plus longuement, mais aujourd&rsquo;hui je vais m&rsquo;arr\u00eater \u00e0 une phrase du discours qui m&rsquo;a touch\u00e9 :<br \/>\n<\/span><\/p>\n<p style=\"margin-left: 28pt;\"><span style=\"color: #c00000; font-family: Arial;\">\u00ab\u00a0Comment ne pas \u00e9voquer <strong>Gis\u00e8le HALIMI,<\/strong> disparue cet \u00e9t\u00e9. De sa ch\u00e8re Tunisie, \u00e0 notre Assembl\u00e9e nationale, des pr\u00e9toires, des h\u00e9micycles, de plaidoyers en manifestes, celle qui \u00e9tait n\u00e9e Zeiza TA\u00cfEB, plaida pour l&rsquo;\u00e9mancipation des peuples et fit faire des bonds de g\u00e9ant \u00e0 la cause des femmes.\u00a0\u00bb<br \/>\n<\/span><\/p>\n<p><span style=\"color: #777777; font-family: Arial;\"><strong>Gis\u00e8le Halimi<\/strong> nous a quitt\u00e9 pendant cet \u00e9t\u00e9, le 28 juillet 2020 \u00e0 93 ans.<br \/>\n<\/span><\/p>\n<p><span style=\"color: #777777; font-family: Arial;\">Cette avocate, cette grande Dame, cette combattante a \u00e9t\u00e9 tout au long de sa vie du bon c\u00f4t\u00e9, c&rsquo;est au moins ce que je crois.<br \/>\n<\/span><\/p>\n<p><span style=\"color: #777777; font-family: Arial;\">C&rsquo;\u00e9tait le combat du f\u00e9minisme et c&rsquo;\u00e9tait le combat de la libert\u00e9.<br \/>\n<\/span><\/p>\n<p><img loading=\"lazy\" decoding=\"async\" class=\"alignleft\" src=\"https:\/\/lemotdujour.fr\/wp-content\/uploads\/2020\/10\/100520_2208_Mardi6octob2.jpg\" alt=\"\" width=\"393\" height=\"239\" align=\"right\" \/><span style=\"color: #777777; font-family: Arial;\">Elle a racont\u00e9 que ce combat venait de loin.<br \/>\n<\/span><\/p>\n<p><span style=\"color: #777777; font-family: Arial;\">Elle est n\u00e9e en 1927 pr\u00e8s de Tunis dans une famille modeste d&rsquo;une m\u00e8re s\u00e9farade et d&rsquo;un p\u00e8re d&rsquo;origine berb\u00e8re. Ses parents voulaient un fils. Sa m\u00e8re marqua toujours sa pr\u00e9f\u00e9rence pour ses fils.<br \/>\n<\/span><\/p>\n<p><span style=\"color: #777777; font-family: Arial;\">Et sa premi\u00e8re r\u00e9volte fut au sein de sa famille contre l&rsquo;obligation faite aux filles de servir les hommes \u00e0 table, y compris ses fr\u00e8res, et contre l&rsquo;obligation de se consacrer \u00e0 des t\u00e2ches m\u00e9nag\u00e8res dont ses fr\u00e8res sont dispens\u00e9s. C&rsquo;est pourquoi \u00e0 l&rsquo;\u00e2ge de treize ans, elle entame une gr\u00e8ve de la faim afin de ne plus avoir \u00e0 faire le lit de son fr\u00e8re. Au bout de trois jours, ses parents c\u00e8dent et elle \u00e9crit dans son journal intime de l&rsquo;\u00e9poque :<br \/>\n<\/span><\/p>\n<p style=\"margin-left: 28pt;\"><span style=\"color: #c00000; font-family: Arial;\">\u00ab Aujourd&rsquo;hui j&rsquo;ai gagn\u00e9 mon premier petit bout de libert\u00e9 \u00bb<br \/>\n<\/span><\/p>\n<p><span style=\"color: #777777; font-family: Arial;\">Dans ses derniers mois, elle a eu la force d&rsquo;\u00e9crire avec la journaliste <strong>Annick Cojean<\/strong>, ses m\u00e9moires qui ont parues le 19 ao\u00fbt\u00a0: \u00ab\u00a0<a href=\"https:\/\/livre.fnac.com\/a14341650\/Annick-Cojean-Une-farouche-liberte\"><span style=\"color: #0000ff;\">Une farouche libert\u00e9<\/span>\u00a0<\/a>\u00bb<br \/>\n<\/span><\/p>\n<p><span style=\"color: #777777; font-family: Arial;\">Annick Cojean qui avait publi\u00e9 dans le Monde, le 22 septembre 2019, une longue interview de Gis\u00e8le Halimi : \u00ab <span style=\"color: #0000ff;\"><a style=\"color: #0000ff;\" href=\"https:\/\/www.lemonde.fr\/societe\/article\/2019\/09\/22\/gisele-halimi-j-avais-en-moi-une-rage-une-force-sauvage-je-voulais-me-sauver_6012578_3224.html\">J&rsquo;avais en moi une rage, une force sauvage, je voulais me sauver<\/a> <\/span>\u00bb<br \/>\n<\/span><\/p>\n<p><span style=\"color: #777777; font-family: Arial;\">Elle a embrass\u00e9 la carri\u00e8re d&rsquo;avocate\u00a0:<br \/>\n<\/span><\/p>\n<p style=\"margin-left: 28pt;\"><span style=\"color: #c00000; font-family: Arial;\">\u00ab\u00a0Avocate pour se d\u00e9fendre et pour d\u00e9fendre. Avocate parce que l&rsquo;injustice lui est \u00ab physiquement intol\u00e9rable \u00bb. Avocate parce que, femme, elle est depuis le d\u00e9but dans le camp des faibles et des opprim\u00e9s. Avocate \u00ab irrespectueuse \u00bb, comme elle aime \u00e0 se d\u00e9finir, parce que l&rsquo;ordre \u00e9tabli est \u00e0 bousculer et que la loi doit parfois \u00eatre chang\u00e9e. Enfin parce que \u00ab ce qui vient au monde pour ne rien troubler ne m\u00e9rite ni \u00e9gards ni patience \u00bb, comme l&rsquo;\u00e9crit Ren\u00e9 Char, qu&rsquo;elle cite volontiers.\u00a0\u00bb<br \/>\n<\/span><\/p>\n<p><span style=\"color: #777777; font-family: Arial;\">Dalloz qui est la r\u00e9f\u00e9rence pour toutes celles et ceux qui ont \u00e9tudi\u00e9 le Droit en France lui a rendu un long hommage dans son journal &lt;<span style=\"color: #0000ff;\"><a style=\"color: #0000ff;\" href=\"https:\/\/www.dalloz-actualite.fr\/portrait\/gisele-halimi-27-juillet-1927-28-juillet-2020\">Dalloz actualit\u00e9<\/a><\/span>&gt; par la plume de Dominique de la Garanderie, avocate, ancien b\u00e2tonnier de Paris.<br \/>\n<\/span><\/p>\n<p><span style=\"color: #777777; font-family: Arial;\">Et cet hommage commence ainsi\u00a0:<br \/>\n<\/span><\/p>\n<p style=\"margin-left: 28pt;\"><span style=\"color: #c00000; font-family: Arial;\">\u00ab\u00a0La d\u00e9fense, jusqu&rsquo;au bout, quoi qu&rsquo;il en co\u00fbte. La d\u00e9fense, d&rsquo;abord pour des hommes et des femmes, la d\u00e9fense qui est leur droit. La d\u00e9fense, pour gagner, mais aussi la d\u00e9fense qui fait douter des aptitudes \u00e0 d\u00e9fendre. La d\u00e9fense pour la justice, la d\u00e9fense contre la loi.<br \/>\n<\/span><\/p>\n<p style=\"margin-left: 28pt;\"><span style=\"color: #c00000; font-family: Arial;\">Sa vocation peut \u00eatre n\u00e9e d&rsquo;un profond sentiment d&rsquo;injustice qui l&rsquo;a conduite \u00e0 faire la gr\u00e8ve de la faim \u00e0 10\u00a0ans pour protester et lutter contre un asservissement \u00e0 l&rsquo;\u00e9gard de ses fr\u00e8res.<br \/>\n<\/span><\/p>\n<p style=\"margin-left: 28pt;\"><span style=\"color: #c00000; font-family: Arial;\">Sa vocation peut \u00eatre n\u00e9e de l&rsquo;assimilation des principes r\u00e9publicains de libert\u00e9, \u00e9galit\u00e9 et fraternit\u00e9.<br \/>\n<\/span><\/p>\n<p style=\"margin-left: 28pt;\"><span style=\"color: #c00000; font-family: Arial;\">Sa vocation peut \u00eatre n\u00e9e du refus de l&rsquo;organisation de la soci\u00e9t\u00e9 de la premi\u00e8re moiti\u00e9 du XX<sup>e<\/sup>\u00a0si\u00e8cle et d&rsquo;une m\u00e8re ancr\u00e9e dans les principes les plus traditionnels.<br \/>\n<\/span><\/p>\n<p style=\"margin-left: 28pt;\"><span style=\"color: #c00000; font-family: Arial;\">Gis\u00e8le Halimi \u00e9tait avocate.<br \/>\n<\/span><\/p>\n<p style=\"margin-left: 28pt;\"><span style=\"color: #c00000; font-family: Arial;\">La n\u00e9cessit\u00e9 de l&rsquo;ind\u00e9pendance, l&rsquo;\u00e9vidence de la recherche de justice, la volont\u00e9 d&rsquo;agir, la rage de convaincre ont \u00e9t\u00e9 des moteurs au service d&rsquo;une intelligence hors du commun et d&rsquo;une d\u00e9termination \u00e0 toute \u00e9preuve. Elle devait \u00eatre avocate.\u00a0\u00bb<br \/>\n<\/span><\/p>\n<p><span style=\"color: #777777; font-family: Arial;\"><img loading=\"lazy\" decoding=\"async\" class=\" wp-image-9734 alignright\" src=\"https:\/\/lemotdujour.fr\/wp-content\/uploads\/2020\/10\/Gis\u00e8le-Halimi-dans-la-maturit\u00e92-scaled.jpg\" alt=\"\" width=\"374\" height=\"262\" srcset=\"https:\/\/lemotdujour.fr\/wp-content\/uploads\/2020\/10\/Gis\u00e8le-Halimi-dans-la-maturit\u00e92-scaled.jpg 2560w, https:\/\/lemotdujour.fr\/wp-content\/uploads\/2020\/10\/Gis\u00e8le-Halimi-dans-la-maturit\u00e92-300x210.jpg 300w, https:\/\/lemotdujour.fr\/wp-content\/uploads\/2020\/10\/Gis\u00e8le-Halimi-dans-la-maturit\u00e92-1024x716.jpg 1024w, https:\/\/lemotdujour.fr\/wp-content\/uploads\/2020\/10\/Gis\u00e8le-Halimi-dans-la-maturit\u00e92-768x537.jpg 768w, https:\/\/lemotdujour.fr\/wp-content\/uploads\/2020\/10\/Gis\u00e8le-Halimi-dans-la-maturit\u00e92-1536x1074.jpg 1536w, https:\/\/lemotdujour.fr\/wp-content\/uploads\/2020\/10\/Gis\u00e8le-Halimi-dans-la-maturit\u00e92-2048x1432.jpg 2048w\" sizes=\"auto, (max-width: 374px) 100vw, 374px\" \/>Et quelle avocate\u00a0!<br \/>\n<\/span><\/p>\n<p><span style=\"color: #777777; font-family: Arial;\">Mais dans l&rsquo;interview d&rsquo;Annick Cojean, elle revient sur les racines de sa col\u00e8re, de sa soif de justice dans ce qu&rsquo;elle a v\u00e9cu et compris dans sa jeunesse\u00a0:<br \/>\n<\/span><\/p>\n<p style=\"margin-left: 28pt;\"><span style=\"color: #c00000; font-family: Arial;\">\u00ab\u00a0 Ma grand-m\u00e8re, ma m\u00e8re et moi avons v\u00e9cu comme \u00e7a ; alors toi aussi ! \u00bb, me disait ma m\u00e8re, Fritna, faisant du mariage et de la suj\u00e9tion \u00e0 un homme mon horizon ultime. Cela impliquait de me mettre au service des hommes de la famille, de servir mes fr\u00e8res \u00e0 table et de faire leur lit, le m\u00e9nage et la vaisselle. Je trouvais cela stup\u00e9fiant. Pourquoi ? Au nom de quoi ? Avant m\u00eame la r\u00e9volte, je ressentais une immense perplexit\u00e9. Pourquoi cette diff\u00e9rence ? Elle n&rsquo;avait selon moi aucun fondement ni aucun sens. [\u2026] Tout \u00e9tait d\u00e9j\u00e0 l\u00e0. Et ce r\u00e9cit, entendu d\u00e8s mon plus jeune \u00e2ge, m&rsquo;a tout de suite fait comprendre la mal\u00e9diction d&rsquo;\u00eatre n\u00e9e femme. C&rsquo;est l&rsquo;histoire de mon p\u00e8re Edouard, si constern\u00e9 en apprenant que sa femme avait mis au monde une petite fille, qu&rsquo;il a ni\u00e9 ma naissance pendant pr\u00e8s de trois semaines ! Aux amis qui venaient aux nouvelles, il affirmait : \u00ab Non, Fritna n&rsquo;a pas encore accouch\u00e9. Bient\u00f4t, bient\u00f4t\u2026 \u00bb Il a fini par s&rsquo;habituer \u00e0 l&rsquo;id\u00e9e de la catastrophe \u2013 apr\u00e8s tout, l&rsquo;honneur \u00e9tait sauf, il avait d\u00e9j\u00e0 un fils a\u00een\u00e9 \u2013, et nous nous sommes beaucoup aim\u00e9s. Mais tout, dans mon enfance, \u00e9tait fait pour me rappeler que je n&rsquo;\u00e9tais qu&rsquo;une femme, un \u00eatre \u00e9minemment inf\u00e9rieur.\u00a0[\u2026] \u00ab C&rsquo;est pas juste !, disais-je constamment. C&rsquo;est pas juste ! \u00bb Mon p\u00e8re s&rsquo;\u00e9nervait : \u00ab Tu n&rsquo;as que ce mot-l\u00e0 \u00e0 la bouche ! \u00bb C&rsquo;est vrai. Je l&rsquo;ai eu toute ma vie. Et il est ind\u00e9niable que mon f\u00e9minisme et mon besoin de corriger les injustices sont ancr\u00e9s dans cette r\u00e9volte initiale.\u00a0\u00bb<br \/>\n<\/span><\/p>\n<p><span style=\"color: #777777; font-family: Arial;\">Dans la jeunesse de Gis\u00e8le, le combat f\u00e9ministe premier \u00e9tait contre les m\u00e8res. D&rsquo;ailleurs elle aimait profond\u00e9ment son p\u00e8re, avec sa m\u00e8re c&rsquo;\u00e9tait beaucoup plus compliqu\u00e9\u00a0:<br \/>\n<\/span><\/p>\n<p style=\"margin-left: 28pt;\"><span style=\"color: #c00000; font-family: Arial;\">\u00ab\u00a0 Elle me pensait anormale. Quelque chose ne tournait pas rond chez sa fille pour qu&rsquo;elle refuse ainsi sa condition de fille. Elle-m\u00eame avait \u00e9t\u00e9 mari\u00e9e \u00e0 16 ans, selon la norme en Tunisie, avait ensuite enfant\u00e9 tous les deux ans, et entendait bien que je poursuive la tradition. Le jour o\u00f9 j&rsquo;ai eu mes r\u00e8gles, elle m&rsquo;a d&rsquo;ailleurs pr\u00e9venue : \u00ab Maintenant, c&rsquo;est fini !<br \/>\n<\/span><span style=\"color: #c00000; font-family: Arial;\">\u2013 Qu&rsquo;est-ce qui est fini ?<br \/>\n<\/span><span style=\"color: #c00000; font-family: Arial;\">\u2013 Tu ne joues plus du tout avec les gar\u00e7ons. \u00bb<br \/>\n<\/span><\/p>\n<p style=\"margin-left: 28pt;\"><span style=\"color: #c00000; font-family: Arial;\">J&rsquo;\u00e9tais sid\u00e9r\u00e9e. Moi qui jouais au foot avec eux, courais pieds nus dans les rues, nageais \u00e0 perte de souffle avec une bande de copains, j&rsquo;aurais d\u00fb tout arr\u00eater ? \u00ab Mais pourquoi ?<br \/>\n<\/span><span style=\"color: #c00000; font-family: Arial;\">\u2013 C&rsquo;est comme \u00e7a ! \u00bb<br \/>\n<\/span><\/p>\n<p style=\"margin-left: 28pt;\"><span style=\"color: #c00000; font-family: Arial;\">L\u00e0 encore, quelle injustice ! De quoi \u00e9tais-je coupable ? Quand j&rsquo;avais 16 ans, elle a tent\u00e9 de me marier \u00e0 un riche marchand d&rsquo;huile de 35 ans. \u00ab Il a trois voitures ! \u00bb, r\u00e9p\u00e9tait-elle, tel l&rsquo;Harpagon de L&rsquo;Avare r\u00e9p\u00e9tant \u00ab sans dot ! \u00bb.\u00a0\u00bb<br \/>\n<\/span><\/p>\n<p><span style=\"color: #777777; font-family: Arial;\">Son premier combat fut pourtant celui de la d\u00e9colonisation et de la r\u00e9sistance. Elle deviendra l&rsquo;amie d&rsquo;Habib Bourguiba dont elle dit\u00a0:<br \/>\n<\/span><\/p>\n<p style=\"margin-left: 28pt;\"><span style=\"color: #c00000; font-family: Arial;\">\u00ab\u00a0Voil\u00e0 un visionnaire qui avait compris que l&rsquo;inclusion des femmes \u00e9tait gage de progr\u00e8s.\u00a0\u00bb<br \/>\n<\/span><\/p>\n<p><span style=\"color: #777777; font-family: Arial;\">Puis sa mission d&rsquo;avocat aupr\u00e8s des militants de la cause alg\u00e9rienne l&rsquo;a conduit aussi \u00e0 demander la gr\u00e2ce de ses clients aupr\u00e8s du Pr\u00e9sident de la R\u00e9publique, d&rsquo;abord Ren\u00e9 Coty, puis le G\u00e9n\u00e9ral de Gaulle. Et c&rsquo;est lors d&rsquo;une telle d\u00e9marche qu&rsquo;a eu lieu cet \u00e9change c\u00e9l\u00e8bre\u00a0:<br \/>\n<\/span><\/p>\n<p style=\"margin-left: 28pt;\"><img loading=\"lazy\" decoding=\"async\" class=\"alignleft\" src=\"https:\/\/lemotdujour.fr\/wp-content\/uploads\/2020\/10\/100520_2208_Mardi6octob4.jpg\" alt=\"\" width=\"380\" height=\"253\" align=\"left\" \/><span style=\"color: #c00000; font-family: Arial;\"> \u00ab\u00a0Le 12 mai 1959, \u00e0 la suite du grand proc\u00e8s d&rsquo;El Halia en Alg\u00e9rie [en ao\u00fbt 1955, des insurg\u00e9s alg\u00e9riens tu\u00e8rent une trentaine d&rsquo;Europ\u00e9ens dans le village d&rsquo;El Halia]. Et croyez-moi, c&rsquo;\u00e9tait autre chose ! Quand il m&rsquo;est apparu, il m&rsquo;a sembl\u00e9 gigantesque. Il m&rsquo;a tendu la main en me toisant. Et, de sa voix rocailleuse, il a lanc\u00e9 : \u00ab Bonjour madame \u00bb Il a marqu\u00e9 un temps. \u00ab Madame\u2026 ou mademoiselle ? \u00bb Je n&rsquo;ai pas aim\u00e9. Mais alors pas du tout ! Ma vie personnelle ne le regardait pas. J&rsquo;ai r\u00e9pondu en le regardant bien droit : \u00ab Appelez-moi ma\u00eetre, monsieur le Pr\u00e9sident ! \u00bb Il a senti que j&rsquo;\u00e9tais froiss\u00e9e et il a accentu\u00e9 sa courtoisie : \u00ab Veuillez entrer, je vous prie, ma\u00eetre. Asseyez-vous je vous prie, ma\u00eetre. Je vous \u00e9coute, ma\u00eetre. \u00bb<br \/>\n<\/span><\/p>\n<p><span style=\"color: #777777; font-family: Arial;\">Elle raconte que De Gaulle connaissait parfaitement le dossier. Il accorda la gr\u00e2ce.<br \/>\n<\/span><\/p>\n<p><span style=\"color: #777777; font-family: Arial;\">Son combat pour l&rsquo;ind\u00e9pendance de l&rsquo;Alg\u00e9rie fut encore une magnifique manifestation de courage\u00a0:<br \/>\n<\/span><\/p>\n<p style=\"margin-left: 28pt;\"><span style=\"color: #c00000; font-family: Arial;\">\u00ab\u00a0Oui, et j&rsquo;\u00e9tais assur\u00e9ment consid\u00e9r\u00e9e comme une \u00ab tra\u00eetresse \u00e0 la France \u00bb par les militaires et tenants de l&rsquo;Alg\u00e9rie fran\u00e7aise. Il y avait des crachats, des hu\u00e9es, des insultes et des coups \u00e0 l&rsquo;arriv\u00e9e au tribunal. Des coups de fil nocturnes \u2013 \u00ab tu ferais mieux de t&rsquo;occuper de tes gosses, salope ! \u00bb, des menaces de plastiquage de mon appartement et des petits cercueils envoy\u00e9s par la poste. Je n&rsquo;y ai longtemps vu que gesticulations et tentatives d&rsquo;intimidation, jusqu&rsquo;\u00e0 l&rsquo;assassinat, \u00e0 Alger, de deux confr\u00e8res tr\u00e8s proches, puis la r\u00e9ception, en 1961, d&rsquo;un papier \u00e0 en-t\u00eate de l&rsquo;OAS [Organisation de l&rsquo;arm\u00e9e secr\u00e8te, pour le maintien de la France en Alg\u00e9rie] qui annon\u00e7ait ma condamnation \u00e0 mort en donnant ordre \u00e0 chaque militant de m&rsquo;abattre \u00ab imm\u00e9diatement \u00bb et \u00ab en tous lieux \u00bb. Je n&rsquo;ai jamais eu peur. Sauf une nuit, au centre de torture du Casino de la Corniche, \u00e0 Alger, o\u00f9 l&rsquo;on m&rsquo;avait jet\u00e9e et o\u00f9 j&rsquo;ai pens\u00e9 avec culpabilit\u00e9 \u00e0 mes fils de 3 et 6 ans, m&rsquo;attendant \u00e0 \u00eatre ex\u00e9cut\u00e9e.\u00a0\u00bb<br \/>\n<\/span><\/p>\n<p><span style=\"color: #777777; font-family: Arial;\">Et puis il y eut les combats f\u00e9ministes pour d\u00e9fendre \u00abDjamila Boupacha \u00bb jeune militante du FLN qui avait avort\u00e9 apr\u00e8s avoir \u00e9t\u00e9 viol\u00e9e et tortur\u00e9e par les militaires fran\u00e7ais.<br \/>\n<\/span><\/p>\n<p><span style=\"color: #777777; font-family: Arial;\">Et puis le c\u00e9l\u00e8bre proc\u00e8s de Bobigny dans lequel .Marie-Claire Chevalier, 17 ans, \u00e9tait aussi poursuivie pour avoir avort\u00e9 apr\u00e8s un viol.<br \/>\n<\/span><\/p>\n<p><span style=\"color: #777777; font-family: Arial;\">Richard Berry avait fait un spectacle qu&rsquo;il a appel\u00e9 \u00ab\u00a0<strong>Plaidoiries<\/strong>\u00a0\u00bb et dans lequel il mettait en sc\u00e8ne 5 plaidoiries d&rsquo;avocat dont celui de Ma\u00eetre Halimi dans ce proc\u00e8s de Bobigny.<strong><br \/>\n<\/strong><\/span><\/p>\n<p><span style=\"color: #777777; font-family: Arial;\">Richard Berry dit<strong>\u00a0: <\/strong>\u00ab\u00a0<a href=\"https:\/\/www.europe1.fr\/culture\/richard-berry-grace-a-sa-plaidoirie-gisele-halimi-a-change-la-vie-des-femmes-3990294\"><strong><span style=\"color: #0000ff;\">Gr\u00e2ce \u00e0 sa plaidoirie, Gis\u00e8le Halimi a chang\u00e9 la vie des femmes\u00a0<\/span><\/strong><\/a><span style=\"color: #0000ff;\">\u00bb<\/span> et ajoute\u00a0:<br \/>\n<\/span><\/p>\n<p style=\"margin-left: 28pt;\"><span style=\"color: #c00000; font-family: Arial;\">\u00ab\u00a0Cette plaidoirie a une dimension particuli\u00e8re, d&rsquo;abord parce qu&rsquo;elle a eu une effet absolument extraordinaire sur la loi et sur la soci\u00e9t\u00e9\u00a0\u00bb, [\u2026] Je suis port\u00e9 par ce texte, peut-\u00eatre parce que j&rsquo;ai trois filles et que je me sens donc concern\u00e9 par cette forme d&rsquo;oppression que les femmes ont subi, et que sans Gis\u00e8le Halimi elles continueraient peut-\u00eatre de subir\u00a0\u00bb, proph\u00e9tise Richard Berry. \u00ab\u00a0Sans Gis\u00e8le Halimi, Simone Veil n&rsquo;aurait peut-\u00eatre pas fait passer sa loi, et ne serait peut-\u00eatre pas enterr\u00e9e au Panth\u00e9on.\u00a0\u00bb<br \/>\n<\/span><\/p>\n<p><span style=\"color: #777777; font-family: Arial;\">Et en 1971, elle est la seule avocate qui signe le manifeste des 343 femmes proclamant avoir avort\u00e9 a lanc\u00e9 un sacr\u00e9 pav\u00e9 dans la mare. Simone de Beauvoir, Fran\u00e7oise Sagan, Catherine Deneuve, Delphine Seyrig\u2026<br \/>\n<\/span><\/p>\n<p><span style=\"color: #777777; font-family: Arial;\">Elle explique\u00a0:<br \/>\n<\/span><\/p>\n<p style=\"margin-left: 28pt;\"><span style=\"color: #c00000; font-family: Arial;\">\u00ab\u00a0Et moi ! J&rsquo;avais tenu \u00e0 le signer malgr\u00e9 ma profession d&rsquo;avocate et le bl\u00e2me probable qui en r\u00e9sulterait. Car j&rsquo;avais moi aussi, \u00e0 19 ans, connu la plus profonde d\u00e9tresse apr\u00e8s un avortement r\u00e9alis\u00e9 par un jeune m\u00e9decin sadique, un monstre, qui avait fait un curetage \u00e0 vif en disant : \u00ab Comme \u00e7a, tu ne recommenceras pas. \u00bb J&rsquo;ai beaucoup pleur\u00e9 cette nuit-l\u00e0, avec le sentiment qu&rsquo;on m&rsquo;avait tortur\u00e9e pour sanctionner ma libert\u00e9 de femme et me rappeler que je d\u00e9pendais des hommes. Mais je ne regrettais pas. La biologie m&rsquo;avait tendu un pi\u00e8ge. Je l&rsquo;avais d\u00e9jou\u00e9. Je voulais vivre en harmonie avec mon corps, pas sous son diktat.\u00a0\u00bb<br \/>\n<\/span><\/p>\n<p><img loading=\"lazy\" decoding=\"async\" class=\"alignleft\" src=\"https:\/\/lemotdujour.fr\/wp-content\/uploads\/2020\/10\/100520_2208_Mardi6octob5.jpg\" alt=\"\" width=\"312\" height=\"477\" align=\"left\" \/><span style=\"color: #777777; font-family: Arial;\">Elle revient aussi sur sa relation avec Simone Veil\u00a0:<br \/>\n<\/span><\/p>\n<p style=\"margin-left: 28pt;\"><span style=\"color: #c00000; font-family: Arial;\">\u00ab\u00a0On s&rsquo;aimait beaucoup. J&rsquo;ai longuement travaill\u00e9 avec elle et j&rsquo;ai vu grandir son f\u00e9minisme. Elle m&rsquo;invitait \u00e0 d\u00e9jeuner chez elle et n&rsquo;h\u00e9sitait pas \u00e0 chasser son mari pour qu&rsquo;on puisse papoter tranquillement : \u00ab Antoine, tu nous g\u00eanes ! \u00bb Ou bien elle m&#8217;emmenait en vir\u00e9e dans sa voiture avec chauffeur \u00e0 la recherche d&rsquo;un bistrot, moche et bien planqu\u00e9, o\u00f9 elle pourrait fumer sans \u00eatre reconnue\u2026 car elle \u00e9tait alors ministre de la sant\u00e9. On buvait un verre de vin et on s&rsquo;amusait en passant en revue le gouvernement ou en \u00e9voquant nos maris et nos fils.\u00a0\u00bb<br \/>\n<\/span><\/p>\n<p><span style=\"color: #777777; font-family: Arial;\">Et elle finit cet entretien par cet appel\u00a0:<br \/>\n<\/span><\/p>\n<p style=\"margin-left: 28pt;\"><span style=\"color: #c00000; font-family: Arial;\">\u00ab\u00a0Je suis encore surprise que les injustices faites aux femmes ne suscitent pas une r\u00e9volte g\u00e9n\u00e9rale. [\u2026]<br \/>\n<\/span><\/p>\n<p style=\"margin-left: 28pt;\"><span style=\"color: #c00000; font-family: Arial;\">[Il faut] La sororit\u00e9 ! Depuis toujours ! La solidarit\u00e9 ! Quand les femmes comprendront-elles que leur union leur donnerait une force fabuleuse ? D\u00e9sunies, elles sont vuln\u00e9rables. Mais, ensemble, elles repr\u00e9sentent une force de cr\u00e9ation extraordinaire. Une force capable de chambouler le monde, sa culture, son organisation, en le rendant plus harmonieux. Les femmes sont folles de ne pas se faire confiance, et les hommes sont fous de se priver de leur apport. J&rsquo;attends toujours la grande r\u00e9volution des mentalit\u00e9s. <strong>Et je dis aux femmes trois choses : votre ind\u00e9pendance \u00e9conomique est la cl\u00e9 de votre lib\u00e9ration. Ne laissez rien passer dans les gestes, le langage, les situations, qui attentent \u00e0 votre dignit\u00e9. Ne vous r\u00e9signez jamais !\u00a0\u00bb<br \/>\n<\/strong><\/span><\/p>\n<p><span style=\"color: #777777; font-family: Arial;\">Elle gagnera aussi le combat pour criminaliser le viol, il faut la regarder d\u00e9fendre calmement et avec autorit\u00e9 ses arguments\u00a0: &lt; <a href=\"https:\/\/www.youtube.com\/watch?v=VYcSno4aVhk\"><span style=\"color: #0000ff;\">en 1977, le combat de Gis\u00e8le Halimi pour criminaliser le viol<\/span><\/a><span style=\"color: #0000ff;\">&gt;<\/span><br \/>\n<\/span><\/p>\n<p><span style=\"color: #777777; font-family: Arial;\">Ce fut une tr\u00e8s grande Dame, un bel \u00eatre humain.<br \/>\n<\/span><\/p>\n<p><span style=\"color: #777777; font-family: Arial;\">Je pense, comme d&rsquo;autres, que sa place est au Panth\u00e9on.<br \/>\n<\/span><\/p>\n<p><span style=\"color: #777777; font-family: Arial;\">Car quand on fait le r\u00e9cit national, il est important de savoir ce que l&rsquo;on met en avant, quels sont celles et ceux qui ont men\u00e9 les combats qui honorent toute l&rsquo;humanit\u00e9.<br \/>\n<\/span><\/p>\n<p><span style=\"color: #777777; font-family: Arial;\">Gis\u00e8le Halimi a men\u00e9 ces combats-l\u00e0 et c&rsquo;est pourquoi notre R\u00e9cit national serait plus humaniste s&rsquo;il lui faisait toute la place qu&rsquo;elle m\u00e9rite.<\/span><\/p>\n<p><span style=\"color: #777777; font-family: Arial;\"><span style=\"color: #800000;\">&lt;1468&gt;<\/span><br \/>\n<\/span><\/p>\n","protected":false},"excerpt":{"rendered":"<p>\u00ab Et je dis aux femmes trois choses : votre ind\u00e9pendance \u00e9conomique est la cl\u00e9 de votre lib\u00e9ration. Ne laissez rien passer dans les gestes, le langage, les situations, qui attentent \u00e0 votre dignit\u00e9. Ne vous r\u00e9signez jamais !\u00bb Gis\u00e8le<\/p>\n","protected":false},"author":1,"featured_media":0,"comment_status":"open","ping_status":"closed","sticky":false,"template":"","format":"standard","meta":{"footnotes":""},"categories":[1],"tags":[16,36,15,29],"class_list":["post-9722","post","type-post","status-publish","format-standard","hentry","category-motdujour","tag-droit","tag-feminisme","tag-france","tag-hommage"],"_links":{"self":[{"href":"https:\/\/lemotdujour.fr\/index.php?rest_route=\/wp\/v2\/posts\/9722","targetHints":{"allow":["GET"]}}],"collection":[{"href":"https:\/\/lemotdujour.fr\/index.php?rest_route=\/wp\/v2\/posts"}],"about":[{"href":"https:\/\/lemotdujour.fr\/index.php?rest_route=\/wp\/v2\/types\/post"}],"author":[{"embeddable":true,"href":"https:\/\/lemotdujour.fr\/index.php?rest_route=\/wp\/v2\/users\/1"}],"replies":[{"embeddable":true,"href":"https:\/\/lemotdujour.fr\/index.php?rest_route=%2Fwp%2Fv2%2Fcomments&post=9722"}],"version-history":[{"count":8,"href":"https:\/\/lemotdujour.fr\/index.php?rest_route=\/wp\/v2\/posts\/9722\/revisions"}],"predecessor-version":[{"id":9786,"href":"https:\/\/lemotdujour.fr\/index.php?rest_route=\/wp\/v2\/posts\/9722\/revisions\/9786"}],"wp:attachment":[{"href":"https:\/\/lemotdujour.fr\/index.php?rest_route=%2Fwp%2Fv2%2Fmedia&parent=9722"}],"wp:term":[{"taxonomy":"category","embeddable":true,"href":"https:\/\/lemotdujour.fr\/index.php?rest_route=%2Fwp%2Fv2%2Fcategories&post=9722"},{"taxonomy":"post_tag","embeddable":true,"href":"https:\/\/lemotdujour.fr\/index.php?rest_route=%2Fwp%2Fv2%2Ftags&post=9722"}],"curies":[{"name":"wp","href":"https:\/\/api.w.org\/{rel}","templated":true}]}}