{"id":972,"date":"2015-01-21T01:00:00","date_gmt":"2015-01-20T22:00:00","guid":{"rendered":"http:\/\/lemotdujour.fr\/?p=972"},"modified":"2023-10-21T20:46:57","modified_gmt":"2023-10-21T18:46:57","slug":"mercredi-21-janvier-2015","status":"publish","type":"post","link":"https:\/\/lemotdujour.fr\/?p=972","title":{"rendered":"Mercredi 21 Janvier 2015"},"content":{"rendered":"<div class=\"mdjTexte\">\u00abLa maison des Saoud\u00bb<\/div>\n<div class=\"mdjAuteur\">Film de Jihan El Tahri<\/div>\n<p><span style=\"color: #777777; font-family: Arial;\">Si on veut d\u00e9passer les \u00e9motions et les propos simpliste, il faut tenter de comprendre.<br \/>\n<\/span><\/p>\n<p><span style=\"color: #777777; font-family: Arial;\">Pour tenter de comprendre la complexit\u00e9 du Monde il faut s&rsquo;en donner les moyens.<br \/>\n<\/span><\/p>\n<p><span style=\"color: #777777; font-family: Arial;\">Si on se contente de regarder TF1 et consorts, ce n&rsquo;est pas gagn\u00e9.<br \/>\n<\/span><\/p>\n<p><span style=\"color: #777777; font-family: Arial;\">Sur Internet il y a de tout : des sites conspirationnistes, des informations erron\u00e9es mais aussi de vrais tr\u00e9sors d&rsquo;intelligence et de science.<br \/>\n<\/span><\/p>\n<p><span style=\"color: #777777; font-family: Arial;\">Tel est le cas du documentaire <strong>\u00ab\u00a0La Maison des Saoud\u00a0\u00bb<\/strong> de <strong>Jihan El Tahri.<\/strong><br \/>\n<\/span><\/p>\n<p><img loading=\"lazy\" decoding=\"async\" class=\"alignleft\" src=\"https:\/\/lemotdujour.fr\/wp-content\/uploads\/2021\/07\/072021_2108_Lundixxjuin1.jpg\" alt=\"\" width=\"320\" height=\"213\" align=\"left\" \/><a href=\"http:\/\/www.rawmaterialcompany.org\/_1487\"><span style=\"font-family: Arial;\"><span style=\"color: #0000ff;\">Jihan El Tahri<\/span><\/span><\/a><span style=\"color: #777777; font-family: Arial;\">\u00a0est une journaliste franco-\u00e9gyptienne qui a fait ce film en 2005 apr\u00e8s les attentats du 11 septembre.<br \/>\n<\/span><\/p>\n<p><span style=\"color: #777777; font-family: Arial;\">En effet, si on veut comprendre d&rsquo;o\u00f9 viennent les djihadistes, il faut revenir \u00e0 leur source religieuse des salafistes et des wahhabites.<br \/>\n<\/span><\/p>\n<p><span style=\"color: #777777; font-family: Arial;\">Ils ont \u00e9t\u00e9 financ\u00e9s et soutenus par l&rsquo;Arabie Saoudite qui voulait imposer sa vision de l&rsquo;Islam partout dans le monde.<br \/>\n<\/span><\/p>\n<p><span style=\"color: #777777; font-family: Arial;\">Comme souvent, ces cr\u00e9atures ont \u00e9chapp\u00e9 en partie \u00e0 l&rsquo;Arabie Saoudite qui n&rsquo;aime pas cette publicit\u00e9 ainsi que le manque de distinction et de diplomatie de ces mouvements extr\u00e9mistes.<br \/>\n<\/span><\/p>\n<p><span style=\"color: #777777; font-family: Arial;\">Ces mouvements qui en outre risquent m\u00eame de vouloir remettre en cause le pouvoir de la famille Saoud.<br \/>\n<\/span><\/p>\n<p><span style=\"color: #777777; font-family: Arial;\">Evidemment pour appr\u00e9hender ce documentaire, il faut y consacrer un peu de temps, il dure 1 h 43, mais on y apprend \u00e9norm\u00e9ment de choses.<br \/>\n<\/span><\/p>\n<p><span style=\"color: #777777; font-family: Arial;\">En synth\u00e8se j&rsquo;ai retenu les choses suivantes :<br \/>\n<\/span><\/p>\n<p><span style=\"color: #777777; font-family: Arial;\">1\u00b0 D&rsquo;abord il est \u00e9tonnant que ce pays des lieux sacr\u00e9s de La Mecque et de M\u00e9dine et qui professe une soumission totale \u00e0 Dieu, soit le seul pays du monde dont le nom int\u00e8gre la r\u00e9f\u00e9rence \u00e0 la famille r\u00e9gnante terrestre \u00ab\u00a0Les Saoud\u00a0\u00bb.<br \/>\n<\/span><\/p>\n<p><span style=\"color: #777777; font-family: Arial;\">A cela une explication est donn\u00e9e, \u00e0 l&rsquo;int\u00e9rieur de l&#8217;empire Ottoman et au milieu de tribus rivales, c&rsquo;est l&rsquo;alliance entre des religieux, \u00ab\u00a0<strong>les oul\u00e9mas<\/strong>\u00a0\u00bb issus de la secte des <strong>Wahhabites<\/strong> (de\u00a0 <strong>Ibn Abdelwahhab<\/strong> nom du pr\u00e9dicateur qui a cr\u00e9\u00e9 cette secte fondamentaliste qui veut revenir au texte initial du Coran sans le faire \u00e9voluer) et d&rsquo;un chef de guerre de la famille des Saoud qui ont permis \u00e0 l&rsquo;Arabie Saoudite de na\u00eetre et de devenir ce pays \u00e0 la fois florissant \u00e0 cause du p\u00e9trole mais aussi archa\u00efque et totalitaire.<br \/>\n<\/span><\/p>\n<p><span style=\"color: #777777; font-family: Arial;\">D\u00e8s lors, la famille Saoud ne saurait, sans danger pour son pouvoir politique et \u00e9conomique, remettre en cause la stricte application de la charia voulue par ces religieux.<br \/>\n<\/span><\/p>\n<p><span style=\"color: #777777; font-family: Arial;\">Les wahhabites sont tr\u00e8s proches des <strong>salafistes <\/strong>qui s&rsquo;inspirent aussi de Ibn Abdelwahhab\u00a0 (nom issu de salaf les anc\u00eatres, c&rsquo;est \u00e0 dire les premiers compagnons de leur proph\u00e8te et qui pr\u00f4nent de la m\u00eame mani\u00e8re un retour absolu vers l&rsquo;islam des premiers temps).<br \/>\n<\/span><\/p>\n<p><span style=\"color: #777777; font-family: Arial;\">Distinguer les deux n&rsquo;est pas ais\u00e9, sauf sur un point : les salafistes souhaitent un retour du califat, c&rsquo;est \u00e0 dire une autorit\u00e9 religieuse unique qui exerce le pouvoir religieux mais aussi politique sur la communaut\u00e9 des croyants : l&rsquo;oumma. Vous comprendrez que la naissance particuli\u00e8re de l&rsquo;Arabie Saoudite implique, pour les wahhabites, une s\u00e9paration entre le chef politique et les docteurs de la loi religieuse.<br \/>\n<\/span><\/p>\n<p><span style=\"color: #777777; font-family: Arial;\">2\u00b0 Ce documentaire montre aussi les relations tr\u00e8s fortes qu&rsquo;il y a eu entre les Etats Unis et ce pays qui repose sur le contrat suivant : L&rsquo;Arabie approvisionne les Etats Unis de P\u00e9trole bon march\u00e9 et en quantit\u00e9 importante, en retour les religieux et le roi font ce qui leur plait dans leur pays avec la protection ext\u00e9rieure de l&rsquo;arm\u00e9e am\u00e9ricaine.<br \/>\n<\/span><\/p>\n<p><span style=\"color: #777777; font-family: Arial;\">Un accord qui permettra aux quatre plus grandes compagnies p\u00e9troli\u00e8res am\u00e9ricaines regroup\u00e9es sous le nom d&rsquo;<strong>Aramco<\/strong> de s&rsquo;installer d\u00e8s les ann\u00e9es 30 au c\u0153ur du royaume. Evidemment les choses sont plus compliqu\u00e9es depuis les attentats du 11 septembre qui ont \u00e9t\u00e9 r\u00e9alis\u00e9s par des ressortissants de ce pays.<br \/>\n<\/span><\/p>\n<p><span style=\"color: #777777; font-family: Arial;\">3\u00b0 Les Etats-Unis ont tromp\u00e9 l&rsquo;Arabie Saoudite sur la cr\u00e9ation de l&rsquo;Etat d&rsquo;Isra\u00ebl.<br \/>\n<\/span><\/p>\n<p><span style=\"color: #777777; font-family: Arial;\">Le 14 f\u00e9vrier 1945, le pr\u00e9sident Roosevelt et Ibn Saoud se r\u00e9unirent \u00e0 bord du croiseur <strong>Quincy,<\/strong> \u00e0 cette occasion le Pacte de Quincy fut sign\u00e9.<br \/>\n<\/span><\/p>\n<p><span style=\"color: #777777; font-family: Arial;\">Ce pacte portait sur l&rsquo;accord expliqu\u00e9 ci-avant. Mais lorsque Roosevelt tenta d&rsquo;obtenir l&rsquo;appui du roi pour la cr\u00e9ation d&rsquo;un foyer national juif en Palestine, Ibn Saoud r\u00e9pondit que ce que Hitler avait fait aux juifs \u00e9taient abominable mais posait cette question :<br \/>\n<\/span><\/p>\n<p style=\"margin-left: 28pt;\"><span style=\"color: #c00000; font-family: Arial;\">\u00ab\u00a0 pourquoi prendre de la terre arabe pour la donner aux juifs ? Si vous voulez faire quelque chose pour les juifs, pourquoi ne pas leur donner une partie de l&rsquo;Allemagne ?\u00a0\u00bb<br \/>\n<\/span><\/p>\n<p><span style=\"color: #777777; font-family: Arial;\">Sur ce, Roosevelt promis de ne pas aller contre l&rsquo;avis de l&rsquo;Arabie Saoudite. Mais son successeur, Truman ne tint aucun compte de cet accord et votera pour la cr\u00e9ation de l&rsquo;Etat d&rsquo;Isra\u00ebl. Ce qui sera v\u00e9cu comme une trahison par les saoudiens.<br \/>\n<\/span><\/p>\n<p><span style=\"color: #777777; font-family: Arial;\">Pour le reste je vous engage \u00e0 regarder ce documentaire, lorsque vous aurez du temps de cerveau disponible pour l&rsquo;Histoire (1) : <a href=\"https:\/\/www.youtube.com\/watch?v=d1gQ1swBgPc\"><span style=\"color: blue; font-family: Arial; text-decoration: underline;\">&lt;Maison des Saoud&gt;<\/span><\/a><\/span><\/p>\n<p><a href=\"https:\/\/plus.lapresse.ca\/screens\/df461ff0-8b88-4acd-9d5e-af420e0d9656%7C_0.html\"><span style=\"color: blue; font-family: Arial; text-decoration: underline;\">&lt;Et ici pour le fun vous verrez que certains Oul\u00e9mas d&rsquo;Arabie Saoudite interdisent m\u00eame de construire des bonshommes de neige&gt;<\/span><\/a><\/p>\n<p><span style=\"color: #0070c0; font-family: Arial;\"><span style=\"color: #339966;\">(1) je ne me lasse jamais de faire r\u00e9f\u00e9rence \u00e0 ce magnifique aveu de Patrick Le Lay, ancien PDG de TF1 qui avait expliqu\u00e9 que le r\u00f4le des \u00e9missions de TF1 \u00e9tait de conserver du temps de cerveau disponible pour que par la publicit\u00e9 Coca Cola puisse vendre ses produits.<\/span><br \/>\n<\/span><\/p>\n<p><span style=\"color: #c00000; font-family: Arial;\">&lt;423&gt;<\/span><\/p>\n","protected":false},"excerpt":{"rendered":"<p>\u00abLa maison des Saoud\u00bb Film de Jihan El Tahri Si on veut d\u00e9passer les \u00e9motions et les propos simpliste, il faut tenter de comprendre. Pour tenter de comprendre la complexit\u00e9 du Monde il faut s&rsquo;en donner les moyens. Si on<\/p>\n","protected":false},"author":1,"featured_media":0,"comment_status":"closed","ping_status":"closed","sticky":false,"template":"","format":"standard","meta":{"footnotes":""},"categories":[1],"tags":[204,109,86],"class_list":["post-972","post","type-post","status-publish","format-standard","hentry","category-motdujour","tag-arabie","tag-geopolitique","tag-islam"],"_links":{"self":[{"href":"https:\/\/lemotdujour.fr\/index.php?rest_route=\/wp\/v2\/posts\/972","targetHints":{"allow":["GET"]}}],"collection":[{"href":"https:\/\/lemotdujour.fr\/index.php?rest_route=\/wp\/v2\/posts"}],"about":[{"href":"https:\/\/lemotdujour.fr\/index.php?rest_route=\/wp\/v2\/types\/post"}],"author":[{"embeddable":true,"href":"https:\/\/lemotdujour.fr\/index.php?rest_route=\/wp\/v2\/users\/1"}],"replies":[{"embeddable":true,"href":"https:\/\/lemotdujour.fr\/index.php?rest_route=%2Fwp%2Fv2%2Fcomments&post=972"}],"version-history":[{"count":8,"href":"https:\/\/lemotdujour.fr\/index.php?rest_route=\/wp\/v2\/posts\/972\/revisions"}],"predecessor-version":[{"id":15007,"href":"https:\/\/lemotdujour.fr\/index.php?rest_route=\/wp\/v2\/posts\/972\/revisions\/15007"}],"wp:attachment":[{"href":"https:\/\/lemotdujour.fr\/index.php?rest_route=%2Fwp%2Fv2%2Fmedia&parent=972"}],"wp:term":[{"taxonomy":"category","embeddable":true,"href":"https:\/\/lemotdujour.fr\/index.php?rest_route=%2Fwp%2Fv2%2Fcategories&post=972"},{"taxonomy":"post_tag","embeddable":true,"href":"https:\/\/lemotdujour.fr\/index.php?rest_route=%2Fwp%2Fv2%2Ftags&post=972"}],"curies":[{"name":"wp","href":"https:\/\/api.w.org\/{rel}","templated":true}]}}