{"id":9702,"date":"2020-10-02T00:07:00","date_gmt":"2020-10-01T22:07:00","guid":{"rendered":"http:\/\/lemotdujour.fr\/?p=9702"},"modified":"2020-10-10T21:02:24","modified_gmt":"2020-10-10T19:02:24","slug":"vendredi-2-octobre-2020","status":"publish","type":"post","link":"https:\/\/lemotdujour.fr\/?p=9702","title":{"rendered":"Vendredi 2 octobre 2020"},"content":{"rendered":"<div class=\"mdjTexte\">\u00ab L&rsquo;ann\u00e9e 1828 fut l&rsquo;ann\u00e9e la plus f\u00e9conde de toute l&rsquo;histoire de la musique parce que c&rsquo;est la derni\u00e8re de la vie de Schubert, pendant laquelle il a \u00e9crit tant de chefs d&rsquo;\u0153uvre.\u00bb<\/div>\n<div class=\"mdjAuteur\">Benjamin Britten<\/div>\n<p><span style=\"color: #777777; font-family: Arial;\">C&rsquo;est au c\u0153ur de la p\u00e9riode de confinement, comme je l&rsquo;explique sur la page qui pr\u00e9sente la s\u00e9rie de mots du jour, consacr\u00e9s aux \u0153uvres de l&rsquo;ann\u00e9e de 1828 de Schubert, que j&rsquo;ai eu cet \u00e9lan pour essayer d&rsquo;interroger cette affirmation du grand compositeur anglais Benjamin Britten.<br><span style=\"color: #777777; font-family: Arial;\">Depuis que je me suis \u00e9veill\u00e9 \u00e0 la musique, il y a environ 50 ans, j&rsquo;ai aim\u00e9 la musique de Franz Schubert, comme une musique de l&rsquo;intime, de l&rsquo;\u00e9motion et de l&rsquo;\u00e9vidence.<br><\/span><\/span><\/p>\n<p><img decoding=\"async\" class=\"alignleft\" src=\"https:\/\/lemotdujour.fr\/wp-content\/uploads\/2020\/10\/100120_2157_Vendredi2oc1-1.jpg\" alt=\"\" align=\"left\"><span style=\"color: #777777; font-family: Arial;\">Oui, j&rsquo;aime passionn\u00e9ment Schubert.<br><\/span><\/p>\n<p><span style=\"color: #777777; font-family: Arial;\">Pour r\u00e9aliser cette s\u00e9rie, je suis all\u00e9 plus loin que pour toutes les autres s\u00e9ries et mots du jour que j&rsquo;ai \u00e9crits jusqu&rsquo;\u00e0 pr\u00e9sent.<br><\/span><\/p>\n<p><span style=\"color: #777777; font-family: Arial;\">J&rsquo;ai d&rsquo;abord fait la liste de toutes les \u0153uvres qu&rsquo;il avait \u00e9crites en 1828. J&rsquo;ai achet\u00e9 les quelques \u0153uvres que je n&rsquo;avais pas.<br><\/span><\/p>\n<p><span style=\"color: #777777; font-family: Arial;\">Ces \u0153uvres, dont je connaissais quand m\u00eame la plus grande part, presque toutes, je les ai \u00e9cout\u00e9es et r\u00e9\u00e9cout\u00e9es pendant tous ces mois, depuis avril jusqu&rsquo;\u00e0 septembre. Je crois que certaines d&rsquo;entre elles, je les ai \u00e9cout\u00e9es plus de vingt fois.<br><\/span><\/p>\n<p><span style=\"color: #777777; font-family: Arial;\">Cela a donn\u00e9 11 mots du jour.<br><\/span><\/p>\n<p><span style=\"color: #777777; font-family: Arial;\">Les dix premiers sont consacr\u00e9s chacun a un chef d&rsquo;\u0153uvre et le onzi\u00e8me \u00e0 toutes les autres \u0153uvres, il s&rsquo;agit encore de 20 \u0153uvres mais dont deux ont \u00e9t\u00e9 perdues.<br><\/span><\/p>\n<p><span style=\"color: #777777; font-family: Arial;\">\u2026<br><\/span><\/p>\n<p><span style=\"color: #777777; font-family: Arial;\">J&rsquo;aime faire des pas de c\u00f4t\u00e9.<br><\/span><\/p>\n<p><span style=\"color: #777777; font-family: Arial;\">Hier, en parlant de Trump et de la d\u00e9mocratie am\u00e9ricaine j&rsquo;ai atterri sur la mort de Socrate<br><\/span><\/p>\n<p><span style=\"color: #777777; font-family: Arial;\">Aujourd&rsquo;hui, je vais vous parler de Spotify et de son patron Daniel Ek qui est su\u00e9dois.<br><\/span><\/p>\n<p><span style=\"color: #777777; font-family: Arial;\">Pour celles et ceux qui ne le savent pas, Spotify est une plate-forme de streaming musical.<br><\/span><\/p>\n<p><span style=\"color: #777777; font-family: Arial;\">La diff\u00e9rence entre un robinet et Spotify c&rsquo;est que d&rsquo;un robinet coule de l&rsquo;eau, alors que de Spotify coule de la musique ou quelquefois simplement des sons dont le lien avec la musique est t\u00e9nu.<br><\/span><\/p>\n<p><span style=\"color: #777777; font-family: Arial;\">En tout cas, c&rsquo;est une entreprise qui veut utiliser de l&rsquo;Art ou des choses qui y ressemblent pour faire de l&rsquo;industrie.<br><\/span><\/p>\n<p><span style=\"color: #777777; font-family: Arial;\">Les vrais artistes sont tr\u00e8s peu pay\u00e9s, contrairement au patron du robinet qui lui est <span style=\"color: #0000ff;\"><a style=\"color: #0000ff;\" href=\"https:\/\/www.ouest-france.fr\/leditiondusoir\/data\/22176\/reader\/reader.html#!preferred\/1\/package\/22176\/pub\/32012\/page\/4\">immens\u00e9ment riche<\/a><\/span>.<br><\/span><\/p>\n<p><span style=\"color: #777777; font-family: Arial;\">Daniel Ek a fait une d\u00e9claration pendant cet \u00e9t\u00e9 2020 qui a fait beaucoup r\u00e9agir.<br><\/span><\/p>\n<p><span style=\"color: #777777; font-family: Arial;\">Dans une interview accord\u00e9e \u00e0 Music Ally, il a lanc\u00e9 aux artistes cet <a href=\"https:\/\/www.rocknfolk.com\/a-la-une\/quand-les-artistes-sen-prennent-au-patron-de-spotify\/48865\"><span style=\"color: #0000ff;\">avertissement<\/span><\/a>&nbsp;:<br><\/span><\/p>\n<p style=\"margin-left: 28pt;\"><span style=\"color: #c00000; font-family: Arial;\">\u00ab&nbsp;Certains artistes qui r\u00e9ussissaient dans le pass\u00e9 pourraient bien ne plus r\u00e9ussir dans le futur. On ne peut pas enregistrer de la musique tous les trois ou quatre ans et penser que cela va suffire&nbsp;\u00bb.<br><\/span><\/p>\n<p><span style=\"color: #777777; font-family: Arial;\">C&rsquo;est un raisonnement d&rsquo;industriel, qui veut que son robinet soit de mieux en mieux approvisionn\u00e9.<br><\/span><\/p>\n<p><span style=\"color: #777777; font-family: Arial;\">C&rsquo;est aussi un raisonnement de capitaliste qui pr\u00e9vient ses salari\u00e9s que s&rsquo;ils veulent gagner plus ou m\u00eame simplement gagner autant, il va falloir am\u00e9liorer la productivit\u00e9.<br><\/span><\/p>\n<p><span style=\"color: #777777; font-family: Arial;\">C&rsquo;est enfin quelqu&rsquo;un qui n&rsquo;a aucun respect pour les artistes et pour le temps de la maturation n\u00e9cessaire \u00e0 l&rsquo;acte de cr\u00e9ation.<br><\/span><\/p>\n<p><span style=\"color: #777777; font-family: Arial;\">Gide aurait dit&nbsp;:&nbsp;\u00ab&nbsp;je ne juge pas, je condamne&nbsp;!&nbsp;\u00bb<br><\/span><\/p>\n<p><span style=\"color: #777777; font-family: Arial;\">\u2026<br><\/span><\/p>\n<p><span style=\"color: #777777; font-family: Arial;\">Mais apr\u00e8s avoir fait ce pas de c\u00f4t\u00e9 et condamn\u00e9 ce triste sire, revenons \u00e0 Schubert.<br><\/span><\/p>\n<p><span style=\"color: #777777; font-family: Arial;\">A l&rsquo;aune de ce que nous venons d&rsquo;\u00e9voquer, <strong>Schubert a cr\u00e9\u00e9, en dix mois, entre janvier et octobre 1828, l&rsquo;\u00e9quivalent de 12 albums<\/strong>.<br><\/span><\/p>\n<p><span style=\"color: #777777; font-family: Arial;\">Je ne sais pas ce que diront dans 200 ans nos successeurs des albums r\u00e9alis\u00e9s par Beyonc\u00e9, Michael Jacskon, Madonna et les autres.<br><\/span><\/p>\n<p><span style=\"color: #777777; font-family: Arial;\">Mais ce que je peux dire, c&rsquo;est que deux cent ans apr\u00e8s 1828, les dix albums qui correspondent aux dix chefs d&rsquo;\u0153uvres dont j&rsquo;ai parl\u00e9 pr\u00e9c\u00e9demment continuent \u00e0 faire na\u00eetre l&rsquo;\u00e9motion, \u00e0 faire vibrer celles et ceux qui se donnent la peine \u00e0 s&rsquo;ouvrir \u00e0 cette musique qu&rsquo;un jeune homme de 31 ans a compos\u00e9, pardon il est plus juste d&rsquo;\u00e9crire : qu&rsquo;un g\u00e9nie a offert \u00e0 la post\u00e9rit\u00e9 et \u00e0 l&rsquo;humanit\u00e9.<br><\/span><\/p>\n<p><span style=\"color: #777777; font-family: Arial;\">Je vous donne le lien vers la page qui pr\u00e9sente l&rsquo;ensemble de la s\u00e9rie&nbsp;: <span style=\"color: #0000ff;\">&lt;<a style=\"color: #0000ff;\" href=\"https:\/\/lemotdujour.fr\/?page_id=9648\">Franz Schubert : l&rsquo;ann\u00e9e 1828<\/a>&gt;<\/span><br><\/span><\/p>\n<p><span style=\"color: #777777; font-family: Arial;\">Et aussi la liste de l&rsquo;ensemble des mots de la s\u00e9rie<br><\/span><\/p>\n<div>\n<table style=\"border-collapse: collapse;\" border=\"0\">\n<colgroup>\n<col style=\"width: 34px;\">\n<col style=\"width: 331px;\">\n<col style=\"width: 209px;\"><\/colgroup>\n<tbody valign=\"top\">\n<tr style=\"height: 19px; background: #f2dbdb;\">\n<td style=\"padding-left: 7px; padding-right: 7px; border: solid #bfbfbf 0.5pt;\" valign=\"middle\"><span style=\"color: black; font-family: Arial;\"><strong>Nr<\/strong><\/span>&nbsp;<\/td>\n<td style=\"padding-left: 7px; padding-right: 7px; border-top: solid #bfbfbf 0.5pt; border-left: none; border-bottom: solid #bfbfbf 0.5pt; border-right: solid #bfbfbf 0.5pt;\" valign=\"middle\">\n<p style=\"text-align: center;\"><span style=\"color: black; font-family: Arial;\"><strong>\u0152uvres<\/strong><\/span>&nbsp;<\/p>\n<\/td>\n<td style=\"padding-left: 7px; padding-right: 7px; border-top: solid #bfbfbf 0.5pt; border-left: none; border-bottom: solid #bfbfbf 0.5pt; border-right: solid #bfbfbf 0.5pt;\" valign=\"middle\">\n<p style=\"text-align: center;\"><span style=\"color: black; font-family: Arial;\"><strong>Lien<\/strong><\/span><\/p>\n<\/td>\n<\/tr>\n<tr style=\"height: 19px;\">\n<td style=\"padding-left: 7px; padding-right: 7px; border-top: none; border-left: solid #bfbfbf 0.5pt; border-bottom: solid #bfbfbf 0.5pt; border-right: solid #bfbfbf 0.5pt;\"><span style=\"color: navy; font-family: Arial;\"><strong>1<\/strong><\/span>&nbsp;<\/td>\n<td style=\"padding-left: 7px; padding-right: 7px; border-top: none; border-left: none; border-bottom: solid #bfbfbf 0.5pt; border-right: solid #bfbfbf 0.5pt;\"><span style=\"color: navy; font-family: Arial;\"><strong>Fantaisie D. 940 pour piano \u00e0 quatre mains.<\/strong><\/span>&nbsp;<\/td>\n<td style=\"padding-left: 7px; padding-right: 7px; border-top: none; border-left: none; border-bottom: solid #bfbfbf 0.5pt; border-right: solid #bfbfbf 0.5pt;\"><a href=\"https:\/\/lemotdujour.fr\/?p=8663\"><span style=\"color: blue; font-family: Arial; text-decoration: underline;\">Samedi 25 avril 2020<\/span><\/a>&nbsp;<\/td>\n<\/tr>\n<tr style=\"height: 19px;\">\n<td style=\"padding-left: 7px; padding-right: 7px; border-top: none; border-left: solid #bfbfbf 0.5pt; border-bottom: solid #bfbfbf 0.5pt; border-right: solid #bfbfbf 0.5pt;\"><span style=\"color: navy; font-family: Arial;\"><strong>2<\/strong><\/span>&nbsp;<\/td>\n<td style=\"padding-left: 7px; padding-right: 7px; border-top: none; border-left: none; border-bottom: solid #bfbfbf 0.5pt; border-right: solid #bfbfbf 0.5pt;\"><span style=\"color: navy; font-family: Arial;\"><strong>Symphonie no 9 en ut \u00ab\u00a0La Grande\u00a0\u00bb D. 944<\/strong><\/span><\/td>\n<td style=\"padding-left: 7px; padding-right: 7px; border-top: none; border-left: none; border-bottom: solid #bfbfbf 0.5pt; border-right: solid #bfbfbf 0.5pt;\"><a href=\"https:\/\/lemotdujour.fr\/?p=8733\"><span style=\"color: blue; font-family: Arial; text-decoration: underline;\">Samedi 2 mai 2020<\/span>&nbsp;<\/a><\/td>\n<\/tr>\n<tr style=\"height: 19px;\">\n<td style=\"padding-left: 7px; padding-right: 7px; border-top: none; border-left: solid #bfbfbf 0.5pt; border-bottom: solid #bfbfbf 0.5pt; border-right: solid #bfbfbf 0.5pt;\"><span style=\"color: navy; font-family: Arial;\"><strong>3<\/strong><\/span>&nbsp;<\/td>\n<td style=\"padding-left: 7px; padding-right: 7px; border-top: none; border-left: none; border-bottom: solid #bfbfbf 0.5pt; border-right: solid #bfbfbf 0.5pt;\"><span style=\"color: navy; font-family: Arial;\"><strong>Sonate pour piano N\u00b019 D. 958<\/strong><\/span>&nbsp;<\/td>\n<td style=\"padding-left: 7px; padding-right: 7px; border-top: none; border-left: none; border-bottom: solid #bfbfbf 0.5pt; border-right: solid #bfbfbf 0.5pt;\"><a href=\"https:\/\/lemotdujour.fr\/?p=8819\"><span style=\"color: blue; font-family: Arial; text-decoration: underline;\">Vendredi 8 mai 2020<\/span><\/a>&nbsp;<\/td>\n<\/tr>\n<tr style=\"height: 19px;\">\n<td style=\"padding-left: 7px; padding-right: 7px; border-top: none; border-left: solid #bfbfbf 0.5pt; border-bottom: solid #bfbfbf 0.5pt; border-right: solid #bfbfbf 0.5pt;\"><span style=\"color: navy; font-family: Arial;\"><strong>4<\/strong><\/span>&nbsp;<\/td>\n<td style=\"padding-left: 7px; padding-right: 7px; border-top: none; border-left: none; border-bottom: solid #bfbfbf 0.5pt; border-right: solid #bfbfbf 0.5pt;\"><span style=\"color: navy; font-family: Arial;\"><strong>Sonate pour piano N\u00b020 D. 959<\/strong><\/span>&nbsp;<\/td>\n<td style=\"padding-left: 7px; padding-right: 7px; border-top: none; border-left: none; border-bottom: solid #bfbfbf 0.5pt; border-right: solid #bfbfbf 0.5pt;\"><a href=\"https:\/\/lemotdujour.fr\/?p=8831\"><span style=\"color: blue; font-family: Arial; text-decoration: underline;\">Samedi 9 mai 2020<\/span>&nbsp;<\/a><\/td>\n<\/tr>\n<tr style=\"height: 19px;\">\n<td style=\"padding-left: 7px; padding-right: 7px; border-top: none; border-left: solid #bfbfbf 0.5pt; border-bottom: solid #bfbfbf 0.5pt; border-right: solid #bfbfbf 0.5pt;\"><span style=\"color: navy; font-family: Arial;\"><strong>5<\/strong><\/span>&nbsp;<\/td>\n<td style=\"padding-left: 7px; padding-right: 7px; border-top: none; border-left: none; border-bottom: solid #bfbfbf 0.5pt; border-right: solid #bfbfbf 0.5pt;\"><span style=\"color: navy; font-family: Arial;\"><strong>Sonate pour piano N\u00b021 D. 960<\/strong><\/span>&nbsp;<\/td>\n<td style=\"padding-left: 7px; padding-right: 7px; border-top: none; border-left: none; border-bottom: solid #bfbfbf 0.5pt; border-right: solid #bfbfbf 0.5pt;\"><a href=\"https:\/\/lemotdujour.fr\/?p=8840\"><span style=\"color: blue; font-family: Arial; text-decoration: underline;\">Dimanche 10 mai 2020<\/span><\/a>&nbsp;<\/td>\n<\/tr>\n<tr style=\"height: 19px;\">\n<td style=\"padding-left: 7px; padding-right: 7px; border-top: none; border-left: solid #bfbfbf 0.5pt; border-bottom: solid #bfbfbf 0.5pt; border-right: solid #bfbfbf 0.5pt;\"><span style=\"color: navy; font-family: Arial;\"><strong>6<\/strong><\/span>&nbsp;<\/td>\n<td style=\"padding-left: 7px; padding-right: 7px; border-top: none; border-left: none; border-bottom: solid #bfbfbf 0.5pt; border-right: solid #bfbfbf 0.5pt;\"><span style=\"color: navy; font-family: Arial;\"><strong>Le chant du cygne D. 957<\/strong><\/span>&nbsp;<\/td>\n<td style=\"padding-left: 7px; padding-right: 7px; border-top: none; border-left: none; border-bottom: solid #bfbfbf 0.5pt; border-right: solid #bfbfbf 0.5pt;\"><a href=\"https:\/\/lemotdujour.fr\/?p=9468\"><span style=\"color: blue; font-family: Arial; text-decoration: underline;\">Lundi 24 ao\u00fbt 2020<\/span><\/a>&nbsp;<\/td>\n<\/tr>\n<tr style=\"height: 19px;\">\n<td style=\"padding-left: 7px; padding-right: 7px; border-top: none; border-left: solid #bfbfbf 0.5pt; border-bottom: solid #bfbfbf 0.5pt; border-right: solid #bfbfbf 0.5pt;\"><span style=\"color: navy; font-family: Arial;\"><strong>7<\/strong><\/span>&nbsp;<\/td>\n<td style=\"padding-left: 7px; padding-right: 7px; border-top: none; border-left: none; border-bottom: solid #bfbfbf 0.5pt; border-right: solid #bfbfbf 0.5pt;\"><span style=\"color: navy; font-family: Arial;\"><strong>Messe N\u00b06 en mi mineur D. 950<\/strong><\/span><\/td>\n<td style=\"padding-left: 7px; padding-right: 7px; border-top: none; border-left: none; border-bottom: solid #bfbfbf 0.5pt; border-right: solid #bfbfbf 0.5pt;\"><a href=\"https:\/\/lemotdujour.fr\/?p=9475\"><span style=\"color: blue; font-family: Arial; text-decoration: underline;\">Mercredi 26 ao\u00fbt 2020<\/span>&nbsp;<\/a><\/td>\n<\/tr>\n<tr style=\"height: 19px;\">\n<td style=\"padding-left: 7px; padding-right: 7px; border-top: none; border-left: solid #bfbfbf 0.5pt; border-bottom: solid #bfbfbf 0.5pt; border-right: solid #bfbfbf 0.5pt;\"><span style=\"color: navy; font-family: Arial;\"><strong>8<\/strong><\/span>&nbsp;<\/td>\n<td style=\"padding-left: 7px; padding-right: 7px; border-top: none; border-left: none; border-bottom: solid #bfbfbf 0.5pt; border-right: solid #bfbfbf 0.5pt;\"><span style=\"color: navy; font-family: Arial;\"><strong>Klavierst\u00fccke D 946<\/strong><\/span>&nbsp;<\/td>\n<td style=\"padding-left: 7px; padding-right: 7px; border-top: none; border-left: none; border-bottom: solid #bfbfbf 0.5pt; border-right: solid #bfbfbf 0.5pt;\"><a href=\"https:\/\/lemotdujour.fr\/?p=9515\"><span style=\"color: blue; font-family: Arial; text-decoration: underline;\">Jeudi 27 ao\u00fbt 2020<\/span>&nbsp;<\/a><\/td>\n<\/tr>\n<tr style=\"height: 19px;\">\n<td style=\"padding-left: 7px; padding-right: 7px; border-top: none; border-left: solid #bfbfbf 0.5pt; border-bottom: solid #bfbfbf 0.5pt; border-right: solid #bfbfbf 0.5pt;\"><span style=\"color: navy; font-family: Arial;\"><strong>9<\/strong><\/span>&nbsp;<\/td>\n<td style=\"padding-left: 7px; padding-right: 7px; border-top: none; border-left: none; border-bottom: solid #bfbfbf 0.5pt; border-right: solid #bfbfbf 0.5pt;\"><span style=\"color: navy; font-family: Arial;\"><strong>La derni\u00e8re \u0153uvre de Schubert D 965<\/strong><\/span>&nbsp;<\/td>\n<td style=\"padding-left: 7px; padding-right: 7px; border-top: none; border-left: none; border-bottom: solid #bfbfbf 0.5pt; border-right: solid #bfbfbf 0.5pt;\"><a href=\"https:\/\/lemotdujour.fr\/?p=9531\"><span style=\"color: blue; font-family: Arial; text-decoration: underline;\">Vendredi 28 ao\u00fbt 2020<\/span>&nbsp;<\/a><\/td>\n<\/tr>\n<tr style=\"height: 19px;\">\n<td style=\"padding-left: 7px; padding-right: 7px; border-top: none; border-left: solid #bfbfbf 0.5pt; border-bottom: solid #bfbfbf 0.5pt; border-right: solid #bfbfbf 0.5pt;\"><span style=\"color: navy; font-family: Arial;\"><strong>10<\/strong><\/span>&nbsp;<\/td>\n<td style=\"padding-left: 7px; padding-right: 7px; border-top: none; border-left: none; border-bottom: solid #bfbfbf 0.5pt; border-right: solid #bfbfbf 0.5pt;\"><span style=\"color: navy; font-family: Arial;\"><strong>Le quintette \u00e0 cordes D 956<\/strong><\/span>&nbsp;<\/td>\n<td style=\"padding-left: 7px; padding-right: 7px; border-top: none; border-left: none; border-bottom: solid #bfbfbf 0.5pt; border-right: solid #bfbfbf 0.5pt;\"><a href=\"https:\/\/lemotdujour.fr\/?p=9555\"><span style=\"color: blue; font-family: Arial; text-decoration: underline;\">Mardi 1 septembre 2020<\/span><\/a>&nbsp;<\/td>\n<\/tr>\n<tr style=\"height: 19px;\">\n<td style=\"padding-left: 7px; padding-right: 7px; border-top: none; border-left: solid #bfbfbf 0.5pt; border-bottom: solid #bfbfbf 0.5pt; border-right: solid #bfbfbf 0.5pt;\"><span style=\"color: navy; font-family: Arial;\"><strong>11<\/strong><\/span>&nbsp;<\/td>\n<td style=\"padding-left: 7px; padding-right: 7px; border-top: none; border-left: none; border-bottom: solid #bfbfbf 0.5pt; border-right: solid #bfbfbf 0.5pt;\"><span style=\"color: navy; font-family: Arial;\"><strong>Les autres \u0153uvres de 1828<\/strong><\/span><\/td>\n<td style=\"padding-left: 7px; padding-right: 7px; border-top: none; border-left: none; border-bottom: solid #bfbfbf 0.5pt; border-right: solid #bfbfbf 0.5pt;\"><a href=\"https:\/\/lemotdujour.fr\/?p=9564\"><span style=\"color: blue; font-family: Arial; text-decoration: underline;\">Vendredi 4 septembre 2020<\/span>&nbsp;<\/a><\/td>\n<\/tr>\n<\/tbody>\n<\/table>\n<\/div>\n\n\n<p><span class=\"has-inline-color has-vivid-red-color\">&lt;1466><\/span><\/p>\n","protected":false},"excerpt":{"rendered":"<p>\u00ab L&rsquo;ann\u00e9e 1828 fut l&rsquo;ann\u00e9e la plus f\u00e9conde de toute l&rsquo;histoire de la musique parce que c&rsquo;est la derni\u00e8re de la vie de Schubert, pendant laquelle il a \u00e9crit tant de chefs d&rsquo;\u0153uvre.\u00bb Benjamin Britten C&rsquo;est au c\u0153ur de la<\/p>\n","protected":false},"author":1,"featured_media":0,"comment_status":"open","ping_status":"closed","sticky":false,"template":"","format":"standard","meta":{"footnotes":""},"categories":[1],"tags":[186,148,20],"class_list":["post-9702","post","type-post","status-publish","format-standard","hentry","category-motdujour","tag-186","tag-autriche","tag-musique"],"_links":{"self":[{"href":"https:\/\/lemotdujour.fr\/index.php?rest_route=\/wp\/v2\/posts\/9702","targetHints":{"allow":["GET"]}}],"collection":[{"href":"https:\/\/lemotdujour.fr\/index.php?rest_route=\/wp\/v2\/posts"}],"about":[{"href":"https:\/\/lemotdujour.fr\/index.php?rest_route=\/wp\/v2\/types\/post"}],"author":[{"embeddable":true,"href":"https:\/\/lemotdujour.fr\/index.php?rest_route=\/wp\/v2\/users\/1"}],"replies":[{"embeddable":true,"href":"https:\/\/lemotdujour.fr\/index.php?rest_route=%2Fwp%2Fv2%2Fcomments&post=9702"}],"version-history":[{"count":8,"href":"https:\/\/lemotdujour.fr\/index.php?rest_route=\/wp\/v2\/posts\/9702\/revisions"}],"predecessor-version":[{"id":9784,"href":"https:\/\/lemotdujour.fr\/index.php?rest_route=\/wp\/v2\/posts\/9702\/revisions\/9784"}],"wp:attachment":[{"href":"https:\/\/lemotdujour.fr\/index.php?rest_route=%2Fwp%2Fv2%2Fmedia&parent=9702"}],"wp:term":[{"taxonomy":"category","embeddable":true,"href":"https:\/\/lemotdujour.fr\/index.php?rest_route=%2Fwp%2Fv2%2Fcategories&post=9702"},{"taxonomy":"post_tag","embeddable":true,"href":"https:\/\/lemotdujour.fr\/index.php?rest_route=%2Fwp%2Fv2%2Ftags&post=9702"}],"curies":[{"name":"wp","href":"https:\/\/api.w.org\/{rel}","templated":true}]}}