{"id":970,"date":"2015-01-20T01:00:00","date_gmt":"2015-01-19T22:00:00","guid":{"rendered":"http:\/\/lemotdujour.fr\/?p=970"},"modified":"2017-05-08T13:24:28","modified_gmt":"2017-05-08T11:24:28","slug":"mardi-20-janvier-2015","status":"publish","type":"post","link":"https:\/\/lemotdujour.fr\/?p=970","title":{"rendered":"Mardi 20 Janvier 2015"},"content":{"rendered":"<div class=\"mdjDate\">Mardi 20 Janvier 2015<\/div>\n<div class=\"mdjTexte\">\u00abLorsque l&rsquo;Etat se d\u00e9grade et perd en autorit\u00e9 symbolique<br \/>il y a deux gagnants : les sectes et les mafias\u00bb<\/div>\n<div class=\"mdjAuteur\">R\u00e9gis Debray<br \/>Interview d&rsquo;Anne Sinclair le 10\/01\/2015 (vers la minute 17)<\/div>\n<div class=\"mdjComplements\">R\u00e9gis Debray \u00e9tait &lt;<a href=\"http:\/\/www.europe1.fr\/mediacenter\/emissions\/l-interview\/sons\/regis-debray-l-interview-integrale-2340253\">l&rsquo;invit\u00e9 de l&rsquo;\u00e9mission d&rsquo;interview d&rsquo;Anne Sinclair<\/a>&gt; du 10\/01\/2015<\/div>\n<div class=\"mdjComplements\">Au d\u00e9but de l&rsquo;\u00e9mission il s&rsquo;exprime sur le sursaut d&rsquo;orgueil du peuple fran\u00e7ais \u00ab La pulsion de mort des uns r\u00e9veille la pulsion de vie des autres. \u00bb<\/div>\n<div class=\"mdjComplements\">Vers la fin de l&rsquo;\u00e9mission, il \u00e9voque son livre, \u00ab\u00a0Un candide \u00e0 la fen\u00eatre\u00a0\u00bb et met l&rsquo;accent sur le r\u00f4le des dirigeants et des \u00e9lites dans une d\u00e9mocratie pour donner du sens, pour entra\u00eener, car sinon d&rsquo;autres prendront la place pour remplir le vide.<\/div>\n<div class=\"mdjComplements\">Et ce ne sont jamais les forces de l&rsquo;intelligence, de l&rsquo;humanisme et du progr\u00e8s.<\/div>\n<div class=\"mdjComplements\">Il cite les mafias et les sectes comme ceux qui ont attaqu\u00e9 la France.<\/div>\n<div class=\"mdjComplements\">Il d\u00e9crit les sectes et les mafias avec la formule suivante : \u00abLes hallucin\u00e9s et les cupides ou les tricheurs.\u00bb<\/div>\n<div class=\"mdjComplements\">Et il ajoute \u00ab Il faut que nos hommes d&rsquo;Etat sachent qu&rsquo;ils repr\u00e9sentent beaucoup plus qu&rsquo;eux m\u00eame qu&rsquo;ils repr\u00e9sentent une Histoire et qu&rsquo;ils acceptent de se d\u00e9doubler entre le corps symbolique et le corps physique.<\/div>\n<div class=\"mdjComplements\">[&#8230;]<\/div>\n<div class=\"mdjComplements\">Il n&rsquo;y\u00a0 pas assez de m\u00e9taphysique<\/div>\n<div class=\"mdjComplements\">Tout pouvoir implique une m\u00e9taphysique<\/div>\n<div class=\"mdjComplements\">Un pouvoir qui suscite le respect<\/div>\n<div class=\"mdjComplements\">et qui doit r\u00e9veiller l&rsquo;estime de soi chez les citoyens.<\/div>\n<div class=\"mdjComplements\">Il ne faut pas les abaisser en s&rsquo;abaissant soi-m\u00eame.<\/div>\n<div class=\"mdjComplements\">Et c&rsquo;est le drame de tous ces pr\u00e9sidents qui ob\u00e9issent \u00e0 leur conseiller de communication et n&rsquo;ont qu&rsquo;un mot \u00e0 la bouche : la proximit\u00e9.<\/div>\n<div class=\"mdjComplements\">Non qu&rsquo;ils prennent un peu de hauteur !\u00bb<\/div>\n<div class=\"mdjComplements\">Il a aussi \u00e9t\u00e9 l<a href=\"http:\/\/www.franceculture.fr\/emission-les-matins-au-lendemain-de-la-marche-republicaine-regis-debray-est-l-invite-des-matins-2015\">&lsquo;invit\u00e9 des matins de France culture <\/a>du lendemain de la marche r\u00e9publicaine du 11 janvier, o\u00f9 il a eu ce propos :<\/div>\n<div class=\"mdjComplements\">\u00abIl faut arr\u00eater de consid\u00e9rer la France comme une entreprise.<\/div>\n<div class=\"mdjComplements\">Que les chiffres aient le dernier mot.<\/div>\n<div class=\"mdjComplements\">Que les gouvernants soient des comptables<\/div>\n<div class=\"mdjComplements\">Arr\u00eater de parler de gouvernance qui est un mot tir\u00e9 du monde des affaires<\/div>\n<div class=\"mdjComplements\">Parler de gouvernement et rappeler que les hommes ne peuvent s&rsquo;unir que sur des choses qui les d\u00e9passent.\u00bb<\/div>\n<div class=\"mdjComplements\">D&rsquo;une autre mani\u00e8re A pourrait faire penser \u00e0 Aristote plut\u00f4t qu&rsquo;\u00e0 argent, B \u00e0 Bach plut\u00f4t qu&rsquo;\u00e0 banque, C \u00e0 Camus plut\u00f4t qu&rsquo;\u00e0 comp\u00e9tition, et S \u00e0 Shakespeare plut\u00f4t que sp\u00e9culation.<\/div>\n","protected":false},"excerpt":{"rendered":"<p>Mardi 20 Janvier 2015 \u00abLorsque l&rsquo;Etat se d\u00e9grade et perd en autorit\u00e9 symboliqueil y a deux gagnants : les sectes et les mafias\u00bb R\u00e9gis DebrayInterview d&rsquo;Anne Sinclair le 10\/01\/2015 (vers la minute 17) R\u00e9gis Debray \u00e9tait &lt;l&rsquo;invit\u00e9 de l&rsquo;\u00e9mission d&rsquo;interview<\/p>\n","protected":false},"author":1,"featured_media":0,"comment_status":"closed","ping_status":"closed","sticky":false,"template":"","format":"standard","meta":{"footnotes":""},"categories":[1],"tags":[],"class_list":["post-970","post","type-post","status-publish","format-standard","hentry","category-motdujour"],"_links":{"self":[{"href":"https:\/\/lemotdujour.fr\/index.php?rest_route=\/wp\/v2\/posts\/970","targetHints":{"allow":["GET"]}}],"collection":[{"href":"https:\/\/lemotdujour.fr\/index.php?rest_route=\/wp\/v2\/posts"}],"about":[{"href":"https:\/\/lemotdujour.fr\/index.php?rest_route=\/wp\/v2\/types\/post"}],"author":[{"embeddable":true,"href":"https:\/\/lemotdujour.fr\/index.php?rest_route=\/wp\/v2\/users\/1"}],"replies":[{"embeddable":true,"href":"https:\/\/lemotdujour.fr\/index.php?rest_route=%2Fwp%2Fv2%2Fcomments&post=970"}],"version-history":[{"count":1,"href":"https:\/\/lemotdujour.fr\/index.php?rest_route=\/wp\/v2\/posts\/970\/revisions"}],"predecessor-version":[{"id":971,"href":"https:\/\/lemotdujour.fr\/index.php?rest_route=\/wp\/v2\/posts\/970\/revisions\/971"}],"wp:attachment":[{"href":"https:\/\/lemotdujour.fr\/index.php?rest_route=%2Fwp%2Fv2%2Fmedia&parent=970"}],"wp:term":[{"taxonomy":"category","embeddable":true,"href":"https:\/\/lemotdujour.fr\/index.php?rest_route=%2Fwp%2Fv2%2Fcategories&post=970"},{"taxonomy":"post_tag","embeddable":true,"href":"https:\/\/lemotdujour.fr\/index.php?rest_route=%2Fwp%2Fv2%2Ftags&post=970"}],"curies":[{"name":"wp","href":"https:\/\/api.w.org\/{rel}","templated":true}]}}