{"id":9680,"date":"2020-10-01T00:25:34","date_gmt":"2020-09-30T22:25:34","guid":{"rendered":"http:\/\/lemotdujour.fr\/?p=9680"},"modified":"2020-10-10T21:01:51","modified_gmt":"2020-10-10T19:01:51","slug":"jeudi-1er-octobre-2020","status":"publish","type":"post","link":"https:\/\/lemotdujour.fr\/?p=9680","title":{"rendered":"Jeudi 1er octobre 2020"},"content":{"rendered":"<div class=\"mdjTexte\">\u00ab Alors ce que nous devons \u00e0 la Gr\u00e8ce, la D\u00e9mocratie et la Philosophie seraient ensemble dans une m\u00eame sc\u00e8ne apais\u00e9e. Mais cela ne s&rsquo;est pas du tout pass\u00e9 comme cela !\u00bb<\/div>\n<div class=\"mdjAuteur\">Patrick Boucheron qui raconte le Proc\u00e8s de Socrate dans l&rsquo;\u00e9mission \u00ab\u00a0Quand l&rsquo;Histoire fait date\u00a0\u00bb<\/div>\n<p><span style=\"color: #777777; font-family: Arial;\">Nous sommes donc tomb\u00e9s encore plus bas que lors du d\u00e9bat entre Marine Le Pen et Emmanuel Macron.<br \/>\n<\/span><\/p>\n<p><span style=\"color: #777777; font-family: Arial;\">Le d\u00e9bat entre Trump et Biden a \u00e9t\u00e9 pire que ce que l&rsquo;on pouvait imaginer<br \/>\n<\/span><\/p>\n<p><img loading=\"lazy\" decoding=\"async\" class=\"alignright\" src=\"https:\/\/lemotdujour.fr\/wp-content\/uploads\/2020\/10\/093020_2217_Jeudi1eroct1.jpg\" alt=\"\" width=\"299\" height=\"200\" align=\"left\" \/><span style=\"color: #777777; font-family: Arial;\">Pour l&rsquo;\u00e9ditorialiste Dan Balz, du Washington Post\u00a0:<br \/>\n<\/span><\/p>\n<p style=\"margin-left: 28pt;\"><span style=\"color: #c00000; font-family: Arial;\">\u00ab\u00a0Aucune personne vivante n&rsquo;avait jamais assist\u00e9 \u00e0 un d\u00e9bat comme celui-ci. Un festival de cris inconvenants, d&rsquo;interruptions et d&rsquo;insultes personnelles. C&rsquo;\u00e9tait une insulte au public et un triste exemple de l&rsquo;\u00e9tat de la d\u00e9mocratie am\u00e9ricaine, cela cinq semaines avec les \u00e9lections\u00a0\u00bb.<br \/>\n<\/span><\/p>\n<p><a href=\"https:\/\/www.politico.com\/news\/magazine\/2020\/09\/30\/presidential-debate-national-shame-423521\"><span style=\"font-family: Arial;\"><span style=\"color: #0000ff;\">Pour le site \u00ab Politico \u00bb<\/span><\/span><\/a><span style=\"color: #777777; font-family: Arial;\"> le d\u00e9bat fut un \u00ab\u00a0<span style=\"color: #c00000;\">moment \u00e9pique de honte nationale<span style=\"color: #777777;\">\u00a0\u00bb.<br \/>\n<\/span><\/span><\/span><\/p>\n<p><span style=\"color: #777777; font-family: Arial;\">\u00ab\u00a0<span style=\"color: #c00000;\">Annulez les deux prochains d\u00e9bats<span style=\"color: #777777;\">\u00a0\u00bb supplie <a href=\"https:\/\/time.com\/5894500\/presidential-debate-review\/?utm_source=facebook&amp;utm_medium=social&amp;utm_campaign=editorial&amp;utm_term=entertainment_television&amp;linkId=100803064\"><span style=\"color: #0000ff;\">le magazine \u00ab Time \u00bb<\/span><\/a><br \/>\n<\/span><\/span><\/span><\/p>\n<p><span style=\"color: #777777; font-family: Arial;\">Le chaos est presqu&rsquo;uniquement imputable \u00e0 l&rsquo;occupant actuel de la Maison Blanche. Il est arriv\u00e9 \u00e0 rendre Joe Biden sympathique. Et quand ce dernier l&rsquo;a trait\u00e9 de \u00ab\u00a0clown\u00a0\u00bb, de \u00ab\u00a0menteur\u00a0\u00bb, de \u00ab\u00a0raciste\u00a0\u00bb et surtout quand il a fini par l\u00e2cher : \u00ab\u00a0<a href=\"https:\/\/www.nouvelobs.com\/elections-americaines-2020\/20200930.OBS34064\/tu-vas-la-fermer-mec-coupe-a-de-multiples-reprises-biden-s-emporte-contre-trump.html\"><span style=\"color: #0000ff;\">Tu vas la fermer, mec\u00a0?\u00a0<\/span><\/a>\u00bb (\u00ab\u00a0Will you shut up, man\u00a0\u00bb, en anglais), nous ne pouvions que l&rsquo;approuver.<br \/>\n<\/span><\/p>\n<p><span style=\"color: #777777; font-family: Arial;\">Il y a encore plus inqui\u00e9tant lorsque Trump<span style=\"color: #0000ff;\"> <a style=\"color: #0000ff;\" href=\"https:\/\/www.lemonde.fr\/idees\/article\/2020\/09\/30\/face-a-face-trump-biden-un-debat-inquietant-pour-la-democratie-americaine_6054200_3232.html\">refuse de s&rsquo;engager<\/a> <\/span>\u00e0 reconna\u00eetre le r\u00e9sultat du scrutin, laissant entendre que s&rsquo;il perd cela ne peut \u00eatre qu&rsquo;en raison de tricheries de ses adversaires.<br \/>\n<\/span><\/p>\n<p><span style=\"color: #777777; font-family: Arial;\">Et il pr\u00e9pare les ferments de guerre civile en refusant de condamner les milices d&rsquo;extr\u00eame droite qu&rsquo;on appelle les supr\u00e9macistes et m\u00eame encore plus grave quand il envoie, en plein d\u00e9bat, ce message explicite \u00e0 l&rsquo;organisation d&rsquo;extr\u00eame droite : \u00ab<span style=\"color: #c00000;\">Proud Boys, mettez-vous en retrait, tenez-vous pr\u00eats<span style=\"color: #777777;\">\u00bb. &lt;<span style=\"color: #0000ff;\"><a style=\"color: #0000ff;\" href=\"https:\/\/www.lefigaro.fr\/international\/qui-sont-les-proud-boys-que-donald-appelle-a-se-tenir-prets-20200930\">Le Figaro<\/a><\/span>&gt; explique qui sont ces hommes misogynes, racistes et amateurs d&rsquo;armes \u00e0 feu.<br \/>\n<\/span><\/span><\/span><\/p>\n<p><span style=\"color: #777777; font-family: Arial;\">Est-ce ainsi que les d\u00e9mocraties finissent\u00a0?<br \/>\n<\/span><\/p>\n<p><span style=\"color: #777777; font-family: Arial;\">Parall\u00e8lement j&rsquo;ai regard\u00e9 un nouvel \u00e9pisode de cette remarquable s\u00e9rie que Diffuse ARTE et dans laquelle l&rsquo;historien Patrick Boucheron, professeur au Coll\u00e8ge de France, nous raconte les dates marquantes de l&rsquo;Histoire. Mais il ne raconte pas seulement ce qui s&rsquo;est pass\u00e9 \u00e0 cette date, mais aussi avant et apr\u00e8s, le contexte qui explique ce qui s&rsquo;est pass\u00e9 et les cons\u00e9quences jusqu&rsquo;\u00e0 nos jours de cet \u00e9v\u00e8nement : &lt;<span style=\"color: #0000ff;\"><a style=\"color: #0000ff;\" href=\"https:\/\/www.arte.tv\/fr\/videos\/RC-015950\/quand-l-histoire-fait-dates\/\">Quand l&rsquo;Histoire fait dates<\/a><\/span>&gt;.<br \/>\n<\/span><\/p>\n<p><span style=\"color: #777777; font-family: Arial;\">Cette fois la date \u00e9tudi\u00e9e se situait il y a 2400 ans, plus exactement 2419 ans <strong>en -399,<\/strong> dans la cit\u00e9 d&rsquo;Ath\u00e8nes. <\/span><span style=\"color: #0000ff;\"><a style=\"color: #0000ff;\" href=\"https:\/\/www.youtube.com\/watch?v=-fEyYGGq4Ok&amp;pbjreload=101\"><span style=\"font-family: Arial;\">&lt;-399, le proc\u00e8s de Socrate | Quand l&rsquo;histoire fait dates | ARTE&gt;<\/span><\/a><\/span><span style=\"color: #777777; font-family: Arial;\"><br \/>\n<\/span><\/p>\n<p><span style=\"color: #777777; font-family: Arial;\">Il introduit son sujet ainsi<br \/>\n<\/span><\/p>\n<p style=\"margin-left: 28pt;\"><span style=\"color: #c00000; font-family: Arial;\">\u00ab\u00a0De quoi sommes-nous redevables \u00e0 l&rsquo;Ath\u00e8nes du 5<sup>\u00e8me<\/sup> si\u00e8cle. De ce pass\u00e9 ancien, ensoleill\u00e9.<br \/>\n<\/span><span style=\"color: #c00000; font-family: Arial;\">On dirait deux choses\u00a0: La philosophie d&rsquo;une part, la D\u00e9mocratie, d&rsquo;autre part.<br \/>\n<\/span><span style=\"color: #c00000; font-family: Arial;\">On aimerait tant que ce soit la Philosophie et la D\u00e9mocratie, la Philosophie avec la D\u00e9mocratie.<br \/>\n<\/span><span style=\"color: #c00000; font-family: Arial;\">On aimerait tant voir Socrate converser avec des citoyens qui l&rsquo;interpelleraient et lui r\u00e9pondrait.<br \/>\n<\/span><span style=\"color: #c00000; font-family: Arial;\">Et de ce dialogue na\u00eetrait un rapport raisonnable qu&rsquo;on appellerait la Politique<br \/>\n<\/span><\/p>\n<p style=\"margin-left: 28pt;\"><span style=\"color: #c00000; font-family: Arial;\">Alors tout serait raccord\u00e9<br \/>\n<\/span><span style=\"color: #c00000; font-family: Arial;\">Alors ce que nous devons \u00e0 la Gr\u00e8ce, la D\u00e9mocratie et la Philosophie seraient ensemble dans une m\u00eame sc\u00e8ne apais\u00e9e.<br \/>\n<\/span><span style=\"color: #c00000; font-family: Arial;\">Mais cela ne s&rsquo;est pas du tout pass\u00e9 comme cela\u00a0!\u00a0\u00bb<br \/>\n<\/span><\/p>\n<p><span style=\"color: #777777; font-family: Arial;\">Patrick Boucheron va d\u00e9velopper son propos pendant une demi-heure\u00a0: <a href=\"https:\/\/www.youtube.com\/watch?v=-fEyYGGq4Ok&amp;pbjreload=101\"><span style=\"color: #0000ff;\">&lt;-399, le proc\u00e8s de Socrate | Quand l&rsquo;histoire fait dates | ARTE&gt;<\/span><\/a><br \/>\n<\/span><\/p>\n<p><a href=\"https:\/\/fr.wikipedia.org\/wiki\/La_Mort_de_Socrate_(David)\"><img loading=\"lazy\" decoding=\"async\" class=\"alignleft\" src=\"https:\/\/lemotdujour.fr\/wp-content\/uploads\/2020\/10\/093020_2217_Jeudi1eroct2.jpg\" alt=\"\" width=\"450\" height=\"313\" align=\"left\" border=\"0\" \/><\/a><span style=\"color: #777777; font-family: Arial;\">Le proc\u00e8s de Socrate est l&rsquo;un des proc\u00e8s les plus c\u00e9l\u00e8bres de l&rsquo;Histoire.<br \/>\n<\/span><\/p>\n<p><span style=\"color: #777777; font-family: Arial;\">Il \u00e9tait accus\u00e9 de corrompre la jeunesse, de nier les dieux de la cit\u00e9 et d&rsquo;introduire des divinit\u00e9s nouvelles. Pour cette raison il sera condamn\u00e9 \u00e0 mort, il avait 70 ans. Contrairement aux demandes pressantes de ses amis, il refusera de s&rsquo;enfuir et se soumettra \u00e0 la d\u00e9cision du Tribunal de la d\u00e9mocratie ath\u00e9nienne, il boira la cig\u00fce.<br \/>\n<\/span><\/p>\n<p><span style=\"color: #777777; font-family: Arial;\">Nous connaissons cette histoire par le r\u00e9cit qu&rsquo;ont en fait deux de ses disciples Platon et X\u00e9nophon, dans leur Apologie de Socrate respective.<br \/>\n<\/span><\/p>\n<p><span style=\"color: #777777; font-family: Arial;\">\u00c9videmment nous n&rsquo;entendons ainsi qu&rsquo;une partie au Proc\u00e8s. Platon d\u00e9veloppera des th\u00e8ses tr\u00e8s anti-d\u00e9mocratiques, la d\u00e9mocratie a tu\u00e9 son ma\u00eetre et l&rsquo;homme qu&rsquo;il admirait le plus.<br \/>\n<\/span><\/p>\n<p><span style=\"color: #777777; font-family: Arial;\">De tr\u00e8s nombreux ouvrages ont discut\u00e9 de ce proc\u00e8s.<br \/>\n<\/span><\/p>\n<p><span style=\"color: #777777; font-family: Arial;\">Boucheron aborde un sujet d\u00e9velopp\u00e9 ces derni\u00e8res ann\u00e9es qui est l&rsquo;opinion de Socrate sur la d\u00e9mocratie avant le proc\u00e8s. Parce ce que les chefs d&rsquo;accusation sont la corruption de la jeunesse et une question sur les dieux de la cit\u00e9. Dans l&rsquo;apologie de Socrate il n&rsquo;est pas question d&rsquo;une atteinte \u00e0 la d\u00e9mocratie ath\u00e9nienne. Mais il semble qu&rsquo;il y a aussi un conflit sous-jacent \u00e0 ce sujet.<br \/>\n<\/span><\/p>\n<p><span style=\"color: #777777; font-family: Arial;\">Car la cit\u00e9 d&rsquo;Ath\u00e8nes est une d\u00e9mocratie qui se trouve en difficult\u00e9 au moment du Proc\u00e8s de Socrate.<br \/>\n<\/span><\/p>\n<p><span style=\"color: #777777; font-family: Arial;\">Ath\u00e8nes est durant le Ve si\u00e8cle la cit\u00e9 la plus puissante du monde grec. Mais la guerre du P\u00e9loponn\u00e8se contre Sparte et ses alli\u00e9s, commenc\u00e9e en -431, se termine par une terrible d\u00e9faite.<br \/>\n<\/span><\/p>\n<p><span style=\"color: #777777; font-family: Arial;\">\u00c0 la fin de la guerre, c&rsquo;est le r\u00e9gime d\u00e9mocratique lui-m\u00eame qui est mis en cause.<br \/>\n<\/span><\/p>\n<p><span style=\"color: #777777; font-family: Arial;\">Il y eut une premi\u00e8re tentative pour renverser la d\u00e9mocratie en 411 et en 404, une nouvelle tentative, dirig\u00e9e par Th\u00e9ram\u00e8ne, institue le r\u00e9gime des Trente qui est un r\u00e9gime oligarchique.<br \/>\n<\/span><\/p>\n<p><span style=\"color: #777777; font-family: Arial;\">La d\u00e9faite fut attribu\u00e9e \u00e0 une pr\u00e9tendue perte des valeurs traditionnelles. Ce n&rsquo;est pas tr\u00e8s \u00e9loign\u00e9 des blancs qui font le succ\u00e8s de Trump et qui pense que l&rsquo;Am\u00e9rique est en train de perdre la guerre de la mondialisation, parce qu&rsquo;elle a abandonn\u00e9 ses valeurs originelles. C&rsquo;est exactement les th\u00e8ses d\u00e9fendues par les supr\u00e9macistes.<br \/>\n<\/span><\/p>\n<p><span style=\"color: #777777; font-family: Arial;\">Pour revenir \u00e0 Socrate et son opinion par rapport \u00e0 la d\u00e9mocratie, on lit dans &lt;<a href=\"https:\/\/fr.wikipedia.org\/wiki\/Proc%C3%A8s_de_Socrate\"><span style=\"color: #0000ff;\">Wikipedia<\/span><\/a><span style=\"color: #0000ff;\">&gt;<\/span><br \/>\n<\/span><\/p>\n<p style=\"margin-left: 28pt;\"><span style=\"color: #c00000; font-family: Arial;\">\u00ab\u00a0Les opinions politiques qu&rsquo;on lui attribue et qu&rsquo;ont embrass\u00e9es certains de ses disciples n&rsquo;aident pas sa d\u00e9fense. Critias, un ancien \u00e9l\u00e8ve de Socrate, a \u00e9t\u00e9 l&rsquo;un des chefs de file des Trente tyrans, un groupe d&rsquo;oligarques favorables \u00e0 Sparte qui dirige Ath\u00e8nes durant un peu plus de sept mois, de mai 404 \u00e0 janvier 403, apr\u00e8s la fin de la guerre du P\u00e9loponn\u00e8se. Durant cette m\u00eame guerre, Alcibiade, un des principaux disciples de Socrate durant sa jeunesse, a trahi Ath\u00e8nes en rejoignant le camp des spartiates. De plus, d&rsquo;apr\u00e8s les portraits laiss\u00e9s par des disciples de Socrate, ce dernier \u00e9pouse ouvertement certaines vues anti-d\u00e9mocratiques, estimant que ce n&rsquo;est pas l&rsquo;opinion de la majorit\u00e9 qui donne une politique correcte, mais plut\u00f4t le savoir et la comp\u00e9tence professionnelle, qualit\u00e9s que peu d&rsquo;hommes poss\u00e8dent. Platon le d\u00e9crit aussi comme tr\u00e8s critique envers les citoyens les plus importants et les plus respect\u00e9s de la d\u00e9mocratie ath\u00e9nienne ; il le montre affirmant que les responsables choisis par le syst\u00e8me ath\u00e9nien de gouvernement ne peuvent \u00eatre regard\u00e9s de fa\u00e7on cr\u00e9dible comme des bienfaiteurs, car ce n&rsquo;est pas un groupe nombreux qui b\u00e9n\u00e9ficie de leur politique, mais \u00ab un seul homme [&#8230;] ou alors un tout petit nombre \u00bb. Enfin Socrate est connu pour louer les lois des r\u00e9gimes non d\u00e9mocratiques de Sparte et de la Cr\u00e8te.\u00a0\u00bb<br \/>\n<\/span><\/p>\n<p><img decoding=\"async\" class=\"alignright\" src=\"https:\/\/lemotdujour.fr\/wp-content\/uploads\/2020\/10\/093020_2217_Jeudi1eroct3.jpg\" alt=\"\" align=\"left\" \/><span style=\"color: #777777; font-family: Arial;\">L&rsquo;historien , <strong>Paulin Ismard<\/strong> a \u00e9crit un livre en 2013 \u00ab\u00a0<span style=\"color: #0000ff;\"><a style=\"color: #0000ff;\" href=\"https:\/\/editions.flammarion.com\/Catalogue\/champs-histoire\/l-evenement-socrate\"><strong>L&rsquo;\u00e9v\u00e9nement Socrate<\/strong>\u00a0<\/a><\/span>\u00bb\u00a0: dans lequel il revient sur \u00ab\u00a0l&rsquo;affaire\u00a0\u00bb Socrate et pose la question\u00a0: <a href=\"https:\/\/www.lepoint.fr\/culture\/socrate-ennemi-de-la-democratie-22-08-2013-1812427_3.php\">&lt;<span style=\"color: #0000ff;\">Socrate, ennemi de la d\u00e9mocratie ?<\/span>&gt;<\/a><br \/>\n<\/span><\/p>\n<p><span style=\"color: #777777; font-family: Arial;\">Dans l&rsquo;entretien au Point il explique\u00a0:<br \/>\n<\/span><\/p>\n<p style=\"margin-left: 28pt;\"><span style=\"color: #c00000; font-family: Arial;\">\u00ab\u00a0Mais sa condamnation s&rsquo;explique aussi en partie par le contexte politique ath\u00e9nien de la charni\u00e8re des Ve et IVe si\u00e8cles. A la fin de la guerre du P\u00e9loponn\u00e8se (431-404), les partisans du r\u00e9gime oligarchique profitent du soutien des troupes spartiates pour renverser le r\u00e9gime d\u00e9mocratique et instaurer durant quelques mois ce qui s&rsquo;av\u00e8re rapidement \u00eatre une pure tyrannie, connue sous le nom de r\u00e9gime des Trente. Le proc\u00e8s de Socrate se d\u00e9roule quatre ans apr\u00e8s ces \u00e9v\u00e9nements, \u00e0 un moment o\u00f9 le camp d\u00e9mocrate, d\u00e9sormais tout-puissant, d\u00e9sire solder ses comptes avec ses anciens adversaires. A cette date, Socrate est clairement assimil\u00e9 aux anciens partisans de l&rsquo;oligarchie dans la mesure o\u00f9 plusieurs de ses disciples (dont Critias, l&rsquo;id\u00e9ologue des Trente) ont particip\u00e9 \u00e0 son instauration. Socrate lui-m\u00eame, contrairement \u00e0 de nombreux Ath\u00e9niens, \u00e9tait rest\u00e9 dans la ville durant les heures les plus sombres du r\u00e9gime des Trente, ce qui devait appara\u00eetre aux yeux de nombreux citoyens comme un t\u00e9moignage de soutien.<br \/>\n<\/span><\/p>\n<p style=\"margin-left: 28pt;\"><span style=\"color: #c00000; font-family: Arial;\">[\u2026] Incontestablement, la philosophie politique socratique, d&rsquo;apr\u00e8s ce qu&rsquo;en rapporte l&rsquo;ensemble de ses disciples, \u00e9tait hostile aux principes fondamentaux du r\u00e9gime d\u00e9mocratique, le c\u0153ur du diff\u00e9rend portant sur la place octroy\u00e9e au savoir dans l&rsquo;exercice du pouvoir. Socrate pouvait appara\u00eetre comme un promoteur du gouvernement des experts, alors que le r\u00e9gime d\u00e9mocratique ath\u00e9nien refusait que la comp\u00e9tence technique puisse \u00eatre un titre \u00e0 gouverner.\u00a0\u00bb.<br \/>\n<\/span><\/p>\n<p><span style=\"color: #777777; font-family: Arial;\">Ce sont finalement des d\u00e9bats tr\u00e8s actuels.<br \/>\n<\/span><\/p>\n<p><span style=\"color: #777777; font-family: Arial;\">Si la d\u00e9mocratie conduit \u00e0 ce que le peuple souverain \u00e9lise un type comme Trump, ne faut-il remettre en cause la d\u00e9mocratie\u00a0?<br \/>\n<\/span><\/p>\n<p><span style=\"color: #777777; font-family: Arial;\">Et comme le pense le philosophe Socrate donner le pouvoir \u00e0 ceux qui savent\u00a0?<br \/>\n<\/span><\/p>\n<p><span style=\"color: #777777; font-family: Arial;\">C&rsquo;est un peu ce que l&rsquo;Union europ\u00e9enne, essaye de mettre en place et qui est d\u00e9nonc\u00e9 par Emmanuel Todd ou Michel Onfray.<br \/>\n<\/span><\/p>\n<p><span style=\"color: #777777; font-family: Arial;\">J&rsquo;avais \u00e9voqu\u00e9 ce sujet lors de mots du jour. Par exemple <a href=\"https:\/\/lemotdujour.fr\/?p=1288\"><span style=\"color: blue; text-decoration: underline;\">mercredi 21 octobre 2015<\/span><\/a><span style=\"color: blue;\"><span style=\"text-decoration: underline;\">\u00a0: <\/span><span style=\"color: navy;\">\u00ab <span style=\"color: #c00000;\">Mon mandat ne provient pas du peuple europ\u00e9en<span style=\"color: navy;\">. \u00bb <span style=\"color: #777777;\">qui est une phrase qu&rsquo;a tenue C\u00e9cilia Malmstr\u00f6m, la commissaire europ\u00e9enne, en 2015, charg\u00e9e du commerce et donc des n\u00e9gociations du TTIP ou TAFTA, ou celui du <a href=\"https:\/\/lemotdujour.fr\/?p=1050\"><span style=\"color: blue; text-decoration: underline;\">mercredi 25 mars 2015<\/span><\/a><span style=\"color: blue;\"> <span style=\"color: #777777;\">qui rapportait les propos d&rsquo;un fonctionnaire europ\u00e9en\u00a0: <span style=\"color: navy;\"><strong>\u00ab<\/strong><span style=\"color: #c00000;\">Ne vous inqui\u00e9tez pas, en Europe nous avons le syst\u00e8me qui permet de ne pas tenir compte des \u00e9lections.<span style=\"color: navy;\"><strong>\u00bb<\/strong><span style=\"color: #777777;\"><br \/>\n<\/span><\/span><\/span><\/span><\/span><\/span><\/span><\/span><\/span><\/span><\/span><\/span><\/p>\n<p><span style=\"color: #777777; font-family: Arial;\">Sommes-nous condamn\u00e9s \u00e0 choisir entre un gouvernement des experts ou un gouvernement \u00e0 la Trump\u00a0?<br \/>\n<\/span><\/p>\n<p><span style=\"color: #777777; font-family: Arial;\">N&rsquo;est ce pas des gouvernements d&rsquo;experts qui ont conduit \u00e0 \u00e9lire des gens comme Trump\u00a0?<br \/>\n<\/span><\/p>\n<p><span style=\"color: #777777; font-family: Arial;\">Boucheron pr\u00e9tend que nous ne sommes pas encore remis de cette divergence initiale entre la philosophie et la d\u00e9mocratie qui a eu lieu il y a 2400 ans.<br \/>\n<\/span><\/p>\n<p><a href=\"https:\/\/www.youtube.com\/watch?v=-fEyYGGq4Ok&amp;pbjreload=101\"><span style=\"color: #0000ff;\">&lt;-399, le proc\u00e8s de Socrate | Quand l&rsquo;histoire fait dates | ARTE&gt;<\/span><\/a><\/p>\n<p><span style=\"color: #777777; font-family: Arial;\"><span style=\"color: #800000;\">&lt;1465&gt;<\/span><br \/>\n<\/span><\/p>\n<p><span style=\"color: #777777; font-family: Arial;\">\u00a0<\/span><\/p>\n","protected":false},"excerpt":{"rendered":"<p>\u00ab Alors ce que nous devons \u00e0 la Gr\u00e8ce, la D\u00e9mocratie et la Philosophie seraient ensemble dans une m\u00eame sc\u00e8ne apais\u00e9e. Mais cela ne s&rsquo;est pas du tout pass\u00e9 comme cela !\u00bb Patrick Boucheron qui raconte le Proc\u00e8s de Socrate<\/p>\n","protected":false},"author":1,"featured_media":0,"comment_status":"open","ping_status":"closed","sticky":false,"template":"","format":"standard","meta":{"footnotes":""},"categories":[1],"tags":[77,65,6,3],"class_list":["post-9680","post","type-post","status-publish","format-standard","hentry","category-motdujour","tag-democratie","tag-etats-unis","tag-philosophie","tag-politique"],"_links":{"self":[{"href":"https:\/\/lemotdujour.fr\/index.php?rest_route=\/wp\/v2\/posts\/9680","targetHints":{"allow":["GET"]}}],"collection":[{"href":"https:\/\/lemotdujour.fr\/index.php?rest_route=\/wp\/v2\/posts"}],"about":[{"href":"https:\/\/lemotdujour.fr\/index.php?rest_route=\/wp\/v2\/types\/post"}],"author":[{"embeddable":true,"href":"https:\/\/lemotdujour.fr\/index.php?rest_route=\/wp\/v2\/users\/1"}],"replies":[{"embeddable":true,"href":"https:\/\/lemotdujour.fr\/index.php?rest_route=%2Fwp%2Fv2%2Fcomments&post=9680"}],"version-history":[{"count":6,"href":"https:\/\/lemotdujour.fr\/index.php?rest_route=\/wp\/v2\/posts\/9680\/revisions"}],"predecessor-version":[{"id":9783,"href":"https:\/\/lemotdujour.fr\/index.php?rest_route=\/wp\/v2\/posts\/9680\/revisions\/9783"}],"wp:attachment":[{"href":"https:\/\/lemotdujour.fr\/index.php?rest_route=%2Fwp%2Fv2%2Fmedia&parent=9680"}],"wp:term":[{"taxonomy":"category","embeddable":true,"href":"https:\/\/lemotdujour.fr\/index.php?rest_route=%2Fwp%2Fv2%2Fcategories&post=9680"},{"taxonomy":"post_tag","embeddable":true,"href":"https:\/\/lemotdujour.fr\/index.php?rest_route=%2Fwp%2Fv2%2Ftags&post=9680"}],"curies":[{"name":"wp","href":"https:\/\/api.w.org\/{rel}","templated":true}]}}