{"id":968,"date":"2015-01-19T01:00:00","date_gmt":"2015-01-18T22:00:00","guid":{"rendered":"http:\/\/lemotdujour.fr\/?p=968"},"modified":"2020-11-15T16:53:03","modified_gmt":"2020-11-15T15:53:03","slug":"lundi-19-janvier-2015","status":"publish","type":"post","link":"https:\/\/lemotdujour.fr\/?p=968","title":{"rendered":"Lundi 19 Janvier 2015"},"content":{"rendered":"<div class=\"mdjTexte\">\u00abConspiracy Watch\u00bb<\/div>\n<div class=\"mdjAuteur\">Rudy Reichstadt<\/div>\n<div class=\"mdjComplements\">Cela a commenc\u00e9 avec les couleurs du r\u00e9troviseur de la voiture des deux fr\u00e8res fanatiques qui ont assassin\u00e9s ceux de Charlie Hebdo.<\/div>\n<div class=\"mdjComplements\">Par la suite Jean-Marie Le Pen a affirm\u00e9 que l&rsquo;assassinat portait la marque des services secrets.<\/div>\n<div class=\"mdjComplements\">Sur la toile se multiplie d\u00e9sormais les th\u00e9ories du complot \u00e0 propos de ce qui s&rsquo;est pass\u00e9 \u00e0 Paris entre le 7 et le 9 janvier 2015.<\/div>\n<div class=\"mdjComplements\">Le conspirationnisme a toujours exist\u00e9. Un des exemples les plus fameux fut l&rsquo;invention du <a href=\"http:\/\/fr.wikipedia.org\/wiki\/Les_Protocoles_des_Sages_de_Sion\">&lt;Le Protocole des Sages de Sion&gt;<\/a> qui parlait d&rsquo;un complot juif mondial et qui a \u00e9t\u00e9 largement utilis\u00e9 par les antis\u00e9mites de tous bords et particuli\u00e8rement les nazis. Les historiens ont fait leur travail et peuvent d\u00e9sormais affirmer avec certitude que ce document a \u00e9t\u00e9 cr\u00e9\u00e9 de toute pi\u00e8ce par la police secr\u00e8te de l&#8217;empire russe au d\u00e9but du XX\u00e8me si\u00e8cle.<\/div>\n<div class=\"mdjComplements\">Une autre th\u00e9orie complotiste toujours tr\u00e8s vivace est celle des illuminati.<\/div>\n<div class=\"mdjComplements\">Il a exist\u00e9 une \u00ab soci\u00e9t\u00e9 de pens\u00e9e \u00bb allemande en Bavi\u00e8re appel\u00e9e \u00ab\u00a0les Illuminati\u00a0\u00bb Cette soci\u00e9t\u00e9 a \u00e9t\u00e9&nbsp; dissoute en 1785. Selon les complotistes elle aurait perdur\u00e9 dans la clandestinit\u00e9 et poursuivrait un plan secret de domination du monde. Ces th\u00e9ories pr\u00e9tendent que les Illuminati r\u00e9alisent leur plan en infiltrant les diff\u00e9rents gouvernements, en particulier ceux issus de r\u00e9volutions, et les autres soci\u00e9t\u00e9s initiatiques dont la franc-ma\u00e7onnerie. En particulier, la th\u00e9orie du complot Illuminati d\u00e9clare que certains P\u00e8res fondateurs des \u00c9tats-Unis, dont certains \u00e9taient francs-ma\u00e7ons, ont \u00e9t\u00e9 corrompus par les Illuminati. Cette tr\u00e8s ancienne th\u00e9orie du complot est encore soutenue de nos jours.<\/div>\n<div class=\"mdjComplements\">Aujourd&rsquo;hui un homme tr\u00e8s actif sur internet Alain Soral dont les liens avec Dieudonn\u00e9 sont av\u00e9r\u00e9s, expliquent le monde \u00e0 travers les conspirations juives et am\u00e9ricaines. Les attentats de la semaine derni\u00e8re n&rsquo;\u00e9chappant pas \u00e0 cette explication du monde.<\/div>\n<div class=\"mdjComplements\">C&rsquo;est pourquoi le site Conspiracy Watch cr\u00e9\u00e9 par Rudy Reichstadt est tellement utile pour d\u00e9construire toutes ces th\u00e9ories. C&rsquo;est un site qui est devenu r\u00e9f\u00e9rence et que j&rsquo;ai d\u00e9couvert, encore une fois gr\u00e2ce \u00e0 l&rsquo;\u00e9mission de Caroline Fourest, \u00ab\u00a0Ils changent le monde\u00a0\u00bb dans laquelle il avait \u00e9t\u00e9 invit\u00e9 <a href=\"http:\/\/www.franceinter.fr\/emission-ils-changent-le-monde-rudy-reichstadt-gardien-de-linformation-sur-internet\">&lt;Ici le lien vers cette \u00e9mission de Caroline Fourest&gt;&nbsp; <\/a>que je vous invite \u00e0 \u00e9couter. Vous y apprendrez notamment qu&rsquo;Alain Soral a \u00e9t\u00e9 financ\u00e9 par l&rsquo;Iran lors de sa campagne \u00e9lectorale pour les europ\u00e9ennes pour la liste qu&rsquo;il avait cr\u00e9\u00e9e avec Dieudonn\u00e9.<\/div>\n<div class=\"mdjComplements\">Il a \u00e9t\u00e9 bien entendu tr\u00e8s vigilant sur ces stupidit\u00e9s qui ont \u00e9t\u00e9 invent\u00e9es sur les attentats de Paris et je vous invite \u00e0 aller sur ce site pour lire ses arguments.<\/div>\n<div class=\"mdjComplements\">Le combat contre ces conspirationnistes ne signifie pas qu&rsquo;il n&rsquo;existe jamais de complot. Le coup d&rsquo;\u00e9tat contre Salvadore Allende a bien \u00e9t\u00e9 un complot de la CIA, de riches industriels chiliens et d&rsquo;une partie de l&rsquo;\u00e9tat-major de l&rsquo;arm\u00e9e chilienne. Il est \u00e9tabli aussi que la CIA a bien aid\u00e9 au d\u00e9veloppement d&rsquo;Al quaida en Afghanistan, parce qu&rsquo;ils avaient un ennemi commun : l&rsquo;Union Sovi\u00e9tique.<\/div>\n<div class=\"mdjComplements\">Mais il faut se m\u00e9fier devant cette obsession qui explique tout \u00e0 travers les th\u00e9ories des complots, ou qui cherche m\u00eame \u00e0 nier certains faits historiques comme les premiers pas d&rsquo;Amstrong sur la lune.<\/div>\n<div class=\"mdjComplements\">Il semble que beaucoup de jeunes soient attir\u00e9s par ces th\u00e9ories.<\/div>\n<div class=\"mdjComplements\">Une des raisons qui pousseraient les jeunes vers ces th\u00e8ses vient du fait du peu de confiance qu&rsquo;ils manifestent \u00e0 l&rsquo;\u00e9gard des grands m\u00e9dias t\u00e9l\u00e9vis\u00e9s et de l&rsquo;appel syst\u00e9matique de ces derniers \u00e0 un petit groupe de \u00ab\u00a0pr\u00e9tendus experts\u00a0\u00bb qui expliquent les choses \u00e0 leur fa\u00e7on et qui sont tr\u00e8s souvent critiquables.<\/div>\n<div class=\"mdjComplements\">Toujours est-il que l&rsquo;homme raisonnable et rationnel dispose gr\u00e2ce \u00e0 Rudy Reichstat d&rsquo;un site critique et argument\u00e9e.<\/div>\n<div class=\"mdjComplements\">Mais nous ne devons pas nous d\u00e9partir de notre sens critique, m\u00eame en consultant de site \u00ab\u00a0conspiracy watch\u00a0\u00bb qui peut se tromper mais qui s&rsquo;efforce toujours par un raisonnement rigoureux et l&rsquo;appel \u00e0 des sources fiables \u00e0 faire \u00ab\u00a0exploser en vol\u00a0\u00bb la plupart des th\u00e9ories des conspirationnistes. Ces derniers ne sont jamais des hommes neutres qui cherchent \u00e0 d\u00e9crypter la r\u00e9alit\u00e9, mais ce sont des doctrinaires qui expriment des th\u00e9ories en coh\u00e9rence avec leur vision haineuse.<\/div>\n<div class=\"mdjComplements\">Voici ce site utile pour l&rsquo;hygi\u00e8ne de l&rsquo;esprit : <a href=\"http:\/\/www.conspiracywatch.info\/\">http:\/\/www.conspiracywatch.info\/<\/a><\/div>\n","protected":false},"excerpt":{"rendered":"<p>\u00abConspiracy Watch\u00bb Rudy Reichstadt Cela a commenc\u00e9 avec les couleurs du r\u00e9troviseur de la voiture des deux fr\u00e8res fanatiques qui ont assassin\u00e9s ceux de Charlie Hebdo. Par la suite Jean-Marie Le Pen a affirm\u00e9 que l&rsquo;assassinat portait la marque des<\/p>\n","protected":false},"author":1,"featured_media":0,"comment_status":"closed","ping_status":"closed","sticky":false,"template":"","format":"standard","meta":{"footnotes":""},"categories":[1],"tags":[],"class_list":["post-968","post","type-post","status-publish","format-standard","hentry","category-motdujour"],"_links":{"self":[{"href":"https:\/\/lemotdujour.fr\/index.php?rest_route=\/wp\/v2\/posts\/968","targetHints":{"allow":["GET"]}}],"collection":[{"href":"https:\/\/lemotdujour.fr\/index.php?rest_route=\/wp\/v2\/posts"}],"about":[{"href":"https:\/\/lemotdujour.fr\/index.php?rest_route=\/wp\/v2\/types\/post"}],"author":[{"embeddable":true,"href":"https:\/\/lemotdujour.fr\/index.php?rest_route=\/wp\/v2\/users\/1"}],"replies":[{"embeddable":true,"href":"https:\/\/lemotdujour.fr\/index.php?rest_route=%2Fwp%2Fv2%2Fcomments&post=968"}],"version-history":[{"count":2,"href":"https:\/\/lemotdujour.fr\/index.php?rest_route=\/wp\/v2\/posts\/968\/revisions"}],"predecessor-version":[{"id":10111,"href":"https:\/\/lemotdujour.fr\/index.php?rest_route=\/wp\/v2\/posts\/968\/revisions\/10111"}],"wp:attachment":[{"href":"https:\/\/lemotdujour.fr\/index.php?rest_route=%2Fwp%2Fv2%2Fmedia&parent=968"}],"wp:term":[{"taxonomy":"category","embeddable":true,"href":"https:\/\/lemotdujour.fr\/index.php?rest_route=%2Fwp%2Fv2%2Fcategories&post=968"},{"taxonomy":"post_tag","embeddable":true,"href":"https:\/\/lemotdujour.fr\/index.php?rest_route=%2Fwp%2Fv2%2Ftags&post=968"}],"curies":[{"name":"wp","href":"https:\/\/api.w.org\/{rel}","templated":true}]}}