{"id":9669,"date":"2020-09-30T00:05:00","date_gmt":"2020-09-29T22:05:00","guid":{"rendered":"http:\/\/lemotdujour.fr\/?p=9669"},"modified":"2020-10-10T20:59:48","modified_gmt":"2020-10-10T18:59:48","slug":"mercredi-29-septembre-2020","status":"publish","type":"post","link":"https:\/\/lemotdujour.fr\/?p=9669","title":{"rendered":"Mercredi 30 septembre 2020"},"content":{"rendered":"<div class=\"mdjTexte\">\u00abCe n&rsquo;est qu&rsquo;alors qu&rsquo;il peut arriver qu&rsquo;en une heure tr\u00e8s rare, du milieu d&rsquo;eux, se l\u00e8ve le premier mot d&rsquo;un vers.\u00bb<\/div>\n<div class=\"mdjAuteur\">Rainer Maria Rilke<em> Pour \u00e9crire un seul vers (1910), Les Cahiers de Malte<\/em><\/div>\n<p><span style=\"color: #777777; font-family: Arial;\">On peut faire de merveilleuses rencontres, mais il faut \u00eatre pr\u00eat \u00e0 les accueillir.<br \/>\n<\/span><\/p>\n<p><span style=\"color: #777777; font-family: Arial;\">Le grand acteur de th\u00e9\u00e2tre<span style=\"color: #0000ff;\"> <a style=\"color: #0000ff;\" href=\"https:\/\/fr.wikipedia.org\/wiki\/Laurent_Terzieff\">Laurent Terzieff<\/a>,<\/span> mort en 2010, avait rencontr\u00e9, par le livre et la sc\u00e8ne, l&rsquo;un des plus grands po\u00e8tes allemands<span style=\"color: #0000ff;\"> <a style=\"color: #0000ff;\" href=\"https:\/\/r\u00e9publiquedeslettres.fr\/rilke-rainer-maria-9782824901480.php\">Rainer Maria Rilke<\/a><\/span> ( 1875-1926). Po\u00e8te de langue allemande serait plus juste, il est n\u00e9 \u00e0 Prague, en Boh\u00e8me dans l&rsquo;Empire Austro-Hongrois.<br \/>\n<\/span><\/p>\n<p><span style=\"color: #777777; font-family: Arial;\">Il fut un grand voyageur mais passa de longs moments de sa vie \u00e0 Paris. Il \u00e9tait po\u00e8te, il a aussi \u00e9crit un roman largement autobiographique\u00a0: \u00ab<span style=\"color: #0000ff;\">\u00a0<a style=\"color: #0000ff;\" href=\"https:\/\/fr.wikipedia.org\/wiki\/Les_Cahiers_de_Malte_Laurids_Brigge\">Les Cahiers de Malte Laurids Brigge<\/a><\/span>\u00a0\u00bb qu&rsquo;on d\u00e9signe souvent sous le nom abr\u00e9g\u00e9 \u00ab\u00a0Les Cahiers de Malte\u00a0\u00bb.<br \/>\n<\/span><\/p>\n<p><span style=\"color: #777777; font-family: Arial;\">Laurent Terzieff avait mise en sc\u00e8ne, au Th\u00e9\u00e2tre du Lucernaire un spectacle appel\u00e9 \u00ab\u00a0<strong>Une heure avec Rainer Maria Rilke<\/strong>\u00a0\u00bb<br \/>\n<\/span><\/p>\n<p><span style=\"color: #777777; font-family: Arial;\">Il y eut une deuxi\u00e8me rencontre, en pr\u00e9sentiel, dit-on aujourd&rsquo;hui. Laurent Terzieff a rencontr\u00e9 Bernard Pivot sur le plateau d&rsquo;Apostrophes, le 3 f\u00e9vrier 1995. Et lors de cette \u00e9mission, Bernard Pivot a invit\u00e9 Laurent Terzieff \u00e0 dire un extrait de ce livre en prose, extrait d\u00e9di\u00e9 au difficile exercice d&rsquo;\u00e9crire un vers.<br \/>\n<\/span><\/p>\n<p><span style=\"color: #777777; font-family: Arial;\">Et Laurent Terzieff s&rsquo;est ex\u00e9cut\u00e9.<br \/>\n<\/span><\/p>\n<p><span style=\"color: #777777; font-family: Arial;\">Mais il ne dit pas le texte, il l&rsquo;habite et le transcende, dans un moment de gr\u00e2ce.<br \/>\n<\/span><\/p>\n<p><span style=\"color: #777777; font-family: Arial;\">Et il y eut une troisi\u00e8me rencontre.<br \/>\n<\/span><\/p>\n<p><span style=\"color: #777777; font-family: Arial;\">Une rencontre virtuelle que j&rsquo;ai pu accueillir en regardant la vid\u00e9o qui rappelle ce moment.<br \/>\n<\/span><\/p>\n<p><span style=\"color: #777777; font-family: Arial;\">Libre \u00e0 vous, \u00e0 votre tour, d&rsquo;\u00eatre touch\u00e9 par un homme qui vit le texte \u00e9crit par un autre homme.<br \/>\n<\/span><\/p>\n<p><a href=\"https:\/\/www.dailymotion.com\/video\/xnet0\"><img decoding=\"async\" src=\"https:\/\/lemotdujour.fr\/wp-content\/uploads\/2020\/09\/092920_2157_Mercredi29s1.jpg\" alt=\"\" border=\"0\" \/><\/a><span style=\"color: #777777; font-family: Arial;\"><br \/>\n<\/span><\/p>\n<p><span style=\"color: #777777; font-family: Arial;\">Les mots de ce texte sont les suivants.<br \/>\n<\/span><\/p>\n<p style=\"margin-left: 28pt;\"><span style=\"color: #c00000; font-family: Arial;\">Pour \u00e9crire un seul vers,<br \/>\nil faut avoir vu beaucoup de villes, d&rsquo;hommes et de choses,<br \/>\nil faut conna\u00eetre les animaux,<br \/>\nil faut sentir comment volent les oiseaux<br \/>\net savoir quel mouvement font les petites fleurs en s&rsquo;ouvrant le matin.<br \/>\nIl faut pouvoir repenser \u00e0 des chemins dans des r\u00e9gions inconnues,<br \/>\n\u00e0 des rencontres inattendues,<br \/>\n\u00e0 des d\u00e9parts que l&rsquo;on voyait longtemps approcher,<br \/>\n\u00e0 des jours d&rsquo;enfance dont le myst\u00e8re ne s&rsquo;est pas encore \u00e9clairci,<br \/>\n\u00e0 ses parents qu&rsquo;il fallait qu&rsquo;on froiss\u00e2t lorsqu&rsquo;ils vous apportaient une joie et qu&rsquo;on ne la comprenait pas ( c&rsquo;\u00e9tait une joie faite pour un autre ),<br \/>\n\u00e0 des maladies d&rsquo;enfance qui commen\u00e7aient si singuli\u00e8rement, par tant de profondes et graves transformations,<br \/>\n\u00e0 des jours pass\u00e9s dans des chambres calmes et contenues,<br \/>\n\u00e0 des matins au bord de la mer,<br \/>\n\u00e0 la mer elle-m\u00eame, \u00e0 des mers,<br \/>\n\u00e0 des nuits de voyage qui fr\u00e9missaient tr\u00e8s haut et volaient avec toutes les \u00e9toiles<br \/>\n\u2013 et il ne suffit m\u00eame pas de savoir penser \u00e0 tout cela.<br \/>\nIl faut avoir des souvenirs de beaucoup de nuits d&rsquo;amour, dont aucune ne ressemblait \u00e0 l&rsquo;autre,<br \/>\nde cris de femmes hurlant en mal d&rsquo;enfant, et de l\u00e9g\u00e8res, de blanches, de dormantes accouch\u00e9es qui se refermaient.<br \/>\nIl faut encore avoir \u00e9t\u00e9 aupr\u00e8s de mourants,<br \/>\n\u00eatre rest\u00e9 assis aupr\u00e8s de morts, dans la chambre, avec la fen\u00eatre ouverte et les bruits qui venaient par \u00e0-coups.<br \/>\nEt il ne suffit m\u00eame pas d&rsquo;avoir des souvenirs.<br \/>\nIl faut savoir les oublier quand ils sont nombreux, et il faut avoir la grande patience d&rsquo;attendre qu&rsquo;ils reviennent.<br \/>\nCar les souvenirs ne sont pas encore cela.<br \/>\nCe n&rsquo;est que lorsqu&rsquo;ils deviennent en nous sang, regard, geste,<br \/>\nlorsqu&rsquo;ils n&rsquo;ont plus de nom et ne se distinguent plus de nous,<br \/>\nce n&rsquo;est qu&rsquo;alors qu&rsquo;il peut arriver qu&rsquo;en une heure tr\u00e8s rare, du milieu d&rsquo;eux, se l\u00e8ve le premier mot d&rsquo;un vers.<br \/>\n<\/span><\/p>\n<p style=\"margin-left: 28pt;\"><span style=\"color: #c00000; font-family: Arial;\"><em>\u2013 Pour \u00e9crire un seul vers (1910), Les Cahiers de Malte &#8212;<br \/>\n<\/em><\/span><\/p>\n<p><span style=\"color: #777777; font-family: Arial;\">Il s&rsquo;agit d&rsquo;une traduction. Il est possible de trouver l&rsquo;int\u00e9gralit\u00e9 de ce texte dans sa version originale en allemand derri\u00e8re &lt;<span style=\"color: #0000ff;\"><a style=\"color: #0000ff;\" href=\"http:\/\/www.zeno.org\/Literatur\/M\/Rilke,+Rainer+Maria\/Roman\/Die+Aufzeichnungen+des+Malte+Laurids+Brigge\">ce lien<\/a><\/span>&gt;.<br \/>\n<\/span><\/p>\n<p><span style=\"color: #777777; font-family: Arial;\">Il m&rsquo;a donc \u00e9t\u00e9 possible de mettre vis-\u00e0-vis les versions fran\u00e7aises et allemandes.<br \/>\n<\/span><\/p>\n<div style=\"margin-left: 28pt;\">\n<table style=\"border-collapse: collapse;\" border=\"0\">\n<colgroup>\n<col style=\"width: 302px;\" \/>\n<col style=\"width: 302px;\" \/><\/colgroup>\n<tbody valign=\"top\">\n<tr>\n<td style=\"padding-left: 7px; padding-right: 7px; border: solid 0.5pt;\"><span style=\"color: #c00000; font-family: Arial;\">Pour \u00e9crire un seul vers, <\/span><\/td>\n<td style=\"padding-left: 7px; padding-right: 7px; border-top: solid 0.5pt; border-left: none; border-bottom: solid 0.5pt; border-right: solid 0.5pt;\"><span style=\"color: #777777; font-family: Arial;\">Um eines Verses willen <\/span><\/td>\n<\/tr>\n<tr>\n<td style=\"padding-left: 7px; padding-right: 7px; border-top: none; border-left: solid 0.5pt; border-bottom: solid 0.5pt; border-right: solid 0.5pt;\"><span style=\"color: #c00000; font-family: Arial;\">il faut avoir vu beaucoup de villes, d&rsquo;hommes et de choses, <\/span><\/td>\n<td style=\"padding-left: 7px; padding-right: 7px; border-top: none; border-left: none; border-bottom: solid 0.5pt; border-right: solid 0.5pt;\"><span style=\"color: #777777; font-family: Arial;\">mu\u00df man viele St\u00e4dte sehen Menschen und Dinge<\/span><\/td>\n<\/tr>\n<tr>\n<td style=\"padding-left: 7px; padding-right: 7px; border-top: none; border-left: solid 0.5pt; border-bottom: solid 0.5pt; border-right: solid 0.5pt;\"><span style=\"color: #c00000; font-family: Arial;\">il faut conna\u00eetre les animaux, <\/span><\/td>\n<td style=\"padding-left: 7px; padding-right: 7px; border-top: none; border-left: none; border-bottom: solid 0.5pt; border-right: solid 0.5pt;\"><span style=\"color: #777777; font-family: Arial;\">man mu\u00df die Tiere kennen<\/span><\/td>\n<\/tr>\n<tr>\n<td style=\"padding-left: 7px; padding-right: 7px; border-top: none; border-left: solid 0.5pt; border-bottom: solid 0.5pt; border-right: solid 0.5pt;\"><span style=\"color: #c00000; font-family: Arial;\">il faut sentir comment volent les oiseaux <\/span><\/td>\n<td style=\"padding-left: 7px; padding-right: 7px; border-top: none; border-left: none; border-bottom: solid 0.5pt; border-right: solid 0.5pt;\"><span style=\"color: #777777; font-family: Arial;\">man mu\u00df f\u00fchlen wie die V\u00f6gel fliegen<\/span><\/td>\n<\/tr>\n<tr>\n<td style=\"padding-left: 7px; padding-right: 7px; border-top: none; border-left: solid 0.5pt; border-bottom: solid 0.5pt; border-right: solid 0.5pt;\"><span style=\"color: #c00000; font-family: Arial;\">et savoir quel mouvement font les petites fleurs en s&rsquo;ouvrant le matin. <\/span><\/td>\n<td style=\"padding-left: 7px; padding-right: 7px; border-top: none; border-left: none; border-bottom: solid 0.5pt; border-right: solid 0.5pt;\"><span style=\"color: #777777; font-family: Arial;\">und die Geb\u00e4rde wissen mit welcher die kleinen Blumen sich auftun am Morgen.<\/span><\/td>\n<\/tr>\n<tr>\n<td style=\"padding-left: 7px; padding-right: 7px; border-top: none; border-left: solid 0.5pt; border-bottom: solid 0.5pt; border-right: solid 0.5pt;\"><span style=\"color: #c00000; font-family: Arial;\">Il faut pouvoir repenser \u00e0 des chemins dans des r\u00e9gions inconnues, <\/span><\/td>\n<td style=\"padding-left: 7px; padding-right: 7px; border-top: none; border-left: none; border-bottom: solid 0.5pt; border-right: solid 0.5pt;\"><span style=\"color: #777777; font-family: Arial;\">Man mu\u00df zur\u00fcckdenken k\u00f6nnen an Wege in unbekannten Gegenden<\/span><\/td>\n<\/tr>\n<tr>\n<td style=\"padding-left: 7px; padding-right: 7px; border-top: none; border-left: solid 0.5pt; border-bottom: solid 0.5pt; border-right: solid 0.5pt;\"><span style=\"color: #c00000; font-family: Arial;\">\u00e0 des rencontres inattendues, <\/span><\/td>\n<td style=\"padding-left: 7px; padding-right: 7px; border-top: none; border-left: none; border-bottom: solid 0.5pt; border-right: solid 0.5pt;\"><span style=\"color: #777777; font-family: Arial;\">an unerwartete Begegnungen<\/span><\/td>\n<\/tr>\n<tr>\n<td style=\"padding-left: 7px; padding-right: 7px; border-top: none; border-left: solid 0.5pt; border-bottom: solid 0.5pt; border-right: solid 0.5pt;\"><span style=\"color: #c00000; font-family: Arial;\">\u00e0 des d\u00e9parts que l&rsquo;on voyait longtemps approcher, <\/span><\/td>\n<td style=\"padding-left: 7px; padding-right: 7px; border-top: none; border-left: none; border-bottom: solid 0.5pt; border-right: solid 0.5pt;\"><span style=\"color: #777777; font-family: Arial;\">und an Abschiede die man lange kommen sah<\/span><\/td>\n<\/tr>\n<tr>\n<td style=\"padding-left: 7px; padding-right: 7px; border-top: none; border-left: solid 0.5pt; border-bottom: solid 0.5pt; border-right: solid 0.5pt;\"><span style=\"color: #c00000; font-family: Arial;\">\u00e0 des jours d&rsquo;enfance dont le myst\u00e8re ne s&rsquo;est pas encore \u00e9clairci, <\/span><\/td>\n<td style=\"padding-left: 7px; padding-right: 7px; border-top: none; border-left: none; border-bottom: solid 0.5pt; border-right: solid 0.5pt;\"><span style=\"color: #777777; font-family: Arial;\">an Kindheitstage die noch unaufgekl\u00e4rt sind<\/span><\/td>\n<\/tr>\n<tr>\n<td style=\"padding-left: 7px; padding-right: 7px; border-top: none; border-left: solid 0.5pt; border-bottom: solid 0.5pt; border-right: solid 0.5pt;\"><span style=\"color: #c00000; font-family: Arial;\">\u00e0 ses parents qu&rsquo;il fallait qu&rsquo;on froiss\u00e2t lorsqu&rsquo;ils vous apportaient une joie et qu&rsquo;on ne la comprenait pas ( c&rsquo;\u00e9tait une joie faite pour un autre ), <\/span><\/td>\n<td style=\"padding-left: 7px; padding-right: 7px; border-top: none; border-left: none; border-bottom: solid 0.5pt; border-right: solid 0.5pt;\"><span style=\"color: #777777; font-family: Arial;\">an die Eltern die man kr\u00e4nken mu\u00dfte wenn sie einem eine Freude brachten und man begriff sie nicht (es war eine Freude f\u00fcr einen anderen \u2013)<\/span><\/td>\n<\/tr>\n<tr>\n<td style=\"padding-left: 7px; padding-right: 7px; border-top: none; border-left: solid 0.5pt; border-bottom: solid 0.5pt; border-right: solid 0.5pt;\"><span style=\"color: #c00000; font-family: Arial;\">\u00e0 des maladies d&rsquo;enfance qui commen\u00e7aient si singuli\u00e8rement, par tant de profondes et graves transformations, <\/span><\/td>\n<td style=\"padding-left: 7px; padding-right: 7px; border-top: none; border-left: none; border-bottom: solid 0.5pt; border-right: solid 0.5pt;\"><span style=\"color: #777777; font-family: Arial;\">an Kinderkrankheiten die so seltsam anheben mit so vielen tiefen und schweren Verwandlungen<\/span><\/td>\n<\/tr>\n<tr>\n<td style=\"padding-left: 7px; padding-right: 7px; border-top: none; border-left: solid 0.5pt; border-bottom: solid 0.5pt; border-right: solid 0.5pt;\"><span style=\"color: #c00000; font-family: Arial;\">\u00e0 des jours pass\u00e9s dans des chambres calmes et contenues, <\/span><\/td>\n<td style=\"padding-left: 7px; padding-right: 7px; border-top: none; border-left: none; border-bottom: solid 0.5pt; border-right: solid 0.5pt;\"><span style=\"color: #777777; font-family: Arial;\">an Tage in stillen verhaltenen Stuben <\/span><\/td>\n<\/tr>\n<tr>\n<td style=\"padding-left: 7px; padding-right: 7px; border-top: none; border-left: solid 0.5pt; border-bottom: solid 0.5pt; border-right: solid 0.5pt;\"><span style=\"color: #c00000; font-family: Arial;\">\u00e0 des matins au bord de la mer, <\/span><\/td>\n<td style=\"padding-left: 7px; padding-right: 7px; border-top: none; border-left: none; border-bottom: solid 0.5pt; border-right: solid 0.5pt;\"><span style=\"color: #777777; font-family: Arial;\">und an Morgen am Meer<\/span><\/td>\n<\/tr>\n<tr>\n<td style=\"padding-left: 7px; padding-right: 7px; border-top: none; border-left: solid 0.5pt; border-bottom: solid 0.5pt; border-right: solid 0.5pt;\"><span style=\"color: #c00000; font-family: Arial;\">\u00e0 la mer elle-m\u00eame, \u00e0 des mers, <\/span><\/td>\n<td style=\"padding-left: 7px; padding-right: 7px; border-top: none; border-left: none; border-bottom: solid 0.5pt; border-right: solid 0.5pt;\"><span style=\"color: #777777; font-family: Arial;\">an das Meer \u00fcberhaupt an Meere<\/span><\/td>\n<\/tr>\n<tr>\n<td style=\"padding-left: 7px; padding-right: 7px; border-top: none; border-left: solid 0.5pt; border-bottom: solid 0.5pt; border-right: solid 0.5pt;\"><span style=\"color: #c00000; font-family: Arial;\">\u00e0 des nuits de voyage qui fr\u00e9missaient tr\u00e8s haut et volaient avec toutes les \u00e9toiles<\/span><\/td>\n<td style=\"padding-left: 7px; padding-right: 7px; border-top: none; border-left: none; border-bottom: solid 0.5pt; border-right: solid 0.5pt;\"><span style=\"color: #777777; font-family: Arial;\">an Reisen\u00e4chte die hoch dahinrauschten und mit allen Sternen flogen<\/span><\/td>\n<\/tr>\n<tr>\n<td style=\"padding-left: 7px; padding-right: 7px; border-top: none; border-left: solid 0.5pt; border-bottom: solid 0.5pt; border-right: solid 0.5pt;\"><span style=\"color: #c00000; font-family: Arial;\"> \u2013 et il ne suffit m\u00eame pas de savoir penser \u00e0 tout cela. <\/span><\/td>\n<td style=\"padding-left: 7px; padding-right: 7px; border-top: none; border-left: none; border-bottom: solid 0.5pt; border-right: solid 0.5pt;\"><span style=\"color: #777777; font-family: Arial;\">und es ist noch nicht genug wenn man an alles das denken darf.<\/span><\/td>\n<\/tr>\n<tr>\n<td style=\"padding-left: 7px; padding-right: 7px; border-top: none; border-left: solid 0.5pt; border-bottom: solid 0.5pt; border-right: solid 0.5pt;\"><span style=\"color: #c00000; font-family: Arial;\">Il faut avoir des souvenirs de beaucoup de nuits d&rsquo;amour, dont aucune ne ressemblait \u00e0 l&rsquo;autre, <\/span><\/td>\n<td style=\"padding-left: 7px; padding-right: 7px; border-top: none; border-left: none; border-bottom: solid 0.5pt; border-right: solid 0.5pt;\"><span style=\"color: #777777; font-family: Arial;\">Man mu\u00df Erinnerungen haben an viele Liebesn\u00e4chte von denen keine der andern glich<\/span><\/td>\n<\/tr>\n<tr>\n<td style=\"padding-left: 7px; padding-right: 7px; border-top: none; border-left: solid 0.5pt; border-bottom: solid 0.5pt; border-right: solid 0.5pt;\"><span style=\"color: #c00000; font-family: Arial;\">de cris de femmes hurlant en mal d&rsquo;enfant, et de l\u00e9g\u00e8res, de blanches, de dormantes accouch\u00e9es qui se refermaient. <\/span><\/td>\n<td style=\"padding-left: 7px; padding-right: 7px; border-top: none; border-left: none; border-bottom: solid 0.5pt; border-right: solid 0.5pt;\"><span style=\"color: #777777; font-family: Arial;\">an Schreie von Krei\u00dfenden und an leichte wei\u00dfe schlafende W\u00f6chnerinnen die sich schlie\u00dfen.<\/span><\/td>\n<\/tr>\n<tr>\n<td style=\"padding-left: 7px; padding-right: 7px; border-top: none; border-left: solid 0.5pt; border-bottom: solid 0.5pt; border-right: solid 0.5pt;\"><span style=\"color: #c00000; font-family: Arial;\">Il faut encore avoir \u00e9t\u00e9 aupr\u00e8s de mourants, <\/span><\/td>\n<td style=\"padding-left: 7px; padding-right: 7px; border-top: none; border-left: none; border-bottom: solid 0.5pt; border-right: solid 0.5pt;\"><span style=\"color: #777777; font-family: Arial;\">Aber auch bei Sterbenden mu\u00df man gewesen sein<\/span><\/td>\n<\/tr>\n<tr>\n<td style=\"padding-left: 7px; padding-right: 7px; border-top: none; border-left: solid 0.5pt; border-bottom: solid 0.5pt; border-right: solid 0.5pt;\"><span style=\"color: #c00000; font-family: Arial;\">\u00eatre rest\u00e9 assis aupr\u00e8s de morts, dans la chambre, avec la fen\u00eatre ouverte et les bruits qui venaient par \u00e0-coups.<\/span><\/td>\n<td style=\"padding-left: 7px; padding-right: 7px; border-top: none; border-left: none; border-bottom: solid 0.5pt; border-right: solid 0.5pt;\"><span style=\"color: #777777; font-family: Arial;\">mu\u00df bei Toten gesessen haben in der Stube mit dem offenen Fenster und den sto\u00dfweisen Ger\u00e4uschen.<\/span><\/td>\n<\/tr>\n<tr>\n<td style=\"padding-left: 7px; padding-right: 7px; border-top: none; border-left: solid 0.5pt; border-bottom: solid 0.5pt; border-right: solid 0.5pt;\"><span style=\"color: #c00000; font-family: Arial;\">Et il ne suffit m\u00eame pas d&rsquo;avoir des souvenirs. <\/span><\/td>\n<td style=\"padding-left: 7px; padding-right: 7px; border-top: none; border-left: none; border-bottom: solid 0.5pt; border-right: solid 0.5pt;\"><span style=\"color: #777777; font-family: Arial;\">Und es gen\u00fcgt auch noch nicht da\u00df man Erinnerungen hat.<\/span><\/td>\n<\/tr>\n<tr>\n<td style=\"padding-left: 7px; padding-right: 7px; border-top: none; border-left: solid 0.5pt; border-bottom: solid 0.5pt; border-right: solid 0.5pt;\"><span style=\"color: #c00000; font-family: Arial;\">Il faut savoir les oublier quand ils sont nombreux, et il faut avoir la grande patience d&rsquo;attendre qu&rsquo;ils reviennent. <\/span><\/td>\n<td style=\"padding-left: 7px; padding-right: 7px; border-top: none; border-left: none; border-bottom: solid 0.5pt; border-right: solid 0.5pt;\"><span style=\"color: #777777; font-family: Arial;\">Man mu\u00df sie vergessen k\u00f6nnen wenn es viele sind und man mu\u00df die gro\u00dfe Geduld haben zu warten da\u00df sie wiederkommen.<\/span><\/td>\n<\/tr>\n<tr>\n<td style=\"padding-left: 7px; padding-right: 7px; border-top: none; border-left: solid 0.5pt; border-bottom: solid 0.5pt; border-right: solid 0.5pt;\"><span style=\"color: #c00000; font-family: Arial;\">Car les souvenirs ne sont pas encore cela. <\/span><\/td>\n<td style=\"padding-left: 7px; padding-right: 7px; border-top: none; border-left: none; border-bottom: solid 0.5pt; border-right: solid 0.5pt;\"><span style=\"color: #777777; font-family: Arial;\">Denn die Erinnerungen selbst sind es noch nicht<\/span><\/td>\n<\/tr>\n<tr>\n<td style=\"padding-left: 7px; padding-right: 7px; border-top: none; border-left: solid 0.5pt; border-bottom: solid 0.5pt; border-right: solid 0.5pt;\"><span style=\"color: #c00000; font-family: Arial;\">Ce n&rsquo;est que lorsqu&rsquo;ils deviennent en nous sang, regard, geste, <\/span><\/td>\n<td style=\"padding-left: 7px; padding-right: 7px; border-top: none; border-left: none; border-bottom: solid 0.5pt; border-right: solid 0.5pt;\"><span style=\"color: #777777; font-family: Arial;\">Erst wenn sie Blut werden in uns, Blick und Geb\u00e4rde,<\/span><\/td>\n<\/tr>\n<tr>\n<td style=\"padding-left: 7px; padding-right: 7px; border-top: none; border-left: solid 0.5pt; border-bottom: solid 0.5pt; border-right: solid 0.5pt;\"><span style=\"color: #c00000; font-family: Arial;\">lorsqu&rsquo;ils n&rsquo;ont plus de nom et ne se distinguent plus de nous, <\/span><\/td>\n<td style=\"padding-left: 7px; padding-right: 7px; border-top: none; border-left: none; border-bottom: solid 0.5pt; border-right: solid 0.5pt;\"><span style=\"color: #777777; font-family: Arial;\">namenlos und nicht mehr zu unterscheiden von uns selbst, <\/span><\/td>\n<\/tr>\n<tr>\n<td style=\"padding-left: 7px; padding-right: 7px; border-top: none; border-left: solid 0.5pt; border-bottom: solid 0.5pt; border-right: solid 0.5pt;\"><span style=\"color: #c00000; font-family: Arial;\">ce n&rsquo;est qu&rsquo;alors qu&rsquo;il peut arriver qu&rsquo;en une heure tr\u00e8s rare, du milieu d&rsquo;eux, se l\u00e8ve le premier mot d&rsquo;un vers.<\/span><\/td>\n<td style=\"padding-left: 7px; padding-right: 7px; border-top: none; border-left: none; border-bottom: solid 0.5pt; border-right: solid 0.5pt;\"><span style=\"color: #777777; font-family: Arial;\">erst dann kann es geschehen, da\u00df in einer sehr seltenen Stunde das erste Wort eines Verses aufsteht in ihrer Mitte und aus ihnen ausgeht<\/span><\/td>\n<\/tr>\n<\/tbody>\n<\/table>\n<\/div>\n<p><span style=\"color: #777777; font-family: Arial;\">Je redonne le lien vers la vid\u00e9o d&rsquo;Apostrophes\u00a0: &lt;<a href=\"https:\/\/www.dailymotion.com\/video\/xnet0\"><span style=\"color: #0000ff;\">Pour \u00e9crire un seul vers, il faut avoir vu<\/span><\/a><span style=\"color: #0000ff;\">\u2026<\/span>&gt;<br \/>\n<\/span><\/p>\n<p><span style=\"color: maroon; font-family: Arial;\">&lt;1464&gt;<\/span><\/p>\n","protected":false},"excerpt":{"rendered":"<p>\u00abCe n&rsquo;est qu&rsquo;alors qu&rsquo;il peut arriver qu&rsquo;en une heure tr\u00e8s rare, du milieu d&rsquo;eux, se l\u00e8ve le premier mot d&rsquo;un vers.\u00bb Rainer Maria Rilke Pour \u00e9crire un seul vers (1910), Les Cahiers de Malte On peut faire de merveilleuses rencontres,<\/p>\n","protected":false},"author":1,"featured_media":0,"comment_status":"open","ping_status":"closed","sticky":false,"template":"","format":"standard","meta":{"footnotes":""},"categories":[1],"tags":[46,8,58],"class_list":["post-9669","post","type-post","status-publish","format-standard","hentry","category-motdujour","tag-art","tag-poesie","tag-theatre"],"_links":{"self":[{"href":"https:\/\/lemotdujour.fr\/index.php?rest_route=\/wp\/v2\/posts\/9669","targetHints":{"allow":["GET"]}}],"collection":[{"href":"https:\/\/lemotdujour.fr\/index.php?rest_route=\/wp\/v2\/posts"}],"about":[{"href":"https:\/\/lemotdujour.fr\/index.php?rest_route=\/wp\/v2\/types\/post"}],"author":[{"embeddable":true,"href":"https:\/\/lemotdujour.fr\/index.php?rest_route=\/wp\/v2\/users\/1"}],"replies":[{"embeddable":true,"href":"https:\/\/lemotdujour.fr\/index.php?rest_route=%2Fwp%2Fv2%2Fcomments&post=9669"}],"version-history":[{"count":7,"href":"https:\/\/lemotdujour.fr\/index.php?rest_route=\/wp\/v2\/posts\/9669\/revisions"}],"predecessor-version":[{"id":9782,"href":"https:\/\/lemotdujour.fr\/index.php?rest_route=\/wp\/v2\/posts\/9669\/revisions\/9782"}],"wp:attachment":[{"href":"https:\/\/lemotdujour.fr\/index.php?rest_route=%2Fwp%2Fv2%2Fmedia&parent=9669"}],"wp:term":[{"taxonomy":"category","embeddable":true,"href":"https:\/\/lemotdujour.fr\/index.php?rest_route=%2Fwp%2Fv2%2Fcategories&post=9669"},{"taxonomy":"post_tag","embeddable":true,"href":"https:\/\/lemotdujour.fr\/index.php?rest_route=%2Fwp%2Fv2%2Ftags&post=9669"}],"curies":[{"name":"wp","href":"https:\/\/api.w.org\/{rel}","templated":true}]}}