{"id":9661,"date":"2020-09-29T02:47:00","date_gmt":"2020-09-29T00:47:00","guid":{"rendered":"http:\/\/lemotdujour.fr\/?p=9661"},"modified":"2020-10-10T20:59:22","modified_gmt":"2020-10-10T18:59:22","slug":"mardi-29-septembre-2020","status":"publish","type":"post","link":"https:\/\/lemotdujour.fr\/?p=9661","title":{"rendered":"Mardi 29 septembre 2020"},"content":{"rendered":"<div class=\"mdjTexte\">\u00abUn baiser d&rsquo;amour pour mourir\u00a0? Je veux bien cela\u2026<\/div>\n<div class=\"mdjAuteur\">Violette, une grand-m\u00e8re de 92 ans qui veut que ses petit-enfants l&#8217;embrassent et la touchent malgr\u00e9 la COVID 19<\/div>\n<p><span style=\"color: #777777; font-family: Arial;\">Beaucoup de questions se posent sur cette pand\u00e9mie qui envahit notre espace, nos vies nos relations.<br \/>\n<\/span><\/p>\n<p><span style=\"color: #777777; font-family: Arial;\">Michelle a pos\u00e9 beaucoup d&rsquo;interrogations dans un commentaire au mot du jour d&rsquo;hier.<br \/>\n<\/span><\/p>\n<p><span style=\"color: #777777; font-family: Arial;\">Nous constatons qu&rsquo;il y a des contradictions entre les scientifiques, mais cela nous savons que c&rsquo;est normal. <\/span><span style=\"color: #777777; font-family: Arial;\">D&rsquo;autres interrogations se portent sur certaines incoh\u00e9rences dans les d\u00e9cisions et la strat\u00e9gie des pouvoirs publics.<br \/>\n<\/span><\/p>\n<p><span style=\"color: #777777; font-family: Arial;\">Poser des questions est toujours une bonne d\u00e9marche. <\/span><span style=\"color: #777777; font-family: Arial;\">Poser les bonnes questions constitue une qu\u00eate.<br \/>\n<\/span><\/p>\n<p><span style=\"color: #777777; font-family: Arial;\">J&rsquo;ai aussi beaucoup de questions, mais j&rsquo;ai si peu de r\u00e9ponses. <\/span><span style=\"color: #777777; font-family: Arial;\">Je ne sais pas, telle est la v\u00e9rit\u00e9<br \/>\n<\/span><\/p>\n<p><span style=\"color: #777777; font-family: Arial;\">Mais il y a quand m\u00eame une question pour laquelle j&rsquo;ai l&rsquo;intuition d&rsquo;un d\u00e9but de r\u00e9ponse.<br \/>\n<\/span><\/p>\n<p><span style=\"color: #777777; font-family: Arial;\">Andr\u00e9 Comte-Sponville, depuis plusieurs mois maintenant, alerte sur ce qu&rsquo;il consid\u00e8re comme une erreur, celle de faire de la sant\u00e9 une valeur supr\u00eame :<br \/>\n<\/span><\/p>\n<p style=\"margin-left: 28pt;\"><span style=\"color: #c00000; font-family: Arial;\">\u00ab\u00a0La sant\u00e9 n&rsquo;est pas une valeur du tout, c&rsquo;est un bien\u00a0!\u00a0\u00bb<br \/>\n<\/span><\/p>\n<p><span style=\"color: #777777; font-family: Arial;\">Et il continue<br \/>\n<\/span><\/p>\n<p style=\"margin-left: 28pt;\"><span style=\"color: #c00000; font-family: Arial;\">\u00ab\u00a0Et si on la consid\u00e8re comme une valeur supr\u00eame nous avons tendance \u00e0 tout d\u00e9l\u00e9guer \u00e0 la m\u00e9decine. D\u00e9l\u00e9guer non seulement la gestion de nos maladies, ce qui est normal, mais aussi la gestion de nos vies et de notre soci\u00e9t\u00e9\u00a0\u00bb<br \/>\n<\/span><\/p>\n<p><span style=\"color: #777777; font-family: Arial;\">Il dit cela par exemple dans cette &lt;<\/span><span style=\"font-family: Arial;\"><a href=\"https:\/\/www.youtube.com\/watch?v=vEEUWIBpQPo\"><span style=\"color: #0000ff;\">vid\u00e9o<\/span><\/a><\/span><span style=\"color: #777777; font-family: Arial;\">&gt; de deux minutes o\u00f9 il explique aussi la diff\u00e9rence entre la g\u00e9n\u00e9rosit\u00e9 et la solidarit\u00e9.<br \/>\n<\/span><\/p>\n<p><img decoding=\"async\" class=\"alignleft\" src=\"https:\/\/lemotdujour.fr\/wp-content\/uploads\/2020\/09\/092820_2147_Mardi28sept1.jpg\" alt=\"\" align=\"left\" \/><span style=\"color: #777777; font-family: Arial;\">Et dans &lt;<a href=\"https:\/\/www.youtube.com\/watch?v=98ogEAnprP0\"><span style=\"color: #0000ff;\">celle-ci<\/span><\/a>&gt; il parle de Montaigne, il vient de publier un livre sur ce philosophe \u00ab\u00a0<a href=\"https:\/\/livre.fnac.com\/a14719027\/Andre-Comte-Sponville-Dictionnaire-amoureux-de-Montaigne\"><span style=\"color: #0000ff;\">Dictionnaire amoureux de Montaigne<\/span>\u00a0<\/a>\u00bb.<br \/>\n<\/span><\/p>\n<p><span style=\"color: #777777; font-family: Arial;\">En citant Montaigne, il parle de la COVID19 et appelle \u00e0 ne pas continuer \u00e0 nous laisser dominer par la peur\u00a0:<br \/>\n<\/span><\/p>\n<p style=\"margin-left: 28pt;\"><span style=\"color: #c00000; font-family: Arial;\">\u00ab\u00a0Ce dont j&rsquo;ai le plus peur, c&rsquo;est de la peur\u00a0\u00bb<br \/>\n<\/span><\/p>\n<p><span style=\"color: #777777; font-family: Arial;\">Et il ajoute que c&rsquo;est une formule qu&rsquo;il s&rsquo;est souvent r\u00e9p\u00e9t\u00e9 ces jours-ci.<br \/>\n<\/span><\/p>\n<p><span style=\"color: #777777; font-family: Arial;\">Alors, il pr\u00e9cise bien qu&rsquo;il porte le masque et respecte les gestes barri\u00e8res, mais il y a une sorte d&rsquo;exc\u00e8s qu&rsquo;il d\u00e9nonce.<br \/>\n<\/span><\/p>\n<p><span style=\"color: #777777; font-family: Arial;\">Elie Semoun n&rsquo;est pas philosophe, mais humoriste.<br \/>\n<\/span><\/p>\n<p><span style=\"color: #777777; font-family: Arial;\">Il vient de perdre son p\u00e8re qui est mort en Ehpad, dans le 8<sup>\u00e8me<\/sup> arrondissement de Lyon, pas loin de mon domicile.<br \/>\n<\/span><\/p>\n<p><span style=\"color: #777777; font-family: Arial;\">Et il n&rsquo;est pas content\u00a0: \u00ab <span style=\"color: #0000ff;\"><a style=\"color: #0000ff;\" href=\"https:\/\/www.lepoint.fr\/people\/elie-semoun-en-veut-au-gouvernement-le-confinement-a-tue-mon-pere-25-09-2020-2393599_2116.php\">Le confinement a tu\u00e9 mon p\u00e8re<\/a><\/span> \u00bb\u00a0:<br \/>\n<\/span><\/p>\n<p style=\"margin-left: 28pt;\"><span style=\"color: #c00000; font-family: Arial;\">\u00ab La lecture des nouvelles mesures me met en col\u00e8re, \u00e9crit l&rsquo;acteur sur son compte Instagram. Il est tr\u00e8s douloureux pour moi de l&rsquo;\u00e9crire, mais le confinement a tu\u00e9 mon p\u00e8re. \u00bb<br \/>\n<\/span><\/p>\n<p style=\"margin-left: 28pt;\"><span style=\"color: #c00000; font-family: Arial;\">[&#8230;] Mais je dois rendre publique que l&rsquo;arr\u00eat obligatoire de nos visites \u00e0 son Ehpad durant deux mois a acc\u00e9l\u00e9r\u00e9 son d\u00e9clin d\u00e9j\u00e0 fragilis\u00e9 par Alzheimer.<br \/>\n<\/span><\/p>\n<p style=\"margin-left: 28pt;\"><span style=\"color: #c00000; font-family: Arial;\">C&rsquo;est quasi criminel d&#8217;emp\u00eacher nos anciens d&rsquo;\u00eatre entour\u00e9 de l&rsquo;amour de leurs proches. Parce qu&rsquo;un Je t&rsquo;aime, un baiser, un geste, valent mieux que la solitude dans laquelle nous plonge la peur de ce virus.\u00a0\u00bb<br \/>\n<\/span><\/p>\n<p><span style=\"color: #777777; font-family: Arial;\">Dans le m\u00eame article, le journaliste donne aussi la parole \u00e0 Nicolas et Victoria les enfants de Guy Bedos. Victoria dit\u00a0:<br \/>\n<\/span><\/p>\n<p style=\"margin-left: 28pt;\"><span style=\"color: #c00000; font-family: Arial;\">\u00ab\u00a0J&rsquo;en veux [au] coronavirus, [au] confinement qui nous a \u00e9loign\u00e9s de toi avec Nicolas. Pendant deux mois, on n&rsquo;a pas pu te voir par peur de te tuer en t&#8217;embrassant. Et on t&rsquo;a tu\u00e9 en ne venant pas t&#8217;embrasser, finalement. Tu as cess\u00e9 de manger, de marcher, de lutter. \u00c0 quoi bon puisque mes enfants ne m&rsquo;aiment plus\u00a0?\u00a0\u00bb<br \/>\n<\/span><\/p>\n<p><span style=\"color: #777777; font-family: Arial;\">Nous t&rsquo;avons tu\u00e9 en ne venant pas t&#8217;embrasser\u00a0!<br \/>\n<\/span><\/p>\n<p><span style=\"color: #777777; font-family: Arial;\">Et je veux partager avec vous &lt;<a href=\"https:\/\/www.youtube.com\/watch?v=uUwWq1iJ35E\"><span style=\"color: #0000ff;\">cette vid\u00e9o<\/span><\/a>&gt; dans laquelle une psychoth\u00e9rapeute raconte sa rencontre par le canal num\u00e9rique avec une vieille grand-m\u00e8re de 92 ans qu&rsquo;elle appelle Violette.<br \/>\n<\/span><\/p>\n<p><span style=\"color: #777777; font-family: Arial;\">Cette psychoth\u00e9rapeute, Gislaine Duboc, qui annonce aussi d&rsquo;autres comp\u00e9tences plus spirituelles, a donc re\u00e7u en consultation la vieille Dame parce que cette derni\u00e8re voulait qu&rsquo;elle joue le r\u00f4le de m\u00e9diatrice ou m\u00eame qu&rsquo;elle tranche le diff\u00e9rend qui existait entre elle et ses petits-enfants.<br \/>\n<\/span><\/p>\n<p><span style=\"color: #777777; font-family: Arial;\">Les enfants et les petits enfants venaient voir r\u00e9guli\u00e8rement Violette, ils \u00e9taient masqu\u00e9s, ne s&rsquo;approchaient pas d&rsquo;elle et par voie de cons\u00e9quence ne la touchait pas, ce que Violette trouvait insupportable. Les petits enfants lui r\u00e9torquaient qu&rsquo;il leur \u00e9tait impossible de risquer de lui apporter la mort, et que si tel \u00e9tait le cas il porterait cette culpabilit\u00e9 pour le restant de leurs jours.<br \/>\n<\/span><\/p>\n<p><span style=\"color: #777777; font-family: Arial;\">Dans ces conditions la grand-m\u00e8re ne voulait plus les voir, ce que les petits enfants trouvaient tr\u00e8s injustes, car ils aimaient venir voir leur grand-m\u00e8re.<br \/>\n<\/span><\/p>\n<p><span style=\"color: #777777; font-family: Arial;\">Violette a demand\u00e9 \u00e0 Gislaine Duboc de trouver les mots pour convaincre ses petits-enfants de se ranger \u00e0 ses arguments. Gislaine Duboc qui dit comprendre la position des deux, se dit incapable de jouer ce r\u00f4le mais elle demande \u00e0 Violette de dire avec ses mots ce qu&rsquo;elle d\u00e9sire. Et Violette parle\u00a0:<br \/>\n<\/span><\/p>\n<p style=\"margin-left: 28pt;\"><span style=\"color: #c00000; font-family: Arial;\">\u00ab\u00a0Je n&rsquo;ai pas peur [de la mort]. Je sens que c&rsquo;est la fin. Vous savez je suis \u00e0 la fin de l&rsquo;hiver, je le sens. Mes jours, mes mois ne seront pas tr\u00e8s longs. Je vais avoir 92 ans, pour moi je suis \u00e0 la fin de ma vie. Et c&rsquo;est bien comme cela.<br \/>\n<\/span><\/p>\n<p style=\"margin-left: 28pt;\"><span style=\"color: #c00000; font-family: Arial;\">Mais je ne veux pas \u00eatre priv\u00e9e des baisers. Je ne veux pas \u00eatre priv\u00e9e des bras de mes enfants et de mes petit-enfants.<br \/>\n<\/span><\/p>\n<p style=\"margin-left: 28pt;\"><span style=\"color: #c00000; font-family: Arial;\">Je suis quelqu&rsquo;un qui les touche depuis toujours [\u2026] Je caresse toujours [\u2026] j&rsquo;ai besoin de toucher.<br \/>\n<\/span><\/p>\n<p style=\"margin-left: 28pt;\"><span style=\"color: #c00000; font-family: Arial;\">Et l\u00e0 depuis des semaines, j&rsquo;ai l&rsquo;impression de rentrer dans un froid incroyable.<br \/>\n<\/span><\/p>\n<p style=\"margin-left: 28pt;\"><span style=\"color: #c00000; font-family: Arial;\">Alors si je dois mourir dans le froid \u00e7a, \u00e7a ne va pas. Que j&rsquo;aille vers le froid d&rsquo;accord, mais pas mourir de froid.[\u2026]<br \/>\n<\/span><\/p>\n<p style=\"margin-left: 28pt;\"><span style=\"color: #c00000; font-family: Arial;\">Comprenez bien, la mort elle vient par o\u00f9 elle veut. Tout est messager pour la faire venir. Eh bien, moi si c&rsquo;est l&rsquo;amour de mes enfants qui m&rsquo;am\u00e8ne la mort, un baiser d&rsquo;amour pour mourir, je veux bien cela.\u00a0\u00bb<br \/>\n<\/span><\/p>\n<p><span style=\"color: #777777; font-family: Arial;\"><img loading=\"lazy\" decoding=\"async\" class=\"wp-image-6034 alignleft\" src=\"https:\/\/lemotdujour.fr\/wp-content\/uploads\/2019\/01\/012019_2247_Vendredi25j3.jpg\" alt=\"\" width=\"270\" height=\"241\" srcset=\"https:\/\/lemotdujour.fr\/wp-content\/uploads\/2019\/01\/012019_2247_Vendredi25j3.jpg 627w, https:\/\/lemotdujour.fr\/wp-content\/uploads\/2019\/01\/012019_2247_Vendredi25j3-300x267.jpg 300w\" sizes=\"auto, (max-width: 270px) 100vw, 270px\" \/>\u00ab\u00a0Un baiser d&rsquo;amour pour mourir\u00a0? je veux bien cela\u00a0!\u00a0\u00bb. En quelques mots l&rsquo;essentiel est dit.<br \/>\n<\/span><\/p>\n<p><span style=\"color: #777777; font-family: Arial;\">Il y a un temps o\u00f9 ce qui compte c&rsquo;est la qualit\u00e9, la chaleur du lien et de la vie et non pas la quantit\u00e9 froide d&rsquo;une vie dont on aurait extrait la substance.<br \/>\n<\/span><\/p>\n<p><span style=\"color: #777777; font-family: Arial;\">Il faut regarder la vid\u00e9o c&rsquo;est beaucoup plus \u00e9mouvant que ce que je peux raconter.<br \/>\n<\/span><\/p>\n<p><span style=\"color: #777777; font-family: Arial;\">Merci Violette pour cette le\u00e7on de vie dont la mort fait partie.<br \/>\n<\/span><\/p>\n<p><span style=\"color: maroon; font-family: Arial;\">&lt;1463&gt;<\/span><\/p>\n","protected":false},"excerpt":{"rendered":"<p>\u00abUn baiser d&rsquo;amour pour mourir\u00a0? Je veux bien cela\u2026 Violette, une grand-m\u00e8re de 92 ans qui veut que ses petit-enfants l&#8217;embrassent et la touchent malgr\u00e9 la COVID 19 Beaucoup de questions se posent sur cette pand\u00e9mie qui envahit notre espace,<\/p>\n","protected":false},"author":1,"featured_media":0,"comment_status":"open","ping_status":"closed","sticky":false,"template":"","format":"standard","meta":{"footnotes":""},"categories":[1],"tags":[153,6,117],"class_list":["post-9661","post","type-post","status-publish","format-standard","hentry","category-motdujour","tag-mort","tag-philosophie","tag-viellissement"],"_links":{"self":[{"href":"https:\/\/lemotdujour.fr\/index.php?rest_route=\/wp\/v2\/posts\/9661","targetHints":{"allow":["GET"]}}],"collection":[{"href":"https:\/\/lemotdujour.fr\/index.php?rest_route=\/wp\/v2\/posts"}],"about":[{"href":"https:\/\/lemotdujour.fr\/index.php?rest_route=\/wp\/v2\/types\/post"}],"author":[{"embeddable":true,"href":"https:\/\/lemotdujour.fr\/index.php?rest_route=\/wp\/v2\/users\/1"}],"replies":[{"embeddable":true,"href":"https:\/\/lemotdujour.fr\/index.php?rest_route=%2Fwp%2Fv2%2Fcomments&post=9661"}],"version-history":[{"count":6,"href":"https:\/\/lemotdujour.fr\/index.php?rest_route=\/wp\/v2\/posts\/9661\/revisions"}],"predecessor-version":[{"id":9781,"href":"https:\/\/lemotdujour.fr\/index.php?rest_route=\/wp\/v2\/posts\/9661\/revisions\/9781"}],"wp:attachment":[{"href":"https:\/\/lemotdujour.fr\/index.php?rest_route=%2Fwp%2Fv2%2Fmedia&parent=9661"}],"wp:term":[{"taxonomy":"category","embeddable":true,"href":"https:\/\/lemotdujour.fr\/index.php?rest_route=%2Fwp%2Fv2%2Fcategories&post=9661"},{"taxonomy":"post_tag","embeddable":true,"href":"https:\/\/lemotdujour.fr\/index.php?rest_route=%2Fwp%2Fv2%2Ftags&post=9661"}],"curies":[{"name":"wp","href":"https:\/\/api.w.org\/{rel}","templated":true}]}}