{"id":966,"date":"2015-01-16T01:00:00","date_gmt":"2015-01-15T22:00:00","guid":{"rendered":"http:\/\/lemotdujour.fr\/?p=966"},"modified":"2017-05-08T13:24:26","modified_gmt":"2017-05-08T11:24:26","slug":"vendredi-16-janvier-2015","status":"publish","type":"post","link":"https:\/\/lemotdujour.fr\/?p=966","title":{"rendered":"Vendredi 16 Janvier 2015"},"content":{"rendered":"<div class=\"mdjDate\">Vendredi 16 Janvier 2015<\/div>\n<div class=\"mdjTexte\">\u00ab Le blasph\u00e8me c\u2019est sacr\u00e9 \u00bb<\/div>\n<div class=\"mdjAuteur\">Sophia Aram<\/div>\n<div class=\"mdjComplements\">Dans son <a href=\"http:\/\/www.dailymotion.com\/video\/x2ej3pt_le-billet-de-sophia-aram-le-blaspheme-c-est-sacre_fun\">&lt;billet du lundi 12 janvier Sophia Aram a eu cette belle phrase \u00e0 double sens : le blasph\u00e8me c&rsquo;est sacr\u00e9&gt;<\/a><\/div>\n<div class=\"mdjComplements\">En effet, le blasph\u00e8me a un rapport intime et consubstantiel avec le sacr\u00e9. <\/div>\n<div class=\"mdjComplements\">Pour qu&rsquo;il y ait blasph\u00e8me, il faut d&rsquo;abord qu&rsquo;un groupe de personnes ait \u00e9lev\u00e9 une id\u00e9ologie et une collection de dogmes \u00e0 un niveau qu&rsquo;il pr\u00e9tend sacr\u00e9.<\/div>\n<div class=\"mdjComplements\">Au sein de ces dogmes, certaines id\u00e9es, paroles ou \u00e9crits sont interdits et celui qui les transgresse blasph\u00e8me.<\/div>\n<div class=\"mdjComplements\">Quand il s&rsquo;agit de la r\u00e9alisation d&rsquo;actes interdits, la qualification est le sacril\u00e8ge.<\/div>\n<div class=\"mdjComplements\">Quand il s&rsquo;agit de paroles, d&rsquo;\u00e9crits ou bien s\u00fbr de dessins il y aurait blasph\u00e8me.<\/div>\n<div class=\"mdjComplements\">Pierre Joxe a\u00a0 donn\u00e9 ce bon conseil, alors qu&rsquo;il \u00e9tait invit\u00e9 au Journal de 12:30 du vendredi 9 janvier \u00e0 France Culture : \u00ab\u00a0Pour les questions chaudes, il faut des raisonnements froids.\u00a0\u00bb<\/div>\n<div class=\"mdjComplements\">Et bien soyons froids !<\/div>\n<div class=\"mdjComplements\">Voici donc un groupe qui a \u00e9lev\u00e9 un certain nombre\u00a0 de dogmes \u00e0 un niveau qui est sacr\u00e9 pour lui.<\/div>\n<div class=\"mdjComplements\">Parmi ces dogmes, il y a des interdits.<\/div>\n<div class=\"mdjComplements\">Et celui qui brave les interdits, par la parole, blasph\u00e8me.<\/div>\n<div class=\"mdjComplements\">Pour les croyants appartenant \u00e0 ce groupe, pourquoi pas, c&rsquo;est leur choix.<\/div>\n<div class=\"mdjComplements\">Ils peuvent s&rsquo;imposer des contraintes et les respecter.<\/div>\n<div class=\"mdjComplements\">Mais le diktat qui est pos\u00e9 aujourd&rsquo;hui par certains responsables de ces groupes ou d&rsquo;hommes politiques dont certains sont m\u00eame venus d\u00e9filer dimanche, c&rsquo;est de dire : <\/div>\n<div class=\"mdjComplements\">C&rsquo;est mon texte sacr\u00e9, c&rsquo;est mon interdit sacr\u00e9<\/div>\n<div class=\"mdjComplements\"><strong>Et toi qui ne crois pas, pour qui mon texte n&rsquo;est pas sacr\u00e9, tu dois aussi respecter cet interdit !<\/strong><\/div>\n<div class=\"mdjComplements\">Et bien non !<\/div>\n<div class=\"mdjComplements\">Pour moi, pour Charlie Hebdo ce n&rsquo;est pas interdit.<\/div>\n<div class=\"mdjComplements\">Nous ne reconnaissons pas le droit \u00e0 ces individus qui professent des dogmes auxquels nous ne croyons pas, de nous imposer leurs interdits !<\/div>\n<div class=\"mdjComplements\">Ils ont parfaitement le droit de ne pas aimer la une de Charlie Hebdo bien que selon moi elle soit g\u00e9niale. (Ce qui n&rsquo;\u00e9tait pas toujours le cas, selon mes go\u00fbts, de certaines autres caricatures de Mahomet).<\/div>\n<div class=\"mdjComplements\">Ils ont parfaitement le droit de ne pas acheter Charlie Hebdo. <\/div>\n<div class=\"mdjComplements\">Ils ont m\u00eame le droit de d\u00e9tourner la t\u00eate, si leur regard croise cette image quand il passe dans la rue ou de zapper l&rsquo;image \u00e0 la t\u00e9l\u00e9 ou \u00e0 l&rsquo;ordinateur.<\/div>\n<div class=\"mdjComplements\">Et constatons que dans les pays o\u00f9 ces hommes professent soit comme guide religieux, soit comme chef politique, le blasph\u00e8me n&rsquo;est jamais qu&rsquo;un des aspects, un interdit parmi beaucoup d&rsquo;autres sur la libert\u00e9 d&rsquo;opinion que ce soit en Arabie Saoudite, en Egypte, en Iran, au Y\u00e9men et aussi en Turquie.<\/div>\n<div class=\"mdjComplements\">Le bloggeur qui a \u00e9t\u00e9 condamn\u00e9 \u00e0 1000 coups de fouet, n&rsquo;a pas fait de caricature de leur proph\u00e8te, il n&rsquo;a m\u00eame pas critiqu\u00e9 le proph\u00e8te. Il a voulu ouvrir une discussion sur les actes de la police religieuse. C&rsquo;est \u00e0 dire leur KGB \u00e0 eux.<\/div>\n<div class=\"mdjComplements\">Car oui !\u00a0 quand des si\u00e8cles de luttes, de philosophes, de scientifiques n&rsquo;ont pas su imposer des limites fortes \u00e0 la religion, bref quand la religion gouverne elle est totalitaire.<\/div>\n<div class=\"mdjComplements\">Elle est totalitaire comme le stalinisme, comme le mao\u00efsme, c&rsquo;est \u00e0 dire que d&rsquo;abord elle cherche par tout moyen \u00e0 d\u00e9tecter celles et ceux qui sont d\u00e9viants, dissidents (tous ces concepts invent\u00e9s pour le communisme peuvent \u00eatre repris) et alors elle exerce une violence absolue, extr\u00eame contre tous ceux soup\u00e7onn\u00e9s de ne pas \u00eatre dans la ligne du Parti religieux. L&rsquo;amour tant vant\u00e9 dans le discours des doux r\u00eaveurs est totalement absent dans les buchers et les tortures inquisitoriales chr\u00e9tiens, dans les lapidations, les d\u00e9capitations, les amputations et les flagellations musulmanes, exactement comme dans le goulag et les ex\u00e9cutions sovi\u00e9tiques.<\/div>\n<div class=\"mdjComplements\">C&rsquo;est un grand aveuglement, de ne pas comprendre qu&rsquo;il n&rsquo;y a pas de diff\u00e9rence entre les totalitarismes politiques qui sont apparus au XX\u00e8me si\u00e8cle et les totalitarismes religieux qui existaient avant et qui existent encore aujourd&rsquo;hui.<\/div>\n<div class=\"mdjComplements\">Voici un territoire, sur ce territoire la loi totalitaire s&rsquo;exerce, personne ne doit s&rsquo;en \u00e9loigner. Et puis si on peut \u00e9largir cette loi totalitaire \u00e0 d&rsquo;autres territoires pourquoi s&rsquo;en priver ?<\/div>\n<div class=\"mdjComplements\">L&rsquo;inquisition a \u00e9t\u00e9 le fruit du christianisme, m\u00eame si s&rsquo;en est un fruit pervers.<\/div>\n<div class=\"mdjComplements\">Le djihad est le fruit de l&rsquo;islam, m\u00eame si s&rsquo;en est un fruit pervers.<\/div>\n<div class=\"mdjComplements\">Car, avec la crainte de me r\u00e9p\u00e9ter, je ne parle pas de l&rsquo;aspiration mystique qui se trouve dans chacune de ces religions et qui est une r\u00e9flexion, une relation avec la mort et l&rsquo;au-del\u00e0. Souvent d&rsquo;ailleurs les plus grands mystiques ont \u00e9t\u00e9 opprim\u00e9s par ces chefs dogmatiques.<\/div>\n<div class=\"mdjComplements\">Je parle de ce besoin\u00a0 consubstantiel de ces id\u00e9ologies d&rsquo;organiser la soci\u00e9t\u00e9, la vie sociale et contraindre les gens par la peur et la violence.<\/div>\n<div class=\"mdjComplements\">C&rsquo;\u00e9tait le cas du christianisme de l&rsquo;inquisition, c&rsquo;est le cas aujourd&rsquo;hui de l&rsquo;Arabie Saoudite, de l&rsquo;Iran, du Pakistan et de tant d&rsquo;autres.\u00a0 <\/div>\n<div class=\"mdjComplements\">Mais il y a un second sens \u00e0 ce mot du jour et c&rsquo;est celui que veut lui donner Sophia Aram. En France, et j&rsquo;en suis fier et j&rsquo;esp\u00e8re que vous aussi, le d\u00e9lit de blasph\u00e8me n&rsquo;existe pas.<\/div>\n<div class=\"mdjComplements\">En France blasph\u00e9mer c&rsquo;est sacr\u00e9 !<\/div>\n<div class=\"mdjComplements\">Ce qui est interdit c&rsquo;est l&rsquo;incitation \u00e0 la haine envers un groupe de personnes, une communaut\u00e9.<\/div>\n<div class=\"mdjComplements\">Et si ce d\u00e9lit est constitu\u00e9, la r\u00e9ponse est donn\u00e9e par les tribunaux et la Justice de la R\u00e9publique.<\/div>\n<div class=\"mdjComplements\">Ce qui est certain, c&rsquo;est que ce sont les hommes qui ont cr\u00e9\u00e9 les dieux.<\/div>\n<div class=\"mdjComplements\">L&rsquo;hypoth\u00e8se que Dieu a cr\u00e9\u00e9 l&rsquo;homme est une croyance qui ne pr\u00e9sente aucune certitude pour la raison.<\/div>\n<div class=\"mdjComplements\">Mais notre esprit froid et raisonnable doit reconna\u00eetre qu&rsquo;il n&rsquo;y a pas non plus la certitude du contraire.<\/div>\n<div class=\"mdjComplements\">Ce doute ne saurait nous \u00e9loigner d&rsquo;une opposition totale et absolue contre tous les totalitarismes dont le totalitarisme religieux est un des principaux composants. <\/div>\n","protected":false},"excerpt":{"rendered":"<p>Vendredi 16 Janvier 2015 \u00ab Le blasph\u00e8me c\u2019est sacr\u00e9 \u00bb Sophia Aram Dans son &lt;billet du lundi 12 janvier Sophia Aram a eu cette belle phrase \u00e0 double sens : le blasph\u00e8me c&rsquo;est sacr\u00e9&gt; En effet, le blasph\u00e8me a un<\/p>\n","protected":false},"author":1,"featured_media":0,"comment_status":"closed","ping_status":"closed","sticky":false,"template":"","format":"standard","meta":{"footnotes":""},"categories":[1],"tags":[],"class_list":["post-966","post","type-post","status-publish","format-standard","hentry","category-motdujour"],"_links":{"self":[{"href":"https:\/\/lemotdujour.fr\/index.php?rest_route=\/wp\/v2\/posts\/966","targetHints":{"allow":["GET"]}}],"collection":[{"href":"https:\/\/lemotdujour.fr\/index.php?rest_route=\/wp\/v2\/posts"}],"about":[{"href":"https:\/\/lemotdujour.fr\/index.php?rest_route=\/wp\/v2\/types\/post"}],"author":[{"embeddable":true,"href":"https:\/\/lemotdujour.fr\/index.php?rest_route=\/wp\/v2\/users\/1"}],"replies":[{"embeddable":true,"href":"https:\/\/lemotdujour.fr\/index.php?rest_route=%2Fwp%2Fv2%2Fcomments&post=966"}],"version-history":[{"count":1,"href":"https:\/\/lemotdujour.fr\/index.php?rest_route=\/wp\/v2\/posts\/966\/revisions"}],"predecessor-version":[{"id":967,"href":"https:\/\/lemotdujour.fr\/index.php?rest_route=\/wp\/v2\/posts\/966\/revisions\/967"}],"wp:attachment":[{"href":"https:\/\/lemotdujour.fr\/index.php?rest_route=%2Fwp%2Fv2%2Fmedia&parent=966"}],"wp:term":[{"taxonomy":"category","embeddable":true,"href":"https:\/\/lemotdujour.fr\/index.php?rest_route=%2Fwp%2Fv2%2Fcategories&post=966"},{"taxonomy":"post_tag","embeddable":true,"href":"https:\/\/lemotdujour.fr\/index.php?rest_route=%2Fwp%2Fv2%2Ftags&post=966"}],"curies":[{"name":"wp","href":"https:\/\/api.w.org\/{rel}","templated":true}]}}