{"id":964,"date":"2015-01-15T01:00:00","date_gmt":"2015-01-14T22:00:00","guid":{"rendered":"http:\/\/lemotdujour.fr\/?p=964"},"modified":"2017-05-08T13:24:25","modified_gmt":"2017-05-08T11:24:25","slug":"jeudi-15-janvier-2015","status":"publish","type":"post","link":"https:\/\/lemotdujour.fr\/?p=964","title":{"rendered":"Jeudi 15 Janvier 2015"},"content":{"rendered":"<div class=\"mdjDate\">Jeudi 15 Janvier 2015<\/div>\n<div class=\"mdjTexte\">\u00ab Des musulmans mod\u00e9r\u00e9s ?<br \/>Non ! Des citoyens \u00bb<\/div>\n<div class=\"mdjAuteur\">Charb<\/div>\n<div class=\"mdjComplements\">Il y a les dessins de Charlie Hebdo, les caricatures, la provocation.<\/div>\n<div class=\"mdjComplements\">Charlie Hebdo est unique dans le monde a dit Sylvie Kaufmann dans l&rsquo;\u00e9mission l&rsquo;Esprit Public du dimanche 11 janvier.<\/div>\n<div class=\"mdjComplements\">Le financial Times a dit explicitement qu&rsquo;un Charlie Hebdo ne serait pas possible dans un pays anglo-saxon.<\/div>\n<div class=\"mdjComplements\">La presse anglo-saxonne, n&rsquo;a pas de limite pour fouiller dans les caniveaux et la vie priv\u00e9e des gens mais elle s&rsquo;abstient largement \u00e0 toucher \u00e0 la religion. A chacun ses priorit\u00e9s. <\/div>\n<div class=\"mdjComplements\">Il ne s&rsquo;agit pas de nier l&rsquo;apport primordial des anglais \u00e0 la Libert\u00e9, \u00e0 la limitation du pouvoir mais avec la religion ils n&rsquo;ont pas l&rsquo;esprit fran\u00e7ais, Voltaire est fran\u00e7ais pas anglais.<\/div>\n<div class=\"mdjComplements\"><a href=\"https:\/\/fr.news.yahoo.com\/charlie-hebdo-num%C3%A9ro-d%C3%A9quilibriste-m%C3%A9dias-anglo-saxons-204901459.html\">&lt;Les m\u00e9dias anglo-saxons ont r\u00e9alis\u00e9 un num\u00e9ro d&rsquo;\u00e9quilibriste pour d\u00e9crire Charlie Hebdo&gt;<\/a><\/div>\n<div class=\"mdjComplements\">Mais, ce que je voudrai souligner ici c&rsquo;est que les journalistes de Charlie Hebdo exprimaient aussi des id\u00e9es autrement que par des dessins\u00a0 et des id\u00e9es qui font chaud au c\u0153ur et du bien \u00e0 l&rsquo;esprit.<\/div>\n<div class=\"mdjComplements\">Le mot du jour rapporte la r\u00e9action de Charb suite \u00e0 des manifestations fanatiques chr\u00e9tiennes, celles-la et o\u00f9 il exprime une r\u00e9flexion tr\u00e8s pertinente sur ce concept de \u00ab\u00a0musulman mod\u00e9r\u00e9\u00a0\u00bb :<\/div>\n<div class=\"mdjComplements\">C&rsquo;\u00e9tait en 2011 des catholiques int\u00e9gristes s&rsquo;attaquaient au Th\u00e9\u00e2tre du Rond-Point qui repr\u00e9sentait <em>Golgota Picnic <\/em>pi\u00e8ce de th\u00e9\u00e2tre de l&rsquo;auteur argentin Rodrigo Garcia mettant en sc\u00e8ne J\u00e9sus.<\/div>\n<div class=\"mdjComplements\">Dans une vid\u00e9o d\u2019un peu plus de trois minutes, le dessinateur rappelle la n\u00e9cessit\u00e9 de prendre position contre toutes les formes d\u2019int\u00e9grismes, rappelant qu\u2019<em>\u00ab\u00a0il y a un rapprochement des int\u00e9grismes de toutes les religions\u00a0\u00bb<\/em>. Dans la deuxi\u00e8me partie de la vid\u00e9o (\u00e0 partir de 2&rsquo;40\u00a0\u00bb), Charb, renvoie dans leurs chaumi\u00e8res, ceux qui r\u00e9clament des\u00a0<em>\u00ab musulmans mod\u00e9r\u00e9s\u00a0\u00bb<\/em> qu&rsquo;ils s\u2019engagent <em>\u00ab\u00a0plus que \u00e7a contre l\u2019islam radical\u00a0\u00bb<\/em>. Pour lui, ce ne sont pas les musulmans mod\u00e9r\u00e9s qui doivent s\u2019exprimer mais <em>\u00ab\u00a0les citoyens\u00a0\u00bb\u00a0<\/em>:<em>\u00a0<\/em> <\/div>\n<div class=\"mdjCiter\"> \u00ab\u00a0On s&rsquo;inqui\u00e8te de voir les musulmans mod\u00e9r\u00e9s ne pas r\u00e9agir. Il n&rsquo;y a pas de musulmans mod\u00e9r\u00e9s en France, il n&rsquo;y a pas de musulmans du tout, il y a des gens qui sont de culture musulmane, qui respectent le ramadan comme moi je peux faire No\u00ebl et bouffer de la dinde chez mes parents, mais ils n&rsquo;ont pas \u00e0 s&rsquo;engager plus que \u00e7a contre l&rsquo;islam radical en tant que musulmans mod\u00e9r\u00e9s, puisqu&rsquo;ils ne sont pas musulmans mod\u00e9r\u00e9s, ils sont citoyens. [&#8230;] Ce qui me fait chier c&rsquo;est qu&rsquo;on les interpelle toujours en tant que musulmans mod\u00e9r\u00e9s, il n&rsquo;y en a pas de musulmans mod\u00e9r\u00e9s. C&rsquo;est comme si on me disait \u00e0 moi : \u00ab\u00a0R\u00e9agis en tant que catholique mod\u00e9r\u00e9.\u00a0\u00bb Je ne suis pas catholique mod\u00e9r\u00e9, m\u00eame si je suis baptis\u00e9. Je ne suis pas catholique du tout.\u00a0\u00bb <\/div>\n<div class=\"mdjComplements\">L&rsquo;article qui rappelle cet \u00e9pisode est <a href=\"http:\/\/www.marianne.net\/Charb-Des-musulmans-moderes-Non-des-citoyens-_a243707.html\">&lt;ICI&gt;<\/a><\/div>\n<div class=\"mdjComplements\">Je pourrai aussi rappeler le sketch de Raymond Devos \u00ab\u00a0Faites l&rsquo;amour pas la guerre, on vous met devant un choix\u00a0\u00bb que j&rsquo;ai mentionn\u00e9 dans le du mot du jour du 2 d\u00e9cembre 2014.<\/div>\n<div class=\"mdjComplements\">Ainsi, si un citoyen fran\u00e7ais a eu des parents pratiquant l&rsquo;islam on le met devant un choix binaire : \u00ab\u00a0Tu es musulman mod\u00e9r\u00e9 ou musulman fondamentaliste ?\u00a0\u00bb. <\/div>\n<div class=\"mdjComplements\">Il y en a certainement beaucoup parmi eux qui veulent \u00eatre autre chose.<\/div>\n<div class=\"mdjComplements\">Et je pense comme Charb que quasi tous voudront bien \u00eatre citoyen de la R\u00e9publique fran\u00e7aise.<\/div>\n","protected":false},"excerpt":{"rendered":"<p>Jeudi 15 Janvier 2015 \u00ab Des musulmans mod\u00e9r\u00e9s ?Non ! Des citoyens \u00bb Charb Il y a les dessins de Charlie Hebdo, les caricatures, la provocation. Charlie Hebdo est unique dans le monde a dit Sylvie Kaufmann dans l&rsquo;\u00e9mission l&rsquo;Esprit<\/p>\n","protected":false},"author":1,"featured_media":0,"comment_status":"closed","ping_status":"closed","sticky":false,"template":"","format":"standard","meta":{"footnotes":""},"categories":[1],"tags":[],"class_list":["post-964","post","type-post","status-publish","format-standard","hentry","category-motdujour"],"_links":{"self":[{"href":"https:\/\/lemotdujour.fr\/index.php?rest_route=\/wp\/v2\/posts\/964","targetHints":{"allow":["GET"]}}],"collection":[{"href":"https:\/\/lemotdujour.fr\/index.php?rest_route=\/wp\/v2\/posts"}],"about":[{"href":"https:\/\/lemotdujour.fr\/index.php?rest_route=\/wp\/v2\/types\/post"}],"author":[{"embeddable":true,"href":"https:\/\/lemotdujour.fr\/index.php?rest_route=\/wp\/v2\/users\/1"}],"replies":[{"embeddable":true,"href":"https:\/\/lemotdujour.fr\/index.php?rest_route=%2Fwp%2Fv2%2Fcomments&post=964"}],"version-history":[{"count":1,"href":"https:\/\/lemotdujour.fr\/index.php?rest_route=\/wp\/v2\/posts\/964\/revisions"}],"predecessor-version":[{"id":965,"href":"https:\/\/lemotdujour.fr\/index.php?rest_route=\/wp\/v2\/posts\/964\/revisions\/965"}],"wp:attachment":[{"href":"https:\/\/lemotdujour.fr\/index.php?rest_route=%2Fwp%2Fv2%2Fmedia&parent=964"}],"wp:term":[{"taxonomy":"category","embeddable":true,"href":"https:\/\/lemotdujour.fr\/index.php?rest_route=%2Fwp%2Fv2%2Fcategories&post=964"},{"taxonomy":"post_tag","embeddable":true,"href":"https:\/\/lemotdujour.fr\/index.php?rest_route=%2Fwp%2Fv2%2Ftags&post=964"}],"curies":[{"name":"wp","href":"https:\/\/api.w.org\/{rel}","templated":true}]}}