{"id":962,"date":"2015-01-14T01:00:00","date_gmt":"2015-01-13T22:00:00","guid":{"rendered":"http:\/\/lemotdujour.fr\/?p=962"},"modified":"2017-05-08T13:24:24","modified_gmt":"2017-05-08T11:24:24","slug":"mercredi-14-janvier-2015","status":"publish","type":"post","link":"https:\/\/lemotdujour.fr\/?p=962","title":{"rendered":"Mercredi 14 Janvier 2015"},"content":{"rendered":"<div class=\"mdjDate\">Mercredi 14 Janvier 2015<\/div>\n<div class=\"mdjTexte\">\u00ab Nous allons r\u00e9pondre \u00e0 la terreur, par plus de d\u00e9mocratie, plus d\u2019ouverture et de tol\u00e9rance \u00bb<\/div>\n<div class=\"mdjAuteur\">Jens Stoltenberg <br \/>Premier Ministre Norv\u00e9gien au moment du massacre de Utoya<\/div>\n<div class=\"mdjComplements\">Le 22 juillet 2011, un choc secoue l&rsquo;Europe enti\u00e8re. La Norv\u00e8ge, l&rsquo;un des pays les plus s\u00fbrs, consid\u00e9r\u00e9 comme apais\u00e9 est frapp\u00e9 par un double attentat causant la mort de 92 personnes.<\/div>\n<div class=\"mdjComplements\">Le pays est sid\u00e9r\u00e9. Les deux attaques ont eu lieu quasi simultan\u00e9ment. Tout d&rsquo;abord \u00e0 Oslo, o\u00f9 une bombe explose, soufflant les vitres du bureau du Premier ministre Jens Stoltenberg. Puis sur l&rsquo;\u00eele d&rsquo;Utoya o\u00f9 \u00e9taient r\u00e9unis des dizaines de jeunes membres ou proches du Parti travailliste. Ce m\u00eame Parti travailliste que le tueur, Andres Breivik, pensait complice de l&rsquo;islamisation pr\u00e9tendue de l&rsquo;Europe contre laquelle il luttait. \u00ab\u00a0Marxistes culturels\u00a0\u00bb, les qualifiait-il dans ses textes.<\/div>\n<div class=\"mdjComplements\">Comme dans l&rsquo;attaque de mercredi contre Charlie Hebdo, c&rsquo;est le mod\u00e8le d&rsquo;une soci\u00e9t\u00e9 ouverte et tol\u00e9rante que l&rsquo;on a cherch\u00e9 \u00e0 atteindre.<\/div>\n<div class=\"mdjComplements\">Et face \u00e0 ce drame Jens Stoltenberg r\u00e9agit d&rsquo;abord par ce slogan\u00a0 <a href=\"http:\/\/www.franceinfo.fr\/emission\/histoires-d-info\/2014-2015\/notre-reponse-c-est-plus-de-democratie-et-plus-d-ouverture-jens-stoltenberg-apres-utoya-09\">&lt;Nous n&rsquo;abandonnerons jamais nos valeurs&gt;<\/a>.<\/div>\n<div class=\"mdjComplements\">Et donne comme r\u00e9ponse \u00e0 l&rsquo;attaque ce que j&rsquo;ai repris au mot du jour.<\/div>\n<div class=\"mdjComplements\">Parce qu&rsquo;il y a un danger, apr\u00e8s le 11 septembre L&rsquo;Am\u00e9rique de GW Bush a r\u00e9agi par le Patriot Act et toutes ses cons\u00e9quences d\u00e9sastreuses pour nos valeurs d\u00e9mocratiques.<\/div>\n<div class=\"mdjComplements\">Et si nous agissons ainsi, les fanatiques gagnent puisque nous nous mettons \u00e0 leur niveau, sur leurs valeurs.<\/div>\n<div class=\"mdjComplements\">C&rsquo;est ainsi que <a href=\"http:\/\/www.liberation.fr\/societe\/2015\/01\/07\/robert-badinter-les-terroristes-nous-tendent-un-piege-politique_1175717\">&lt;Badinter a dans un article de Libe expliqu\u00e9 que les terroristes nous tendent un pi\u00e8ge politique&gt;<\/a><\/div>\n<div class=\"mdjComplements\">Il dit notamment : \u00abEnfin, pensons aussi en cette heure d\u2019\u00e9preuve au pi\u00e8ge politique que nous tendent les terroristes. Ceux qui crient \u00ab\u00a0allahou akbar\u00a0\u00bb au moment de tuer d\u2019autres hommes, ceux-l\u00e0 trahissent par fanatisme l\u2019id\u00e9al religieux dont ils se r\u00e9clament. Ils esp\u00e8rent aussi que la col\u00e8re et l\u2019indignation qui emportent la nation trouvera chez certains son expression dans un rejet et une hostilit\u00e9 \u00e0 l\u2019\u00e9gard de tous les musulmans de France. Ainsi se creuserait le foss\u00e9 qu\u2019ils r\u00eavent d\u2019ouvrir entre les musulmans et les autres citoyens. Allumer la haine entre les Fran\u00e7ais, susciter par le crime la violence intercommunautaire, voil\u00e0 leur dessein, au-del\u00e0 de la pulsion de mort qui entra\u00eene ces fanatiques qui tuent en invoquant Dieu. Refusons ce qui serait leur victoire. Et gardons-nous des amalgames injustes et des passions fratricides.\u00bb<\/div>\n<div class=\"mdjComplements\">Bien s\u00fbr il faut se donner les moyens pour lutter contre nos ennemis, mais en pr\u00e9servant toujours nos valeurs, les droits de l&rsquo;Homme et la Libert\u00e9.<\/div>\n<div class=\"mdjComplements\">Si on observe froidement les faits que ce soit Mehrah le tueur de Toulouse, les deux fr\u00e8res assassins de Charlie Hebdo ou le tueur de la Porte de Vincennes et de Montrouge, toutes ces personnes \u00e9taient connues par la Police et suivis. Mais il y a eu un probl\u00e8me de communication entre les services et probablement de moyens humains pour surveiller. Ils \u00e9taient d\u00e9tect\u00e9s.<\/div>\n<div class=\"mdjComplements\">Mais le fait que les services secrets enregistrent mes communications ou les v\u00f4tres ou de millions d&rsquo;autres fran\u00e7ais n&rsquo;apportera rien sinon une terrible r\u00e9gression de nos droits.<\/div>\n<div class=\"mdjComplements\">Pour l&rsquo;instant Manuel Valls semble \u00eatre d&rsquo;accord avec ce point de vue<\/div>\n<div class=\"mdjComplements\">Benjamin Franklin, l&rsquo;un des P\u00e8res fondateurs des \u00c9tats-Unis (1706-1790), l&rsquo;a dit en une phrase : \u00ab Un peuple pr\u00eat \u00e0 sacrifier un peu de libert\u00e9 pour un peu de s\u00e9curit\u00e9 ne m\u00e9rite ni l&rsquo;une ni l&rsquo;autre, et finit par perdre les deux.<strong> <\/strong>\u00bb<\/div>\n","protected":false},"excerpt":{"rendered":"<p>Mercredi 14 Janvier 2015 \u00ab Nous allons r\u00e9pondre \u00e0 la terreur, par plus de d\u00e9mocratie, plus d\u2019ouverture et de tol\u00e9rance \u00bb Jens Stoltenberg Premier Ministre Norv\u00e9gien au moment du massacre de Utoya Le 22 juillet 2011, un choc secoue l&rsquo;Europe<\/p>\n","protected":false},"author":1,"featured_media":0,"comment_status":"closed","ping_status":"closed","sticky":false,"template":"","format":"standard","meta":{"footnotes":""},"categories":[1],"tags":[],"class_list":["post-962","post","type-post","status-publish","format-standard","hentry","category-motdujour"],"_links":{"self":[{"href":"https:\/\/lemotdujour.fr\/index.php?rest_route=\/wp\/v2\/posts\/962","targetHints":{"allow":["GET"]}}],"collection":[{"href":"https:\/\/lemotdujour.fr\/index.php?rest_route=\/wp\/v2\/posts"}],"about":[{"href":"https:\/\/lemotdujour.fr\/index.php?rest_route=\/wp\/v2\/types\/post"}],"author":[{"embeddable":true,"href":"https:\/\/lemotdujour.fr\/index.php?rest_route=\/wp\/v2\/users\/1"}],"replies":[{"embeddable":true,"href":"https:\/\/lemotdujour.fr\/index.php?rest_route=%2Fwp%2Fv2%2Fcomments&post=962"}],"version-history":[{"count":1,"href":"https:\/\/lemotdujour.fr\/index.php?rest_route=\/wp\/v2\/posts\/962\/revisions"}],"predecessor-version":[{"id":963,"href":"https:\/\/lemotdujour.fr\/index.php?rest_route=\/wp\/v2\/posts\/962\/revisions\/963"}],"wp:attachment":[{"href":"https:\/\/lemotdujour.fr\/index.php?rest_route=%2Fwp%2Fv2%2Fmedia&parent=962"}],"wp:term":[{"taxonomy":"category","embeddable":true,"href":"https:\/\/lemotdujour.fr\/index.php?rest_route=%2Fwp%2Fv2%2Fcategories&post=962"},{"taxonomy":"post_tag","embeddable":true,"href":"https:\/\/lemotdujour.fr\/index.php?rest_route=%2Fwp%2Fv2%2Ftags&post=962"}],"curies":[{"name":"wp","href":"https:\/\/api.w.org\/{rel}","templated":true}]}}