{"id":9616,"date":"2020-09-25T00:58:31","date_gmt":"2020-09-24T22:58:31","guid":{"rendered":"http:\/\/lemotdujour.fr\/?p=9616"},"modified":"2020-10-10T20:57:54","modified_gmt":"2020-10-10T18:57:54","slug":"vendredi-25-septembre-2020","status":"publish","type":"post","link":"https:\/\/lemotdujour.fr\/?p=9616","title":{"rendered":"Vendredi 25 septembre 2020"},"content":{"rendered":"<div class=\"mdjTexte\">\u00abUn tour de France sans dopage est ce possible ?\u00bb<\/div>\n<div class=\"mdjAuteur\">Question pos\u00e9e par France Culture<\/div>\n<p><span style=\"color: #777777; font-family: Arial;\">Notre nouveau maire de Lyon, Gr\u00e9gory Doucet a donc os\u00e9 critiquer le Tour de France qui passait par la Capitale des Gaules. Il l&rsquo;a trait\u00e9 de \u00ab\u00a0<span style=\"color: #c00000;\">machiste et de polluant<span style=\"color: #777777;\">.\u00a0\u00bb<br \/>\n<\/span><\/span><\/span><\/p>\n<p><span style=\"color: #777777; font-family: Arial;\">Machiste parce qu&rsquo;il n&rsquo;existe pas de Tour de France f\u00e9minin.<br \/>\n<\/span><\/p>\n<p><img decoding=\"async\" class=\"alignleft\" src=\"https:\/\/lemotdujour.fr\/wp-content\/uploads\/2020\/09\/092420_2249_Vendredi25s1.jpg\" alt=\"\" align=\"left\" \/><span style=\"color: #777777; font-family: Arial;\">Et aussi parce qu&rsquo;on demandait \u00e0 deux femmes de remettre aux vainqueurs du jour leurs diff\u00e9rents maillots (jaune, vert, \u00e0 pois, etc.). Elles leur offraient alors un bouquet et une bise. Cette tradition vient <a href=\"https:\/\/www.lavoixdunord.fr\/854318\/article\/2020-08-21\/tour-de-france-fini-les-hotesses-sur-le-podium-un-homme-et-une-femme-remettront\"><span style=\"color: #0000ff;\">d&rsquo;\u00eatre abandonn\u00e9e<\/span><\/a>, c&rsquo;est d\u00e9sormais un homme et une femme qui remettront les tuniques et troph\u00e9es.<br \/>\n<\/span><\/p>\n<p><span style=\"color: #777777; font-family: Arial;\">Et polluant\u00a0!<br \/>\n<\/span><\/p>\n<p><span style=\"color: #777777; font-family: Arial;\">Avec Annie, nous avons vu par hasard la fameuse caravane du Tour arriver sur les quais du Rh\u00f4ne \u00e0 Lyon.<br \/>\n<\/span><\/p>\n<p><span style=\"color: #777777; font-family: Arial;\">C&rsquo;est affligeant, d&rsquo;une laideur sans pareille et une invitation \u00e0 une soci\u00e9t\u00e9 de bullshit consommation.<br \/>\n<\/span><\/p>\n<p><span style=\"color: #777777; font-family: Arial;\">Pour mettre quelques chiffres sur cette pollution qui accompagne le v\u00e9lo \u00e9cologique, on peut lire cet <a href=\"https:\/\/www.ouest-france.fr\/tour-de-france\/le-tour-de-france-est-il-vraiment-machiste-et-polluant-6969606\"><span style=\"color: #0000ff;\">article d&rsquo;Ouest France<\/span><\/a> qui s&rsquo;essaie \u00e0 un article \u00e9quilibr\u00e9\u00a0:<br \/>\n<\/span><\/p>\n<p style=\"margin-left: 28pt;\"><span style=\"color: #c00000; font-family: Arial;\">\u00ab\u00a0La caravane publicitaire [c&rsquo;est] : 170 v\u00e9hicules qui distribuent environ 18 millions de goodies, le plus souvent des gadgets en plastique, de basse qualit\u00e9, de la plus faible valeur possible et fabriqu\u00e9s en Chine, la plupart du temps donn\u00e9s sous blister, selon Consoglobe, dont 500 000 sachets de saucisson Cochonou et 1,5 million de sachets de bonbons Haribo.<br \/>\n<\/span><\/p>\n<p style=\"margin-left: 28pt;\"><span style=\"color: #c00000; font-family: Arial;\">Ajoutez \u00e0 cela une flotte d&rsquo;environ 2 000 v\u00e9hicules pour transporter \u00e9quipes et mat\u00e9riel, 10 \u00e0 12 millions de spectateurs qui se d\u00e9placent le long des routes, dont beaucoup en camping-car, et environ 3 tonnes de d\u00e9chets par ville \u00e9tape\u00a0\u00bb<br \/>\n<\/span><\/p>\n<p><span style=\"color: #777777; font-family: Arial;\">J&rsquo;ai trouv\u00e9 ce reportage sur &lt;<span style=\"color: #0000ff;\"><a style=\"color: #0000ff;\" href=\"https:\/\/www.youtube.com\/watch?v=rUJk2PLZI9Y&amp;t=120s\">La caravane haribo<\/a><\/span>&gt; c&rsquo;est tr\u00e8s instructif.<br \/>\n<\/span><\/p>\n<p><span style=\"color: #777777; font-family: Arial;\">Pendant ce temps, <span style=\"color: #0000ff;\"><a style=\"color: #0000ff;\" href=\"https:\/\/www.lefigaro.fr\/sciences\/meme-dans-les-pyrenees-il-pleut-des-particules-de-plastique-20190423\">dans des endroits recul\u00e9s des Pyr\u00e9n\u00e9es<\/a><\/span> il pleut des particules de plastique.<br \/>\n<\/span><\/p>\n<p><span style=\"color: #777777; font-family: Arial;\">Mais le maire de Lyon a \u00e9t\u00e9 attaqu\u00e9 de toute part et l&rsquo;argument le plus souvent utilis\u00e9 \u00e9tait qu&rsquo;on ne peut pas critiquer un \u00e9v\u00e8nement aussi populaire.<br \/>\n<\/span><\/p>\n<p><span style=\"color: #777777; font-family: Arial;\">Est-ce que c&rsquo;est un argument\u00a0? On ne peut pas critiquer, parce que c&rsquo;est populaire\u00a0!<br \/>\n<\/span><\/p>\n<p><span style=\"color: #777777; font-family: Arial;\">Les ex\u00e9cutions capitales publiques \u00e9taient aussi populaires. Mais on a eu l&rsquo;intelligence d&rsquo;y mettre fin, bien que ce fusse populaire.<br \/>\n<\/span><\/p>\n<p><span style=\"color: #777777; font-family: Arial;\">Il \u00e9tait aussi populaire de boire de l&rsquo;alcool sans tenir compte du fait qu&rsquo;on allait prendre le volant. D&rsquo;ailleurs, c&rsquo;\u00e9tait si populaire que pendant longtemps quand on provoquait un accident en \u00e9tant alcoolis\u00e9, on b\u00e9n\u00e9ficiait de circonstances att\u00e9nuantes, parce qu&rsquo;on n&rsquo;\u00e9tait pas en possession de toute sa lucidit\u00e9. Des esprits clairvoyants ont mis fin \u00e0 ces pratiques et les mentalit\u00e9s ont \u00e9volu\u00e9.<br \/>\n<\/span><\/p>\n<p><span style=\"color: #777777; font-family: Arial;\">Notre pr\u00e9sident qui nous a donc r\u00e9v\u00e9l\u00e9 son opposition f\u00e9roce au mod\u00e8le amish, est du c\u00f4t\u00e9 populaire\u00a0: il est \u00e0 100 % pour le Tour de France.<br \/>\n<\/span><\/p>\n<p><img loading=\"lazy\" decoding=\"async\" class=\"wp-image-9618 alignright\" src=\"https:\/\/lemotdujour.fr\/wp-content\/uploads\/2020\/09\/macron-et-le-tour-de-France.png\" alt=\"\" width=\"393\" height=\"241\" srcset=\"https:\/\/lemotdujour.fr\/wp-content\/uploads\/2020\/09\/macron-et-le-tour-de-France.png 627w, https:\/\/lemotdujour.fr\/wp-content\/uploads\/2020\/09\/macron-et-le-tour-de-France-300x184.png 300w\" sizes=\"auto, (max-width: 393px) 100vw, 393px\" \/><span style=\"color: #777777; font-family: Arial;\">Et \u00e0 la fin de l&rsquo;\u00e9tape, contre la montre, qui a d\u00e9cid\u00e9 du vainqueur du tour de France, il a twitt\u00e9\u00a0:<br \/>\n<\/span><\/p>\n<p style=\"margin-left: 28pt;\"><span style=\"color: #c00000; font-family: Arial;\">\u00ab\u00a0Duel incroyable [\u2026] Apr\u00e8s cette \u00e9tape de l\u00e9gende nous n&rsquo;avons qu&rsquo;une h\u00e2te\u00a0: retrouver d\u00e8s l&rsquo;ann\u00e9e prochaine cette grande f\u00eate populaire et sportive qui fait la fiert\u00e9 du pays.\u00a0\u00bb<br \/>\n<\/span><\/p>\n<p><span style=\"color: #777777; font-family: Arial;\">Notre Pr\u00e9sident aime les vainqueurs.<br \/>\n<\/span><\/p>\n<p><span style=\"color: #777777; font-family: Arial;\">Il a finalement gard\u00e9 une \u00e2me d&rsquo;enfant capable de s&rsquo;enthousiasmer devant le spectacle qu&rsquo;on lui montre.<br \/>\n<\/span><\/p>\n<p><span style=\"color: #777777; font-family: Arial;\">L&rsquo;ombre du doute ne l&rsquo;effleure pas, est ce que le vainqueur est l\u00e9gitime ?<br \/>\n<\/span><\/p>\n<p><span style=\"color: #777777; font-family: Arial;\">Car, si notre maire de Lyon a parl\u00e9 de machisme et de pollution, il n&rsquo;a pas \u00e9voqu\u00e9 la tricherie.<br \/>\n<\/span><\/p>\n<p><span style=\"color: #777777; font-family: Arial;\">C&rsquo;est tr\u00e8s compliqu\u00e9 d&rsquo;instiller le soup\u00e7on de la tricherie dans ce beau r\u00e9cit des combattants de la route qui se surpassent pour gagner un maillot jaune.<br \/>\n<\/span><\/p>\n<p><span style=\"color: #777777; font-family: Arial;\">Finalement, il y a quand m\u00eame eu un article dans le journal \u00ab\u00a0<strong>l&rsquo;Equipe<\/strong>\u00a0\u00bb du lundi qui a suivi le triomphe du jeune slov\u00e8ne pour instiller le doute au milieu de toutes les pages qui magnifiaient cette grande f\u00eate populaire pour reprendre les termes du Pr\u00e9sident de la R\u00e9publique.<br \/>\n<\/span><\/p>\n<p><span style=\"color: #777777; font-family: Arial;\">C&rsquo;est le journaliste et r\u00e9dacteur en chef Alexandre Ross qui \u00e9crit dans l&rsquo;\u00e9dito dont le titre est \u00ab\u00a0<strong>Jeune et insouciant<\/strong>\u00a0\u00bb<br \/>\n<\/span><\/p>\n<p style=\"margin-left: 28pt;\"><span style=\"color: #c00000; font-family: Arial;\">\u00ab\u00a0Remporter le tour de France, c&rsquo;est gagner un lion en peluche et un paquet de suspicion\u00a0\u00bb<br \/>\n<\/span><\/p>\n<p><span style=\"color: #777777; font-family: Arial;\">Plus loin il se pose la question si nous somme victime d&rsquo;une nouvelle supercherie pour r\u00e9pondre.<br \/>\n<\/span><\/p>\n<p style=\"margin-left: 28pt;\"><span style=\"color: #c00000; font-family: Arial;\">\u00ab\u00a0Nous ne savons rien, encore une fois nous sommes perdus\u00a0\u00bb.<br \/>\n<\/span><\/p>\n<p><span style=\"color: #777777; font-family: Arial;\">Il est tr\u00e8s prudent, mais au moins ose t&rsquo;il poser la question.<br \/>\n<\/span><\/p>\n<p><a href=\"https:\/\/www.ouest-france.fr\/tour-de-france\/tour-de-france-je-ne-regarde-plus-ca-me-degoute-dit-l-ex-maillot-jaune-stephane-heulot-6981305\"><span style=\"font-family: Arial;\"><span style=\"color: #0000ff;\">&lt;Ouest France&gt;<\/span><\/span><\/a><span style=\"color: #777777; font-family: Arial;\"> donne la parole \u00e0 un ancien maillot jaune St\u00e9phane Heulot, mais un maillot jaune qui n&rsquo;a pas gagn\u00e9 la grande boucle\u00a0:<br \/>\n<\/span><\/p>\n<p style=\"margin-left: 28pt;\"><span style=\"color: #c00000; font-family: Arial;\">\u00ab\u00a0\u00ab Le dopage est tellement ancr\u00e9 chez certains managers, comme Mauro Gianetti, qu&rsquo;ils ne peuvent pas concevoir le cyclisme autrement\u2026 \u00bb En 2008, le Rennais St\u00e9phane Heulot, maillot jaune du Tour 1996, disait ceci de Mauro Gianetti, manager \u00e0 l&rsquo;\u00e9poque de la sulfureuse Saunier-Duval, aujourd&rsquo;hui homme fort de la formation UAE Team Emirates, celle du vainqueur du Tour Tadej Pogacar.<br \/>\n<\/span><\/p>\n<p style=\"margin-left: 28pt;\"><span style=\"color: #c00000; font-family: Arial;\">St\u00e9phane Heulot connaissait bien Mauro Gianetti. Il avait \u00e9t\u00e9 son \u00e9quipier \u00e0 la Fran\u00e7aise des Jeux, en 1998, quand le Suisse avait notamment fait son malaise apr\u00e8s avoir absorb\u00e9 du PFC (substance utilis\u00e9e \u00e0 titre exp\u00e9rimental dans les h\u00f4pitaux, proche de l&rsquo;EPO). Il \u00e9tait rest\u00e9 trois jours dans le coma, en 1998). Quelques ann\u00e9es plus tard, le Breton s&rsquo;\u00e9tait retrouv\u00e9, par le biais de sa soci\u00e9t\u00e9 HPC \u00c9v\u00e9nements, charg\u00e9 des relations publiques pour le groupe Saunier-Duval sur le Tour, entre 2005 \u00e0 2007.<br \/>\n<\/span><\/p>\n<p style=\"margin-left: 28pt;\"><span style=\"color: #c00000; font-family: Arial;\">[\u2026] Un temps \u00e9loign\u00e9 du milieu, Mauro Gianetti a r\u00e9ussi \u00e0 revenir dans le v\u00e9lo il y a quelques ann\u00e9es, devenant le patron de l&rsquo;\u00e9quipe UAE Team Emirates. [\u2026]<br \/>\n<\/span><\/p>\n<p style=\"margin-left: 28pt;\"><span style=\"color: #c00000; font-family: Arial;\">Mais quand m\u00eame. Joint ce dimanche, St\u00e9phane Heulot avoue se sentir \u00ab plus que mal \u00e0 l&rsquo;aise \u00bb par rapport au climat g\u00e9n\u00e9ral de cette fin de Tour. Sans cibler Pogacar, le Breton se \u00ab pose des questions, forc\u00e9ment, comme tout le monde j&rsquo;esp\u00e8re\u2026 \u00bb Il poursuit : \u00ab Honn\u00eatement, je ne regarde plus le Tour depuis dimanche et la mont\u00e9e du Grand-Colombier (victoire de Tadej Pogacar). Je n&rsquo;y arrive plus, en fait\u2026 Il y a des choses assez faciles \u00e0 \u00e9valuer, quand m\u00eame, en termes de performance. J&rsquo;ai du mal \u00e0 comprendre comment un coureur de 75 kg peut monter \u00e0 une vitesse folle un col et maintenir sa mont\u00e9e ensuite. En terme de vitesse ascensionnelle, on a vu des trucs qui n&rsquo;\u00e9taient pas possibles, non plus, pour certains\u2026 \u00bb<br \/>\n<\/span><\/p>\n<p style=\"margin-left: 28pt;\"><span style=\"color: #c00000; font-family: Arial;\">[\u2026] St\u00e9phane Heulot se sent mal lorsqu&rsquo;il \u00e9voque ce Tour de France 2020. \u00ab C&rsquo;est pire, m\u00eame. Vous voyez l&rsquo;\u00e9moticone avec l&rsquo;envie de vomir, et bien je ressens \u00e7a, \u00e7a me d\u00e9go\u00fbte\u2026 \u00bb<br \/>\n<\/span><\/p>\n<p style=\"margin-left: 28pt;\"><span style=\"color: #c00000; font-family: Arial;\">[\u2026] Le dopage sera l\u00e0 tant que des gens seront ind\u00e9boulonnables. C&rsquo;est comme si demain, Al Capone \u00e9tait ministre de la Justice\u2026 Comment se sortir de tout \u00e7a quand 80 % du staff de Jumbo-Visma vient de Rabobank et de l&rsquo;\u00e9poque Michael Rasmussen ? Non, ce n&rsquo;est pas possible\u2026 Heureusement, des mecs ont chang\u00e9, plein de mecs ont chang\u00e9, mais il y a encore des tricheurs malheureusement, et il faut en avoir conscience. \u00bb\u00a0\u00bb<br \/>\n<\/span><\/p>\n<p><span style=\"color: #777777; font-family: Arial;\">Dans la revue de presse de &lt;<a href=\"https:\/\/www.franceinter.fr\/emissions\/la-revue-de-presse\/la-revue-de-presse-21-septembre-2020\"><span style=\"color: #0000ff;\">France inter<\/span>&gt;<\/a> Askolovitch cite d&rsquo;autres articles\u00a0: &#8230;<br \/>\n<\/span><\/p>\n<p style=\"margin-left: 28pt;\"><span style=\"color: #c00000; font-family: Arial;\">\u00ab\u00a0 La D\u00e9p\u00eache me rappelle que l&rsquo;homme qui a d\u00e9couvert Pogacar, quand il \u00e9tait un gamin qui chassait les pelotons sur un v\u00e9lo trop grand pour lui, s&rsquo;appelle Hauptman, ancien champion slov\u00e8ne qui en l&rsquo;an 2000 avait d\u00fb renoncer \u00e0 prendre le d\u00e9part du Tour de France en raison d&rsquo;un taux d&rsquo;h\u00e9matocrite trop \u00e9lev\u00e9, c&rsquo;\u00e9tait le temps de l&rsquo;EPO qui densifiait le sang des coureurs&#8230; Le Monde, implacable rappelle des affaires de dopages qui ont d\u00e9j\u00e0 travers\u00e9 le cyclisme slov\u00e8ne, ces derni\u00e8res ann\u00e9es&#8230;\u00a0\u00bb<br \/>\n<\/span><\/p>\n<p><span style=\"color: #777777; font-family: Arial;\">Dans &lt;<a href=\"http:\/\/www.slate.fr\/story\/195134\/tour-de-france-2020-explication-records-ascension-covid-19-dopage-entrainement-hypoxie\"><span style=\"color: #0000ff;\">Slate<\/span><\/a>&gt; la journaliste rappelle simplement que<br \/>\n<\/span><\/p>\n<p style=\"margin-left: 28pt;\"><span style=\"color: #c00000; font-family: Arial;\">\u00ab\u00a0Certains des meilleurs grimpeurs de cette \u00e9dition ont battu des records d&rsquo;ascension qui avaient \u00e9t\u00e9 \u00e9tablis par des coureurs dop\u00e9s dans les ann\u00e9es 2000.\u00a0 [\u2026]<br \/>\n<\/span><\/p>\n<p style=\"margin-left: 28pt;\"><span style=\"color: #c00000; font-family: Arial;\">Au sommet du col de Peyresourde dans les Pyr\u00e9n\u00e9es, le Slov\u00e8ne Tadej Pogacar a ainsi explos\u00e9 le record de la mont\u00e9e (24 minutes 35 secondes contre 25 minutes 22 secondes) qui appartenait au tr\u00e8s sulfureux Kazakh Alexandre Vinokourov, exclu du Tour de France 2007 apr\u00e8s un contr\u00f4le positif \u00e0 la transfusion sanguine.<br \/>\n<\/span><\/p>\n<p style=\"margin-left: 28pt;\"><span style=\"color: #c00000; font-family: Arial;\">Autre record inqui\u00e9tant, dans la tr\u00e8s raide mont\u00e9e de Marie-Blanque, toujours dans les Pyr\u00e9n\u00e9es, Roglic, Pogacar, Bernal et Landa, quatre des meilleurs grimpeurs de ce Tour de France de rentr\u00e9e scolaire, ont grimp\u00e9 23 secondes plus vite qu&rsquo;un petit groupe emmen\u00e9 en 2005 par Lance Armstrong, le septuple vainqueur de l&rsquo;\u00e9preuve dont le nom a \u00e9t\u00e9 effac\u00e9 du palmar\u00e8s pour dopage av\u00e9r\u00e9.\u00a0\u00bb<br \/>\n<\/span><\/p>\n<p><span style=\"color: #777777; font-family: Arial;\"><strong>Il est donc possible de faire mieux sans se doper\u00a0!<br \/>\n<\/strong><\/span><\/p>\n<p><span style=\"color: #777777; font-family: Arial;\">Lance Armstrong n&rsquo;a jamais fait l&rsquo;objet d&rsquo;un contr\u00f4le positif pendant toutes ces ann\u00e9es.<br \/>\n<\/span><\/p>\n<p><span style=\"color: #777777; font-family: Arial;\">Comment croire qu&rsquo;on ne se trouve pas aujourd&rsquo;hui dans la m\u00eame situation\u00a0?<br \/>\n<\/span><\/p>\n<p><span style=\"color: #777777; font-family: Arial;\">&lt;<\/span><span style=\"font-family: Arial; color: #0000ff;\"><a style=\"color: #0000ff;\" href=\"https:\/\/www.leparisien.fr\/sports\/cyclisme\/tour-de-france-ceux-qui-connaissent-le-velo-savent-que-ce-n-est-pas-normal-17-09-2020-8386752.php\"><span style=\"color: #0000ff;\">Le Parisien<\/span><\/a><\/span><span style=\"color: #777777; font-family: Arial;\">&gt; cite un autre professionnel, aussi ancien maillot jaune\u00a0: Romain Feillu\u00a0:<br \/>\n<\/span><\/p>\n<p style=\"margin-left: 28pt;\"><span style=\"color: #c00000; font-family: Arial;\">\u00ab\u00a0Retir\u00e9 des pelotons depuis l&rsquo;ann\u00e9e derni\u00e8re, Romain Feillu (36 ans) organise des stages destin\u00e9s aux cyclistes chez lui en Corr\u00e8ze. Durant sa carri\u00e8re, l&rsquo;ancien maillot jaune du Tour de France (2008) n&rsquo;a jamais pratiqu\u00e9 la langue de bois. Alors que les performances de l&rsquo;\u00e9quipe Jumbo Visma du maillot jaune Roglic suscitent quelques interrogations, le sprinter aux 21 victoires pros n&rsquo;a pas h\u00e9sit\u00e9 \u00e0 exprimer ses doutes publiquement avec une certaine ironie. \u00ab Quand je pense que certains s&rsquo;offusquent qu&rsquo;un mec de 80 kilos monte les cols plus vite que Pantani\u2026 Le maillot magique, Jumbo, les \u00c9l\u00e9phants volants! Ce n&rsquo;est pas nouveau, il suffit d&rsquo;y croire\u2026 \u00bb, a ainsi \u00e9crit l&rsquo;ancien sprinteur sur Twitter.<br \/>\n<\/span><\/p>\n<p style=\"margin-left: 28pt;\"><span style=\"color: #c00000; font-family: Arial;\">Des propos qu&rsquo;il a pr\u00e9cis\u00e9s dans un entretien \u00e0 Ouest-France : \u00ab Ceux qui connaissent le v\u00e9lo savent bien que ce n&rsquo;est pas normal.\u00a0\u00bb<br \/>\n<\/span><\/p>\n<p><span style=\"color: #777777; font-family: Arial;\">France Culture pose la question\u00a0: &lt;<span style=\"color: #0000ff;\"><a style=\"color: #0000ff;\" href=\"https:\/\/www.franceculture.fr\/emissions\/la-question-du-jour\/un-tour-de-france-sans-dopage-est-ce-possible\">Un Tour de France sans dopage, est-ce possible ?<\/a><\/span>&gt;.<br \/>\n<\/span><\/p>\n<p><span style=\"color: #777777; font-family: Arial;\">Dans cette \u00e9mission, le journaliste David Opoczynski explique\u00a0:<br \/>\n<\/span><\/p>\n<p style=\"margin-left: 28pt;\"><span style=\"color: #c00000; font-family: Arial;\">\u00ab\u00a0Tadej Pogacar a r\u00e9alis\u00e9 quelque chose d&rsquo;exceptionnel, de l&rsquo;avis m\u00eame des sp\u00e9cialistes. C&rsquo;est ce qu&rsquo;il est important de souligner : aujourd&rsquo;hui, effectivement, malheureusement, le doute accompagne de fa\u00e7on permanente les performances des meilleurs du Tour de France (certaines performances &#8211; il ne faut surtout pas g\u00e9n\u00e9raliser). Quand il y a des choses exceptionnelles, qu&rsquo;elles sont soulev\u00e9es, font l&rsquo;objet de critiques, et viennent des gens du milieu, m\u00eame du cyclisme l\u00e0, on peut vraiment commencer \u00e0 s&rsquo;interroger et \u00e0 analyser ces performances.\u00a0\u00bb<br \/>\n<\/span><\/p>\n<p style=\"margin-left: 28pt;\"><span style=\"color: #c00000; font-family: Arial;\">\u00ab\u00a0Pour vous donner un ordre d&rsquo;id\u00e9e, Tadej Pogacar a fait 1 minute 21 secondes \u00e0 l&rsquo;arriv\u00e9e de mieux que celui qui fait deuxi\u00e8me. Et celui qui fait deuxi\u00e8me \u00e9tait \u00e0 son meilleur niveau. Quand l&rsquo;\u00e9cart est plus grand, quand on est au-dessus de tous les autres, de tous les meilleurs, il peut y avoir un doute.\u00a0\u00bb<br \/>\n<\/span><\/p>\n<p><span style=\"color: #777777; font-family: Arial;\">L&rsquo;article de Slate, d\u00e9j\u00e0 cit\u00e9 donne la parole \u00e0 ancien entra\u00eeneur de l&rsquo;\u00e9quipe Festina, celle de Richard Virenque qui a \u00e9t\u00e9 dop\u00e9 \u00ab\u00a0\u00e0 l&rsquo;insu de son plein gr\u00e9\u00a0\u00bb, formule qui restera \u00e9ternellement attach\u00e9 \u00e0 ce coureur.<br \/>\n<\/span><\/p>\n<p><span style=\"color: #777777; font-family: Arial;\">Et Antoine Vayer est plus explicite\u00a0:<br \/>\n<\/span><\/p>\n<p style=\"margin-left: 28pt;\"><span style=\"color: #c00000; font-family: Arial;\">\u00ab\u00a0\u00c0 la question \u00ab\u00a0y a-t-il des tricheurs sur ce Tour de France?\u00a0\u00bb, je dis oui. \u00c0 la question \u00ab\u00a0sont-ils devant?\u00a0\u00bb, je dis oui aussi\u00bb<br \/>\n<\/span><\/p>\n<p><span style=\"color: #777777; font-family: Arial;\">Le cyclisme reste un sport \u00e9patant, mais il n&rsquo;est pas possible de ne pas jeter un regard lucide sur les d\u00e9rives qui restent pr\u00e9gnants malgr\u00e9 des r\u00e9cits de conte de f\u00e9e pour adultes consentants.<br \/>\n<\/span><\/p>\n<p><span style=\"color: maroon; font-family: Arial;\">&lt;1461&gt;<\/span><\/p>\n","protected":false},"excerpt":{"rendered":"<p>\u00abUn tour de France sans dopage est ce possible ?\u00bb Question pos\u00e9e par France Culture Notre nouveau maire de Lyon, Gr\u00e9gory Doucet a donc os\u00e9 critiquer le Tour de France qui passait par la Capitale des Gaules. Il l&rsquo;a trait\u00e9<\/p>\n","protected":false},"author":1,"featured_media":0,"comment_status":"open","ping_status":"closed","sticky":false,"template":"","format":"standard","meta":{"footnotes":""},"categories":[1],"tags":[91,13,31],"class_list":["post-9616","post","type-post","status-publish","format-standard","hentry","category-motdujour","tag-ethique","tag-sante","tag-sport"],"_links":{"self":[{"href":"https:\/\/lemotdujour.fr\/index.php?rest_route=\/wp\/v2\/posts\/9616","targetHints":{"allow":["GET"]}}],"collection":[{"href":"https:\/\/lemotdujour.fr\/index.php?rest_route=\/wp\/v2\/posts"}],"about":[{"href":"https:\/\/lemotdujour.fr\/index.php?rest_route=\/wp\/v2\/types\/post"}],"author":[{"embeddable":true,"href":"https:\/\/lemotdujour.fr\/index.php?rest_route=\/wp\/v2\/users\/1"}],"replies":[{"embeddable":true,"href":"https:\/\/lemotdujour.fr\/index.php?rest_route=%2Fwp%2Fv2%2Fcomments&post=9616"}],"version-history":[{"count":8,"href":"https:\/\/lemotdujour.fr\/index.php?rest_route=\/wp\/v2\/posts\/9616\/revisions"}],"predecessor-version":[{"id":9779,"href":"https:\/\/lemotdujour.fr\/index.php?rest_route=\/wp\/v2\/posts\/9616\/revisions\/9779"}],"wp:attachment":[{"href":"https:\/\/lemotdujour.fr\/index.php?rest_route=%2Fwp%2Fv2%2Fmedia&parent=9616"}],"wp:term":[{"taxonomy":"category","embeddable":true,"href":"https:\/\/lemotdujour.fr\/index.php?rest_route=%2Fwp%2Fv2%2Fcategories&post=9616"},{"taxonomy":"post_tag","embeddable":true,"href":"https:\/\/lemotdujour.fr\/index.php?rest_route=%2Fwp%2Fv2%2Ftags&post=9616"}],"curies":[{"name":"wp","href":"https:\/\/api.w.org\/{rel}","templated":true}]}}