{"id":9595,"date":"2020-09-22T06:41:00","date_gmt":"2020-09-22T04:41:00","guid":{"rendered":"http:\/\/lemotdujour.fr\/?p=9595"},"modified":"2020-10-10T20:55:50","modified_gmt":"2020-10-10T18:55:50","slug":"mardi-22-septembre-2020","status":"publish","type":"post","link":"https:\/\/lemotdujour.fr\/?p=9595","title":{"rendered":"Mardi 22 septembre 2020"},"content":{"rendered":"<div class=\"mdjTexte\">\u00abSutor, ne supra crepidam\u00bb<\/div>\n<div class=\"mdjAuteur\">Apelle de Cos<\/div>\n<p><span style=\"color: #777777; font-family: Arial;\">Un mot du jour court, mais plein de sens, au temps du COVID19 et d&rsquo;autres incertitudes. Cette p\u00e9riode que nous vivons et dans laquelle tant de gens deviennent comp\u00e9tents en moins de temps qu&rsquo;il ne faut pour le dire et sur des sujets d&rsquo;une diversit\u00e9 et d&rsquo;une complexit\u00e9 que manifestement ils ne per\u00e7oivent pas.<br \/>\n<\/span><\/p>\n<p><span style=\"color: #777777; font-family: Arial;\">J&rsquo;ai entendu cette expression dans une \u00e9mission de radio, mais l&rsquo;explication m&rsquo;a \u00e9t\u00e9 donn\u00e9e par Wikipedia auquel je viens de r\u00e9it\u00e9rer un don, car je crois qu&rsquo;il s&rsquo;agit vraiment d&rsquo;une \u0153uvre d&rsquo;utilit\u00e9 publique dans un monde du num\u00e9rique triomphant.<br \/>\n<\/span><\/p>\n<p><a href=\"https:\/\/fr.wikipedia.org\/wiki\/Apelle\"><span style=\"font-family: Arial;\"><strong><span style=\"color: #0000ff;\">Apelle de Cos<\/span><\/strong><\/span><\/a><span style=\"color: #777777; font-family: Arial;\">, \u00e9tait un c\u00e9l\u00e8bre peintre grec qui a v\u00e9cu au IVe si\u00e8cle av. J.-C.. Il \u00e9tait le contemporain d&rsquo;Alexandre le Grand dont il a peint des portraits.<br \/>\n<\/span><\/p>\n<p><span style=\"color: #777777; font-family: Arial;\">Aucune de ses peintures, n&rsquo;a \u00e9t\u00e9 conserv\u00e9e. Mais elles ont \u00e9t\u00e9 d\u00e9crites et lou\u00e9es par des grands \u00e9crivains anciens\u00a0: Ovide, Cic\u00e9ron et Pline l&rsquo;ancien<br \/>\n<\/span><\/p>\n<p><span style=\"color: #777777; font-family: Arial;\">Ainsi d&rsquo;apr\u00e8s Cic\u00e9ron (<a href=\"https:\/\/fr.wikipedia.org\/wiki\/De_officiis\"><span style=\"color: #0000ff;\">De Officiis<\/span><\/a><span style=\"color: #0000ff;\">,<\/span> III, II, 10), personne n&rsquo;osa terminer la V\u00e9nus qu&rsquo;Apelle peignit pour les habitants de l&rsquo;\u00eele de Cos, et qu&rsquo;il avait laiss\u00e9e inachev\u00e9e en mourant :<br \/>\n<\/span><\/p>\n<p style=\"margin-left: 28pt;\"><span style=\"color: #c00000; font-family: Arial;\">\u00ab La beaut\u00e9 du visage en effet \u00f4tait l&rsquo;espoir d&rsquo;y \u00e9galer le reste du corps. \u00bb<br \/>\n<\/span><\/p>\n<p><span style=\"color: #777777; font-family: Arial;\">Et c&rsquo;est Pline l&rsquo;Ancien qui dans son ouvrage \u00ab\u00a0<a href=\"https:\/\/fr.wikipedia.org\/wiki\/Histoire_naturelle_(Pline_l%27Ancien)\"><span style=\"color: #0000ff;\">l&rsquo;Histoire naturelle<\/span>\u00a0<\/a>\u00bb [XXXV, 851 (Loeb IX, 323\u2013325)] raconte l&rsquo;histoire de cette parole de sagesse.<br \/>\n<\/span><\/p>\n<p><span style=\"color: #777777; font-family: Arial;\">Apelle, lorsqu&rsquo;il exposait ses peintures \u00e0 l&rsquo;\u00e9tal, avait coutume de se tenir derri\u00e8re les tableaux et d&rsquo;\u00e9couter les commentaires des passants. Il arriva un jour qu&rsquo;un cordonnier critiqu\u00e2t la mani\u00e8re dont Appelle avait peint une sandale : dans la nuit qui suivit, l&rsquo;artiste retoucha l&rsquo;\u0153uvre.<br \/>\n<\/span><\/p>\n<p><span style=\"color: #777777; font-family: Arial;\">Le cordonnier, constatant le lendemain les changements apport\u00e9s, et fier de ce que son jugement ait convaincu le peintre, se mit \u00e0 critiquer d&rsquo;autres points de la peinture qui lui d\u00e9plaisait.<br \/>\n<\/span><\/p>\n<p><span style=\"color: #777777; font-family: Arial;\">Et c&rsquo;est alors que le peintre lui r\u00e9torqua\u00a0:<br \/>\n<\/span><\/p>\n<p style=\"margin-left: 28pt;\"><span style=\"color: #c00000; font-family: Arial;\">\u00ab\u00a0Sutor, ne supra crepidam\u00a0\u00bb<br \/>\n<\/span><\/p>\n<p><span style=\"color: #777777; font-family: Arial;\">Ce qui signifie\u00a0:<br \/>\n<\/span><\/p>\n<p style=\"margin-left: 28pt;\"><span style=\"color: #c00000; font-family: Arial;\">\u00ab Cordonnier, pas plus haut que la sandale \u00bb<br \/>\n<\/span><\/p>\n<p><span style=\"color: #777777; font-family: Arial;\">Dans d&rsquo;autres versions on lit \u00ab\u00a0<span style=\"color: #c00000;\">Ne sutor ultra crepidam<span style=\"color: #777777;\">\u00a0\u00bb (\u00ab que le cordonnier ne juge pas au-del\u00e0 de la sandale \u00bb).<br \/>\n<\/span><\/span><\/span><\/p>\n<p><span style=\"color: #777777; font-family: Arial;\">Ou encore \u00ab\u00a0<span style=\"color: #c00000;\">n\u0113 supr\u0101 crepidam s\u016btor i\u016bdic\u0101ret<span style=\"color: #777777;\">\u00a0\u00bb (\u00ab\u00a0un cordonnier ne devrait pas donner son avis plus haut que la chaussure\u00a0\u00bb).<br \/>\n<\/span><\/span><\/span><\/p>\n<p><span style=\"color: #777777; font-family: Arial;\">C&rsquo;est un conseil tr\u00e8s sage qui invite de rester dans sa zone de comp\u00e9tence et qui s&rsquo;adresse \u00e0 chacun de nous. <\/span><\/p>\n<p><span style=\"color: #777777; font-family: Arial;\">Cette locution latine a donn\u00e9 naissance \u00e0 un terme fran\u00e7ais \u00ab\u00a0<strong>ultracrepidarianisme\u00a0<\/strong>\u00bb qui est donc le comportement qui consiste \u00e0 donner son avis sur des sujets sur lesquels on n\u2019a pas de comp\u00e9tence cr\u00e9dible ou d\u00e9montr\u00e9e.<br \/>\n<\/span><\/p>\n<p><span style=\"color: #777777; font-family: Arial;\">Pour le reste, rien n&rsquo;interdit de poser des questions pertinentes ou ing\u00e9nues, mais il serait pertinent de s&rsquo;abstenir de r\u00e9ponses, surtout p\u00e9remptoires.<br \/>\n<\/span><\/p>\n<p><span style=\"color: #c00000; font-family: Arial;\">&lt;1458&gt;<\/span><\/p>\n","protected":false},"excerpt":{"rendered":"<p>\u00abSutor, ne supra crepidam\u00bb Apelle de Cos Un mot du jour court, mais plein de sens, au temps du COVID19 et d&rsquo;autres incertitudes. Cette p\u00e9riode que nous vivons et dans laquelle tant de gens deviennent comp\u00e9tents en moins de temps<\/p>\n","protected":false},"author":1,"featured_media":0,"comment_status":"open","ping_status":"closed","sticky":false,"template":"","format":"standard","meta":{"footnotes":""},"categories":[1],"tags":[147,17,6],"class_list":["post-9595","post","type-post","status-publish","format-standard","hentry","category-motdujour","tag-grece","tag-histoire","tag-philosophie"],"_links":{"self":[{"href":"https:\/\/lemotdujour.fr\/index.php?rest_route=\/wp\/v2\/posts\/9595","targetHints":{"allow":["GET"]}}],"collection":[{"href":"https:\/\/lemotdujour.fr\/index.php?rest_route=\/wp\/v2\/posts"}],"about":[{"href":"https:\/\/lemotdujour.fr\/index.php?rest_route=\/wp\/v2\/types\/post"}],"author":[{"embeddable":true,"href":"https:\/\/lemotdujour.fr\/index.php?rest_route=\/wp\/v2\/users\/1"}],"replies":[{"embeddable":true,"href":"https:\/\/lemotdujour.fr\/index.php?rest_route=%2Fwp%2Fv2%2Fcomments&post=9595"}],"version-history":[{"count":5,"href":"https:\/\/lemotdujour.fr\/index.php?rest_route=\/wp\/v2\/posts\/9595\/revisions"}],"predecessor-version":[{"id":9776,"href":"https:\/\/lemotdujour.fr\/index.php?rest_route=\/wp\/v2\/posts\/9595\/revisions\/9776"}],"wp:attachment":[{"href":"https:\/\/lemotdujour.fr\/index.php?rest_route=%2Fwp%2Fv2%2Fmedia&parent=9595"}],"wp:term":[{"taxonomy":"category","embeddable":true,"href":"https:\/\/lemotdujour.fr\/index.php?rest_route=%2Fwp%2Fv2%2Fcategories&post=9595"},{"taxonomy":"post_tag","embeddable":true,"href":"https:\/\/lemotdujour.fr\/index.php?rest_route=%2Fwp%2Fv2%2Ftags&post=9595"}],"curies":[{"name":"wp","href":"https:\/\/api.w.org\/{rel}","templated":true}]}}