{"id":9592,"date":"2020-09-24T03:58:00","date_gmt":"2020-09-24T01:58:00","guid":{"rendered":"http:\/\/lemotdujour.fr\/?p=9592"},"modified":"2020-10-10T20:57:04","modified_gmt":"2020-10-10T18:57:04","slug":"mercredi-23-septembre-2020","status":"publish","type":"post","link":"https:\/\/lemotdujour.fr\/?p=9592","title":{"rendered":"Jeudi 24 septembre 2020"},"content":{"rendered":"<div class=\"mdjTexte\">\u00abLa libert\u00e9, c&rsquo;est d&rsquo;abord dans nos c\u0153urs\u00bb<\/div>\n<div class=\"mdjAuteur\">Abderraouf Derradji dit Soolking<\/div>\n<p><span style=\"color: #777777; font-family: Arial;\">Le rap ne fait pas partie de mon monde culturel. La plupart du temps quand j&rsquo;entends un morceau qui se r\u00e9clame de cette culture, je n&rsquo;\u00e9prouve aucun plaisir \u00e0 \u00e9couter et souvent cela me conduit \u00e0 m&rsquo;\u00e9loigner ou \u00e0 changer la station de radio qui le diffuse.<br \/>\n<\/span><\/p>\n<p><span style=\"color: #777777; font-family: Arial;\">Mais j&rsquo;ai trouv\u00e9 un morceau qui m&rsquo;a parl\u00e9 et m&rsquo;a fait vibr\u00e9.<br \/>\n<\/span><\/p>\n<p><span style=\"color: #777777; font-family: Arial;\">Il s&rsquo;agit de &lt;<a href=\"https:\/\/www.dailymotion.com\/video\/x7mwlcw\"><span style=\"color: #0000ff;\">La libert\u00e9<\/span><\/a>&gt; du rappeur alg\u00e9rien &lt;<a href=\"https:\/\/fr.wikipedia.org\/wiki\/Soolking\"><span style=\"color: #0000ff;\">Soolking<\/span><\/a>&gt;, de son vrai nom Abderraouf Derradji et qui est n\u00e9 en 1989 en Alg\u00e9rie.<br \/>\n<\/span><\/p>\n<p><span style=\"color: #777777; font-family: Arial;\">C&rsquo;est l&rsquo;\u00e9mission Mediapolis d&rsquo;Olivier Duhamel du &lt;<span style=\"color: #0000ff;\"><a style=\"color: #0000ff;\" href=\"https:\/\/www.europe1.fr\/emissions\/Mediapolis\/mediapolis-avec-olivier-duhamel-et-catherine-nay-19092020-3992910\">19\/09\/2020<\/a><\/span>&gt; qui me l&rsquo;a fait d\u00e9couvrir, en fin d&rsquo;\u00e9mission. <\/span><span style=\"color: #777777; font-family: Arial;\">Olivier Duhamel fait toujours une chanson en \u00e9cho avec l&rsquo;actualit\u00e9.<br \/>\n<\/span><\/p>\n<p><img loading=\"lazy\" decoding=\"async\" class=\"alignleft\" src=\"https:\/\/lemotdujour.fr\/wp-content\/uploads\/2020\/09\/092020_1558_Mercredi23s1.jpg\" alt=\"\" width=\"307\" height=\"224\" align=\"left\" \/><span style=\"color: #777777; font-family: Arial;\">L&rsquo;actualit\u00e9 \u00e9tait la condamnation du journaliste <strong>Khaled Drareni<\/strong>, par la justice alg\u00e9rienne, \u00e0 deux ans de prison. Il \u00e9tait jug\u00e9 pour \u00ab incitation \u00e0 un attroupement non arm\u00e9 et atteinte \u00e0 l&rsquo;int\u00e9grit\u00e9 du territoire national \u00bb. Dans la r\u00e9alit\u00e9 il couvrait tout simplement, comme journaliste, en particulier pour TV5 Monde, des manifestations contre le pouvoir.<br \/>\n<\/span><\/p>\n<p><span style=\"color: #777777; font-family: Arial;\">Le Monde dans un &lt;<a href=\"https:\/\/www.lemonde.fr\/afrique\/article\/2020\/09\/15\/le-journaliste-algerien-khaled-drareni-condamne-en-appel-a-deux-ans-de-prison-ferme_6052268_3212.html\"><span style=\"color: #0000ff;\">Article du 15 septembre 2020<\/span><\/a>&gt; affirme que\u00a0:<br \/>\n<\/span><\/p>\n<p style=\"margin-left: 28pt;\"><span style=\"color: #c00000; font-family: Arial;\">\u00ab\u00a0La sentence, in\u00e9dite par sa brutalit\u00e9, a surpris et choqu\u00e9 journalistes, avocats et ONG, en Alg\u00e9rie et au-del\u00e0.\u00a0\u00bb<br \/>\n<\/span><\/p>\n<p><span style=\"color: #777777; font-family: Arial;\">Le Monde l&rsquo;avait rencontr\u00e9 en f\u00e9vrier\u00a0:<br \/>\n<\/span><\/p>\n<p style=\"margin-left: 28pt;\"><span style=\"color: #c00000; font-family: Arial;\">\u00ab\u00a0Khaled Drareni se savait dans le collimateur des autorit\u00e9s : \u00ab Ils veulent \u00e9touffer toutes les voix divergentes et museler la presse ind\u00e9pendante. Il s&rsquo;agit d&rsquo;isoler le <strong>Hirak<\/strong>. Il est important de tenir et, pour les journalistes, de s&rsquo;organiser \u00bb, confiait-il alors.\u00a0\u00bb<br \/>\n<\/span><\/p>\n<p><span style=\"color: #777777; font-family: Arial;\">Le <strong>Hirak<\/strong> (en fran\u00e7ais \u00ab Mouvement \u00bb), d\u00e9signe une s\u00e9rie de manifestations qui ont lieu depuis le 16 f\u00e9vrier 2019 en Alg\u00e9rie pour protester dans un premier temps contre la candidature d&rsquo;Abdelaziz Bouteflika \u00e0 un cinqui\u00e8me mandat pr\u00e9sidentiel.<br \/>\n<\/span><\/p>\n<p><span style=\"color: #777777; font-family: Arial;\">Vous trouverez une description pr\u00e9cise et document\u00e9e de ce mouvement sur une page Wikipedia<span style=\"color: #0000ff;\"> <a style=\"color: #0000ff;\" href=\"https:\/\/fr.wikipedia.org\/wiki\/Hirak_(Alg%C3%A9rie)\"><strong>&lt;Le Hirak&gt;<\/strong><\/a><\/span><br \/>\n<\/span><\/p>\n<p><span style=\"color: #777777; font-family: Arial;\">Ce mouvement que tous les observateurs ont lou\u00e9 pour sa maturit\u00e9, son refus de la violence ainsi que la clart\u00e9 des revendications : mise en place d&rsquo;une vrai d\u00e9mocratie et mise \u00e0 l&rsquo;\u00e9cart des apparatchiks qui monopolisent le pouvoir et les richesses \u00e9conomiques.<br \/>\n<\/span><\/p>\n<p><span style=\"color: #777777; font-family: Arial;\">Ils ont eu des succ\u00e8s. D&rsquo;abord le r\u00e9gime a renonc\u00e9 \u00e0 pr\u00e9senter Bouteflika une nouvelle fois \u00e0 la pr\u00e9sidentielle. Puis il a accept\u00e9 d&rsquo;\u00e9carter d\u00e9finitivement Bouteflika du pouvoir en organisant sa d\u00e9mission.<br \/>\n<\/span><\/p>\n<p><span style=\"color: #777777; font-family: Arial;\">Mais par la suite le pouvoir n&rsquo;a plus rien l\u00e2ch\u00e9 en organisant une \u00e9lection verrouill\u00e9e qui a conduit \u00e0 la d\u00e9signation d&rsquo;un pr\u00e9sident acceptable par la nomenklatura au pouvoir\u00a0: <strong>Abdelmadjid Tebboune<\/strong> qui est pr\u00e9sident depuis le 19 d\u00e9cembre 2019.<br \/>\n<\/span><\/p>\n<p><span style=\"color: #777777; font-family: Arial;\">Depuis plus rien n&rsquo;a chang\u00e9, les manifestations continuent m\u00eame si le COVID joue un r\u00f4le n\u00e9gatif sur la mobilisation dans la rue, mais la r\u00e9pression est de plus en s\u00e9v\u00e8re.<br \/>\n<\/span><\/p>\n<p><span style=\"color: #777777; font-family: Arial;\">Lib\u00e9ration \u00e9crit dans un article du 18 septembre 2020\u00a0: \u00ab\u00a0<span style=\"color: #0000ff;\"><a style=\"color: #0000ff;\" href=\"http:\/\/chroniques-algeriennes.blogs.liberation.fr\/2020\/09\/18\/khaled-drareni-ou-les-illusions-perdues-du-hirak-algerien\/\">Khaled Drareni ou les illusions perdues du hirak alg\u00e9rien\u00a0<\/a><\/span>\u00bb<br \/>\n<\/span><\/p>\n<p style=\"margin-left: 28pt;\"><span style=\"color: #c00000; font-family: Arial;\">\u00ab\u00a0La condamnation confirm\u00e9e en appel du journaliste illustre l&rsquo;intention du pouvoir alg\u00e9rien de dissoudre le Hirak pour survivre tel quel, sans la moindre avanc\u00e9e d\u00e9mocratique.<br \/>\n<\/span><\/p>\n<p style=\"margin-left: 28pt;\"><span style=\"color: #c00000; font-family: Arial;\">Il est des sujets sur lesquels chacun d&rsquo;entre nous a le devoir de s&rsquo;exprimer, qu&rsquo;on ait un lien ou non avec le peuple alg\u00e9rien. En tant que citoyens, en tant qu&rsquo;inlassables d\u00e9fenseurs de la d\u00e9mocratie, en tant qu&rsquo;h\u00e9riti\u00e8res et h\u00e9ritiers de ce long et glorieux combat pour la libert\u00e9, men\u00e9 par nos grands-parents, nos arri\u00e8re-grands-parents, et tous ceux, qui se sont battus, souvent au prix de leur vie, pour un pays libre, d\u00e9mocratique, et ind\u00e9pendant.<br \/>\n<\/span><\/p>\n<p style=\"margin-left: 28pt;\"><span style=\"color: #c00000; font-family: Arial;\">Rien n&rsquo;aura \u00e9t\u00e9, depuis la d\u00e9cennie noire, aussi r\u00e9jouissant, que le hirak, lanc\u00e9 en 2019, victime du coronavirus en 2020. Ce mouvement pacifique et contestataire, spontan\u00e9 et populaire, aura r\u00e9veill\u00e9 la b\u00eate autocratique et militaire. Presque 60 ans apr\u00e8s la r\u00e9volution alg\u00e9rienne comme la nommait Frantz Fanon, voici l&rsquo;Alg\u00e9rie, r\u00e9publique dite \u00ab d\u00e9mocratique et populaire \u00bb, qui retombe dans ses pires travers : arrestations arbitraires, emprisonnements pour \u00ab d\u00e9lit d&rsquo;opinion \u00bb, censure, et autres mesures dignes d&rsquo;un r\u00e9gime autoritaire. [\u2026]<br \/>\n<\/span><\/p>\n<p style=\"margin-left: 28pt;\"><span style=\"color: #c00000; font-family: Arial;\">Khaled est surtout l&rsquo;un de ceux qui a permis de donner au mouvement une visibilit\u00e9 m\u00e9diatique malgr\u00e9 la censure du pouvoir, il a port\u00e9 et diffus\u00e9 la voix de tout ce peuple alg\u00e9rien, d\u00e9filant chaque vendredi, pour lib\u00e9rer leur pays du carcan autocratique qui le bride depuis des d\u00e9cennies. Khaled est devenu un symbole, l&rsquo;incarnation de tous ces manifestants, l&rsquo;effigie du hirak et \u00e0 ce titre, il est aujourd&rsquo;hui condamn\u00e9 pour servir d&rsquo;exemple, par un pouvoir qui r\u00eave d&rsquo;\u00e9touffer le mouvement populaire lanc\u00e9 depuis plus d&rsquo;un an. [\u2026]<br \/>\n<\/span><\/p>\n<p style=\"margin-left: 28pt;\"><span style=\"color: #c00000; font-family: Arial;\"> Chacun d&rsquo;entre nous retient le sourire de Khaled, comme une promesse : il reviendra, continuer ce long combat. Nulle part, sur les cha\u00eenes d&rsquo;information publiques contr\u00f4l\u00e9es par le pouvoir, vous n&rsquo;entendrez parler de Khaled. Partout, des rues alg\u00e9riennes aux r\u00e9seaux sociaux, vous verrez, quelque part, tr\u00f4ner le sourire de Khaled, symbole de sa libert\u00e9 d&rsquo;expression.\u00a0\u00bb<br \/>\n<\/span><\/p>\n<p><span style=\"color: #777777; font-family: Arial;\">Ceci nous am\u00e8ne \u00e0 la chanson de Soolking<br \/>\n<\/span><\/p>\n<p><span style=\"color: #777777; font-family: Arial;\">Le Parisien dans un article de mars 2019 a \u00e9crit\u00a0: \u00ab\u00a0<a href=\"https:\/\/www.leparisien.fr\/international\/liberte-de-soolking-devient-l-hymne-de-la-jeunesse-algerienne-21-03-2019-8036535.php\">\u00ab<span style=\"color: #0000ff;\">Libert\u00e9\u00bb de Soolking devient l&rsquo;hymne de la jeunesse alg\u00e9rienne<\/span>\u00a0<\/a>\u00bb\u00a0:<br \/>\n<\/span><\/p>\n<p style=\"margin-left: 28pt;\"><span style=\"color: #c00000; font-family: Arial;\">\u00ab\u00a0La chanson du rappeur, v\u00e9ritable ph\u00e9nom\u00e8ne en Alg\u00e9rie, est reprise dans les rues et a d\u00e9pass\u00e9 les 17 millions de vues sur YouTube.<br \/>\n<\/span><\/p>\n<p style=\"margin-left: 28pt;\"><span style=\"color: #c00000; font-family: Arial;\">La jeunesse alg\u00e9rienne vient de trouver son hymne. Soolking, la m\u00e9ga star du pays a d\u00e9voil\u00e9, sans effet d&rsquo;annonce, une chanson sobrement intitul\u00e9e \u00ab Libert\u00e9 \u00bb, en duo avec Ouled El Bahdja. Ce titre politique poignant a \u00e9t\u00e9 \u00e9crit en \u00e9cho \u00e0 la crise politique que traverse le pays.\u00a0\u00bb<br \/>\n<\/span><\/p>\n<p><span style=\"color: #777777; font-family: Arial;\">Le lien entre cette chanson et le mouvement date donc du d\u00e9but du Hirak et faire l&rsquo;entendre en \u00e9voquant le journaliste Khaled Drareni est donc plein de sens.<br \/>\n<\/span><\/p>\n<p><a href=\"https:\/\/fr.wikipedia.org\/wiki\/Soolking\"><img decoding=\"async\" class=\"alignright\" src=\"https:\/\/lemotdujour.fr\/wp-content\/uploads\/2020\/09\/092020_1558_Mercredi23s2.jpg\" alt=\"\" align=\"left\" border=\"0\" \/><\/a><span style=\"color: #777777; font-family: Arial;\">&lt;<span style=\"color: #0000ff;\"><a style=\"color: #0000ff;\" href=\"https:\/\/www.dailymotion.com\/video\/x7mwlcw\">Voici une interpr\u00e9tation de cette chanson<\/a><\/span>&gt;<br \/>\n<\/span><\/p>\n<p style=\"margin-left: 28pt;\"><span style=\"color: #c00000; font-family: Arial;\"><strong>La libert\u00e9<br \/>\n<\/strong><\/span><\/p>\n<p style=\"margin-left: 28pt;\"><span style=\"color: #c00000; font-family: Arial;\">\u00ab\u00a0Para\u00eet que le pouvoir s&rsquo;ach\u00e8te<br \/>\nLibert\u00e9, c&rsquo;est tout c&rsquo;qui nous reste<br \/>\nSi le sc\u00e9nario se r\u00e9p\u00e8te<br \/>\nOn sera acteurs de la paix<br \/>\nSi faux, vos discours sont si faux<br \/>\nOuais, si faux, qu&rsquo;on a fini par s&rsquo;y faire<br \/>\nMais c&rsquo;est fini, le verre est plein<br \/>\nEn bas, ils crient, entends-tu leurs voix?<br \/>\nLa voix d&rsquo;ces familles pleines de chagrin<br \/>\nLa voix qui prie pour un meilleur destin<br \/>\nExcuse-moi d&rsquo;exister, excuse mes sentiments<br \/>\nEt si j&rsquo;dis que j&rsquo;suis heureux avec toi, je mens<br \/>\nExcuse-moi d&rsquo;exister, excuse mes sentiments<br \/>\nRends-moi ma libert\u00e9, je te l&rsquo;demande gentiment<br \/>\nLa libert\u00e9, la libert\u00e9, la libert\u00e9<br \/>\nC&rsquo;est d&rsquo;abord dans nos c\u0153urs<br \/>\nLa libert\u00e9, la libert\u00e9, la libert\u00e9<br \/>\nNous, \u00e7a nous fait pas peur<br \/>\nLa libert\u00e9, la libert\u00e9, la libert\u00e9<br \/>\nC&rsquo;est d&rsquo;abord dans nos c\u0153urs<br \/>\nLa libert\u00e9, la libert\u00e9, la libert\u00e9<br \/>\nNous, \u00e7a nous fait pas peur<br \/>\nIls ont cru qu&rsquo;on \u00e9tait morts, ils ont dit \u00ab\u00a0bon d\u00e9barras\u00a0\u00bb<br \/>\nIls ont cru qu&rsquo;on avait peur de ce pass\u00e9 tout noir<br \/>\nIl n&rsquo;y a plus personne, que des photos, des mensonges<br \/>\nQue des pens\u00e9es qui nous rongent, c&rsquo;est bon, emmenez-moi l\u00e0-bas<br \/>\nOui, il n&rsquo;y a plus personne, l\u00e0-bas, il n&rsquo;y a que le peuple<br \/>\nChe Guevara, Matoub, emmenez-moi l\u00e0-bas<br \/>\nJ&rsquo;\u00e9cris \u00e7a un soir pour un nouveau matin<br \/>\nOui, j&rsquo;\u00e9cris pour y croire, l&rsquo;avenir est incertain<br \/>\nOui, j&rsquo;\u00e9cris car nous sommes, nous sommes main dans la main<br \/>\nMoi, j&rsquo;\u00e9cris car nous sommes la g\u00e9n\u00e9ration dor\u00e9e<br \/>\nLa libert\u00e9, la libert\u00e9, la libert\u00e9<br \/>\nC&rsquo;est d&rsquo;abord dans nos c\u0153urs<br \/>\nLa libert\u00e9, la libert\u00e9, la libert\u00e9<br \/>\nNous, \u00e7a nous fait pas peur<br \/>\nLa libert\u00e9, la libert\u00e9, la libert\u00e9<br \/>\nC&rsquo;est d&rsquo;abord dans nos c\u0153urs<br \/>\nLa libert\u00e9, la libert\u00e9, la libert\u00e9<br \/>\nNous, \u00e7a nous fait pas peur<br \/>\nLib\u00e9rez li rahi otage, lib\u00e9rez lmer\u1e25ouma, kayen khalel f lqada&rsquo;<br \/>\nLib\u00e9rez ceux qui sont otages, nous, c&rsquo;est tout c&rsquo;qu&rsquo;on a<br \/>\n[\u2026]<br \/>\n<\/span><\/p>\n<p style=\"margin-left: 28pt;\"><span style=\"color: #c00000; font-family: Arial;\">La libert\u00e9, la libert\u00e9, la libert\u00e9<br \/>\nC&rsquo;est d&rsquo;abord dans nos c\u0153urs<br \/>\nLa libert\u00e9, la libert\u00e9, la libert\u00e9<br \/>\nNous, \u00e7a nous fait pas peur<br \/>\nLa libert\u00e9, la libert\u00e9, la libert\u00e9<br \/>\nC&rsquo;est d&rsquo;abord dans nos c\u0153urs<br \/>\nLa libert\u00e9, la libert\u00e9, la libert\u00e9<br \/>\nNous, \u00e7a nous fait pas peur\u00a0\u00bb<br \/>\n<\/span><\/p>\n<p><span style=\"color: #777777; font-family: Arial;\">Je constate donc que si un artiste a quelque chose \u00e0 dire, et sait le dire bien, il arrive \u00e0 me toucher m\u00eame quand il s&rsquo;agit de rap.<\/span><\/p>\n<p><span style=\"color: #777777; font-family: Arial;\">Le 21 septembre nous apprenions que<span style=\"color: #0000ff;\"><a style=\"color: #0000ff;\" href=\"https:\/\/www.lefigaro.fr\/flash-actu\/la-chaine-tv-francaise-m6-interdite-en-algerie-apres-un-documentaire-20200921\"> le gouvernement alg\u00e9rien interdisait d\u00e9sormais la diffusion de la cha\u00eene M6<\/a><\/span> apr\u00e8s la diffusion d&rsquo;un documentaire.<br \/>\n<\/span><\/p>\n<p><span style=\"color: #800000;\">&lt;1460&gt;<\/span><\/p>\n","protected":false},"excerpt":{"rendered":"<p>\u00abLa libert\u00e9, c&rsquo;est d&rsquo;abord dans nos c\u0153urs\u00bb Abderraouf Derradji dit Soolking Le rap ne fait pas partie de mon monde culturel. La plupart du temps quand j&rsquo;entends un morceau qui se r\u00e9clame de cette culture, je n&rsquo;\u00e9prouve aucun plaisir \u00e0<\/p>\n","protected":false},"author":1,"featured_media":0,"comment_status":"open","ping_status":"closed","sticky":false,"template":"","format":"standard","meta":{"footnotes":""},"categories":[1],"tags":[187,113,41],"class_list":["post-9592","post","type-post","status-publish","format-standard","hentry","category-motdujour","tag-algerie","tag-droits-de-lhomme","tag-liberte"],"_links":{"self":[{"href":"https:\/\/lemotdujour.fr\/index.php?rest_route=\/wp\/v2\/posts\/9592","targetHints":{"allow":["GET"]}}],"collection":[{"href":"https:\/\/lemotdujour.fr\/index.php?rest_route=\/wp\/v2\/posts"}],"about":[{"href":"https:\/\/lemotdujour.fr\/index.php?rest_route=\/wp\/v2\/types\/post"}],"author":[{"embeddable":true,"href":"https:\/\/lemotdujour.fr\/index.php?rest_route=\/wp\/v2\/users\/1"}],"replies":[{"embeddable":true,"href":"https:\/\/lemotdujour.fr\/index.php?rest_route=%2Fwp%2Fv2%2Fcomments&post=9592"}],"version-history":[{"count":7,"href":"https:\/\/lemotdujour.fr\/index.php?rest_route=\/wp\/v2\/posts\/9592\/revisions"}],"predecessor-version":[{"id":9778,"href":"https:\/\/lemotdujour.fr\/index.php?rest_route=\/wp\/v2\/posts\/9592\/revisions\/9778"}],"wp:attachment":[{"href":"https:\/\/lemotdujour.fr\/index.php?rest_route=%2Fwp%2Fv2%2Fmedia&parent=9592"}],"wp:term":[{"taxonomy":"category","embeddable":true,"href":"https:\/\/lemotdujour.fr\/index.php?rest_route=%2Fwp%2Fv2%2Fcategories&post=9592"},{"taxonomy":"post_tag","embeddable":true,"href":"https:\/\/lemotdujour.fr\/index.php?rest_route=%2Fwp%2Fv2%2Ftags&post=9592"}],"curies":[{"name":"wp","href":"https:\/\/api.w.org\/{rel}","templated":true}]}}