{"id":958,"date":"2015-01-12T01:00:00","date_gmt":"2015-01-11T22:00:00","guid":{"rendered":"http:\/\/lemotdujour.fr\/?p=958"},"modified":"2020-10-15T23:30:20","modified_gmt":"2020-10-15T21:30:20","slug":"lundi-12-janvier-2015","status":"publish","type":"post","link":"https:\/\/lemotdujour.fr\/?p=958","title":{"rendered":"Lundi 12 janvier 2015"},"content":{"rendered":"<div class=\"mdjDate\">Lundi 12 janvier 2015<\/div>\n<div class=\"mdjTexte\">\u00ab\u00a0Le rire lib\u00e8re de la peur du diable, [&#8230;]<br \/>\nLe rire distrait, quelques instants de la peur.<br \/>\nMais la loi s\u2019impose \u00e0 travers la peur, dont le vrai nom est crainte de Dieu. [&#8230;]<br \/>\nEt que serions nous, nous cr\u00e9atures p\u00e9cheresses, sans la peur, peut \u00eatre le plus sage et le plus affectueux des dons divins ?\u00a0\u00bb<\/div>\n<div class=\"mdjAuteur\">\u00ab\u00a0Jorge de Burgos\u00a0\u00bb<br \/>\nLe nom de la Rose, Septi\u00e8me jour : Nuit<br \/>\nUmberto Ecco<\/div>\n<p><span style=\"color: #777777; font-family: Arial;\">Vous avez probablement vu le film \u00ab\u00a0<a href=\"https:\/\/fr.wikipedia.org\/wiki\/Le_Nom_de_la_rose_(film)\"><span style=\"color: #0000ff;\">Le nom de la Rose<\/span>\u00a0<\/a>\u00bb et peut \u00eatre, m\u00eame mieux, lu le livre <a href=\"https:\/\/fr.wikipedia.org\/wiki\/Umberto_Eco\"><span style=\"color: #0000ff;\">d&rsquo;Umberto Ecco<\/span><\/a>.<br \/>\n<\/span><\/p>\n<p><img loading=\"lazy\" decoding=\"async\" class=\"alignleft\" src=\"https:\/\/lemotdujour.fr\/wp-content\/uploads\/2020\/10\/101520_2126_LundiXXmai21.jpg\" alt=\"\" width=\"291\" height=\"391\" align=\"left\" \/><span style=\"color: #777777; font-family: Arial;\">Vous vous souvenez que le moine Guillaume de Baskerville (jou\u00e9 dans le film par Sean Connery) enqu\u00eatait sur des morts suspectes de moines dans une abbaye b\u00e9n\u00e9dictine.<br \/>\n<\/span><\/p>\n<p><span style=\"color: #777777; font-family: Arial;\">Au bout de son enqu\u00eate, il se rend compte que ces moines \u00e9taient morts empoisonn\u00e9s parce qu&rsquo;ils avaient lu un livre de la biblioth\u00e8que et que les pages qu&rsquo;ils tournaient apr\u00e8s avoir mouill\u00e9 leur doigt avaient \u00e9t\u00e9 enduites de poison par le biblioth\u00e9caire aveugle de l&rsquo;abbaye : Jorge de Burgos.<br \/>\n<\/span><\/p>\n<p><span style=\"color: #777777; font-family: Arial;\">Le livre dont il s&rsquo;agissait \u00e9tait le second tome \u00ab <a href=\"https:\/\/fr.wikipedia.org\/wiki\/Po%C3%A9tique_(Aristote)\"><span style=\"color: #0000ff;\">de la Po\u00e9tique d&rsquo;Aristote<\/span><\/a> \u00bb qui faisait un \u00e9loge du rire.<br \/>\n<\/span><\/p>\n<p><span style=\"color: #777777; font-family: Arial;\">Le mot du jour est la r\u00e9ponse du moine chr\u00e9tien fanatique \u00e0 la question\u00a0 de Guillaume de Baskerville :<br \/>\n<\/span><\/p>\n<p style=\"margin-left: 28pt;\"><span style=\"color: #c00000; font-family: Arial;\">\u00ab Mais qu&rsquo;est-ce qui t&rsquo;a fait peur dans ce discours sur le rire ? \u00bb<br \/>\n<\/span><\/p>\n<p><span style=\"color: #777777; font-family: Arial;\">Les religions totalitaires et le totalitarisme de tout bord n&rsquo;aiment pas le rire.<br \/>\n<\/span><\/p>\n<p><span style=\"color: #777777; font-family: Arial;\">Le rire lib\u00e8re de la peur.<br \/>\n<\/span><\/p>\n<p><span style=\"color: #777777; font-family: Arial;\">Le rire est une force, une r\u00e9sistance aux certitudes, un appel permanent au doute.<br \/>\n<\/span><\/p>\n<p><span style=\"color: #777777; font-family: Arial;\">Le totalitarisme ne s&rsquo;y trompe pas, celui qui rit conteste, ne croit pas ce qu&rsquo;on lui dit, ce qu&rsquo;on veut lui imposer.<br \/>\n<\/span><\/p>\n<p><span style=\"color: #777777; font-family: Arial;\">Les sovi\u00e9tiques avaient d\u00e9velopp\u00e9 toute une batterie de blagues pour supporter le r\u00e9gime totalitaire :<br \/>\n<\/span><\/p>\n<p style=\"margin-left: 28pt;\"><span style=\"color: #c00000; font-family: Arial;\">\u00ab Je fais semblant de travailler, pour que l&rsquo;Etat puisse faire semblant de me payer\u00a0\u00bb.<br \/>\n<\/span><\/p>\n<p><span style=\"color: #777777; font-family: Arial;\">Ou encore plus sarcastique dans un camp du goulag :<br \/>\n<\/span><\/p>\n<p style=\"margin-left: 28pt;\"><span style=\"color: #c00000; font-family: Arial;\">\u00ab Tu as \u00e9t\u00e9 condamn\u00e9 \u00e0 combien ?<br \/>\n<\/span><span style=\"color: #c00000; font-family: Arial;\">\u2013 5 ans !<br \/>\n<\/span><span style=\"color: #c00000; font-family: Arial;\">\u2013 Et tu as fait quoi ?<br \/>\n<\/span><span style=\"color: #c00000; font-family: Arial;\">\u2013 Mais je n&rsquo;ai rien fait, rien !<br \/>\n<\/span><span style=\"color: #c00000; font-family: Arial;\">\u2013 \u00c7a, ce n&rsquo;est pas possible, quand on n&rsquo;a rien fait c&rsquo;est 3 ans ! \u00bb.<br \/>\n<\/span><\/p>\n<p><span style=\"color: #777777; font-family: Arial;\">Et puis sur un autre plan je vous engage \u00e0 regarder cette vid\u00e9o : <span style=\"color: #0000ff;\">&lt;<a style=\"color: #0000ff;\" href=\"https:\/\/www.youtube.com\/watch?v=D-DZUnh8-Ro\">Nasser parle de son entretien avec les fr\u00e8res musulmans<\/a>&gt;<\/span><br \/>\n<\/span><\/p>\n<p><span style=\"color: #777777; font-family: Arial;\">Cette vid\u00e9o montre Nasser lors d&rsquo;un meeting politique expliquer qu&rsquo;il a voulu discuter avec les fr\u00e8res musulmans, c&rsquo;est \u00e0 dire les salafistes, pour les associer au pouvoir. Et quand il dit que leur premi\u00e8re exigence est que \u00ab\u00a0<span style=\"color: #c00000;\">nos femmes sortent dans la rue voil\u00e9es\u00a0<span style=\"color: #777777;\">\u00bb vous entendez, la salle qui \u00e9clate de rire.<br \/>\n<\/span><\/span><\/span><\/p>\n<p><span style=\"color: #777777; font-family: Arial;\">Tout est dit. Il ne peut exister de r\u00e9ponse plus forte que \u00e7a. C&rsquo;est beaucoup plus fort que si la salle criait \u00ab\u00a0NON\u00a0\u00bb. Vous pouvez \u00e9couter la suite de la vid\u00e9o, \u00e9difiant. Il faudrait pourvoir la comparer avec un meeting des fr\u00e8res musulmans.<br \/>\n<\/span><\/p>\n<p><img loading=\"lazy\" decoding=\"async\" class=\"alignright\" src=\"https:\/\/lemotdujour.fr\/wp-content\/uploads\/2020\/10\/101520_2126_LundiXXmai22.jpg\" alt=\"\" width=\"362\" height=\"528\" align=\"left\" \/><span style=\"color: #777777; font-family: Arial;\">Et le rire qui est joie, d\u00e9dramatise aussi.<br \/>\n<\/span><\/p>\n<p><span style=\"color: #777777; font-family: Arial;\">Dans ma modeste exp\u00e9rience, quand parfois, c&rsquo;est plus dur au quotidien parce que mon corps est meurtri par des th\u00e9rapies qui sont utilis\u00e9es pour gu\u00e9rir un mal plus grand, c&rsquo;est l&rsquo;amour de mes proches, la musique qui apaise mais aussi l&rsquo;humour et le rire qui redonnent force de vie et volont\u00e9 de continuer le chemin, la t\u00eate haute.<br \/>\n<\/span><\/p>\n<p><span style=\"color: #777777; font-family: Arial;\">C&rsquo;est le rire qu&rsquo;on a assassin\u00e9 le 7 janvier dans les locaux de Charlie Hebdo, parce que le rire est insupportable \u00e0 certains, parce qu&rsquo;il lib\u00e8re de la peur comme dit le personnage d&rsquo;Ecco et que cela ce n&rsquo;est pas possible pour ceux qui veulent imposer une loi totalitaire pour tous.<br \/>\n<\/span><\/p>\n<p><span style=\"color: #777777; font-family: Arial;\">Tous les dessins de Charlie Hebdo ne m&rsquo;ont pas fait rire.<br \/>\n<\/span><\/p>\n<p><span style=\"color: #777777; font-family: Arial;\">Mais aujourd&rsquo;hui\u00a0 je d\u00e9fends sans aucune restriction Charlie Hebdo, son droit de faire rire, de pratiquer la d\u00e9rision.<br \/>\n<\/span><\/p>\n<p><span style=\"color: #777777; font-family: Arial;\">Et puis le mot du jour insiste sur l&rsquo;addiction des totalitarismes \u00e0 la peur et c&rsquo;est bien par la peur que ces fanatiques et les intellectuels qui les inspirent veulent imposer leur loi, leurs id\u00e9es, leur vision du monde et de la soci\u00e9t\u00e9.<br \/>\n<\/span><\/p>\n<p><span style=\"color: #777777; font-family: Arial;\">Charb a dit \u00ab <span style=\"color: #c00000;\">je pr\u00e9f\u00e8re mourir debout que vivre \u00e0 genoux.<span style=\"color: #777777;\"> \u00bb et il a ajout\u00e9\u00a0 \u00ab <span style=\"color: #c00000;\">L&rsquo;humour est un langage que les int\u00e9gristes ne comprennent pas. Eux s&rsquo;appuient sur la peur. (\u2026)\u00a0Je n&rsquo;ai pas l&rsquo;impression d&rsquo;\u00e9gorger quelqu&rsquo;un avec un feutre. Je ne mets pas de vies en danger. Quand les activistes ont besoin d&rsquo;un pr\u00e9texte pour justifier leur violence, ils le trouvent toujours<span style=\"color: #777777;\">. \u00bb<br \/>\n<\/span><\/span><\/span><\/span><\/span><\/p>\n<p><a href=\"http:\/\/www.lesinrocks.com\/2015\/01\/07\/actualite\/charb-je-prefere-mourir-debout-que-vivre-genoux-11544642\/\"><span style=\"color: blue; font-family: Arial; text-decoration: underline;\">&lt;Les inrocks ont repris cette interview&gt;<\/span><\/a><span style=\"color: #777777; font-family: Arial;\"><br \/>\n<\/span><\/p>\n<p><span style=\"color: #777777; font-family: Arial;\">Charb qui \u00e9tait en train d&rsquo;\u00e9crire un livre contre l&rsquo;islamophobie.<br \/>\n<\/span><\/p>\n<p><span style=\"color: #777777; font-family: Arial;\">Je m&rsquo;incline devant ce h\u00e9ros et les autres qui \u00e9taient avec lui.<br \/>\n<\/span><\/p>\n<p><span style=\"color: #777777; font-family: Arial;\">Les manifestations de ce dimanche sont une grande r\u00e9ponse du peuple fran\u00e7ais \u00e0 cette tentative de faire peur.<br \/>\n<\/span><\/p>\n<p><span style=\"color: #777777; font-family: Arial;\">Mais n&rsquo;oublions pas de rire, m\u00eame si quelquefois ce sont les larmes qui submergent.<br \/>\n<\/span><\/p>\n<div><span style=\"color: #800000;\">&lt;416&gt;<\/span><\/div>\n","protected":false},"excerpt":{"rendered":"<p>Lundi 12 janvier 2015 \u00ab\u00a0Le rire lib\u00e8re de la peur du diable, [&#8230;] Le rire distrait, quelques instants de la peur. Mais la loi s\u2019impose \u00e0 travers la peur, dont le vrai nom est crainte de Dieu. [&#8230;] Et que<\/p>\n","protected":false},"author":1,"featured_media":0,"comment_status":"closed","ping_status":"closed","sticky":false,"template":"","format":"standard","meta":{"footnotes":""},"categories":[1],"tags":[24,6,34],"class_list":["post-958","post","type-post","status-publish","format-standard","hentry","category-motdujour","tag-actualite","tag-philosophie","tag-religion"],"_links":{"self":[{"href":"https:\/\/lemotdujour.fr\/index.php?rest_route=\/wp\/v2\/posts\/958","targetHints":{"allow":["GET"]}}],"collection":[{"href":"https:\/\/lemotdujour.fr\/index.php?rest_route=\/wp\/v2\/posts"}],"about":[{"href":"https:\/\/lemotdujour.fr\/index.php?rest_route=\/wp\/v2\/types\/post"}],"author":[{"embeddable":true,"href":"https:\/\/lemotdujour.fr\/index.php?rest_route=\/wp\/v2\/users\/1"}],"replies":[{"embeddable":true,"href":"https:\/\/lemotdujour.fr\/index.php?rest_route=%2Fwp%2Fv2%2Fcomments&post=958"}],"version-history":[{"count":4,"href":"https:\/\/lemotdujour.fr\/index.php?rest_route=\/wp\/v2\/posts\/958\/revisions"}],"predecessor-version":[{"id":9874,"href":"https:\/\/lemotdujour.fr\/index.php?rest_route=\/wp\/v2\/posts\/958\/revisions\/9874"}],"wp:attachment":[{"href":"https:\/\/lemotdujour.fr\/index.php?rest_route=%2Fwp%2Fv2%2Fmedia&parent=958"}],"wp:term":[{"taxonomy":"category","embeddable":true,"href":"https:\/\/lemotdujour.fr\/index.php?rest_route=%2Fwp%2Fv2%2Fcategories&post=958"},{"taxonomy":"post_tag","embeddable":true,"href":"https:\/\/lemotdujour.fr\/index.php?rest_route=%2Fwp%2Fv2%2Ftags&post=958"}],"curies":[{"name":"wp","href":"https:\/\/api.w.org\/{rel}","templated":true}]}}