{"id":956,"date":"2015-01-07T01:00:00","date_gmt":"2015-01-06T22:00:00","guid":{"rendered":"http:\/\/lemotdujour.fr\/?p=956"},"modified":"2020-06-12T16:44:44","modified_gmt":"2020-06-12T14:44:44","slug":"mercredi-7-janvier-2015","status":"publish","type":"post","link":"https:\/\/lemotdujour.fr\/?p=956","title":{"rendered":"Mercredi 7 janvier 2015"},"content":{"rendered":"<div class=\"mdjDate\">Mercredi 7 janvier 2015<\/div>\n<div class=\"mdjTexte\">\u00abMot de jour sp\u00e9cial\u00bb<\/div>\n<div class=\"mdjAuteur\">Jour de l&rsquo;attentat de Charlie Hebdo<\/div>\n<div><\/div>\n<div class=\"mdjComplements\"><strong>Hommage \u00e0 Cabu<\/strong><\/div>\n<div class=\"mdjComplements\"><img loading=\"lazy\" decoding=\"async\" class=\"alignnone size-medium wp-image-2311\" src=\"https:\/\/lemotdujour.fr\/wp-content\/uploads\/2017\/05\/charlie-hebdo-292x300.jpg\" alt=\"\" width=\"292\" height=\"300\" srcset=\"https:\/\/lemotdujour.fr\/wp-content\/uploads\/2017\/05\/charlie-hebdo-292x300.jpg 292w, https:\/\/lemotdujour.fr\/wp-content\/uploads\/2017\/05\/charlie-hebdo.jpg 389w\" sizes=\"auto, (max-width: 292px) 100vw, 292px\" \/><\/div>\n<div class=\"mdjComplements\">Cabu est mort \u00e0 75 ans avec 9 autres journalistes ou salari\u00e9s de Charlie Hebdo et 2 policiers qui devaient les prot\u00e9ger,sous les balles d&rsquo;armes de guerre de deux fous fanatiques<br \/>\nJe suis en cong\u00e9 mais je sors de mon silence pour cet hommage.<\/div>\n<div class=\"mdjComplements\">Et en r\u00e9action \u00e0 ce crime contre nos libert\u00e9s<\/div>\n<div class=\"mdjComplements\"><\/div>\n<div class=\"mdjComplements\"><span style=\"color: #800000;\">&lt;mot sans num\u00e9ro&gt;<\/span><\/div>\n","protected":false},"excerpt":{"rendered":"<p>Mercredi 7 janvier 2015 \u00abMot de jour sp\u00e9cial\u00bb Jour de l&rsquo;attentat de Charlie Hebdo Hommage \u00e0 Cabu Cabu est mort \u00e0 75 ans avec 9 autres journalistes ou salari\u00e9s de Charlie Hebdo et 2 policiers qui devaient les prot\u00e9ger,sous les<\/p>\n","protected":false},"author":1,"featured_media":0,"comment_status":"closed","ping_status":"closed","sticky":false,"template":"","format":"standard","meta":{"footnotes":""},"categories":[1],"tags":[24,17,19],"class_list":["post-956","post","type-post","status-publish","format-standard","hentry","category-motdujour","tag-actualite","tag-histoire","tag-personnel"],"_links":{"self":[{"href":"https:\/\/lemotdujour.fr\/index.php?rest_route=\/wp\/v2\/posts\/956","targetHints":{"allow":["GET"]}}],"collection":[{"href":"https:\/\/lemotdujour.fr\/index.php?rest_route=\/wp\/v2\/posts"}],"about":[{"href":"https:\/\/lemotdujour.fr\/index.php?rest_route=\/wp\/v2\/types\/post"}],"author":[{"embeddable":true,"href":"https:\/\/lemotdujour.fr\/index.php?rest_route=\/wp\/v2\/users\/1"}],"replies":[{"embeddable":true,"href":"https:\/\/lemotdujour.fr\/index.php?rest_route=%2Fwp%2Fv2%2Fcomments&post=956"}],"version-history":[{"count":7,"href":"https:\/\/lemotdujour.fr\/index.php?rest_route=\/wp\/v2\/posts\/956\/revisions"}],"predecessor-version":[{"id":9188,"href":"https:\/\/lemotdujour.fr\/index.php?rest_route=\/wp\/v2\/posts\/956\/revisions\/9188"}],"wp:attachment":[{"href":"https:\/\/lemotdujour.fr\/index.php?rest_route=%2Fwp%2Fv2%2Fmedia&parent=956"}],"wp:term":[{"taxonomy":"category","embeddable":true,"href":"https:\/\/lemotdujour.fr\/index.php?rest_route=%2Fwp%2Fv2%2Fcategories&post=956"},{"taxonomy":"post_tag","embeddable":true,"href":"https:\/\/lemotdujour.fr\/index.php?rest_route=%2Fwp%2Fv2%2Ftags&post=956"}],"curies":[{"name":"wp","href":"https:\/\/api.w.org\/{rel}","templated":true}]}}