{"id":9555,"date":"2020-09-01T11:14:00","date_gmt":"2020-09-01T09:14:00","guid":{"rendered":"http:\/\/lemotdujour.fr\/?p=9555"},"modified":"2020-10-10T20:50:37","modified_gmt":"2020-10-10T18:50:37","slug":"mardi-1-septembre-2020","status":"publish","type":"post","link":"https:\/\/lemotdujour.fr\/?p=9555","title":{"rendered":"Mardi 1 septembre 2020"},"content":{"rendered":"<div class=\"mdjTexte\">\u00abLe quintette en ut pour deux violons, alto et deux violoncelles D. 956\u00bb<\/div>\n<div class=\"mdjAuteur\">Franz Schubert<\/div>\n<p><span style=\"color: #777777; font-family: Arial;\">Et Schubert composa cette \u0153uvre qu&rsquo;on d\u00e9signe souvent sous le nom du quintette pour deux violoncelles.<br \/>\n<\/span><\/p>\n<p><span style=\"color: #777777; font-family: Arial;\">En mati\u00e8re d&rsquo;art, surtout quand nous nous situons \u00e0 des sommets, il n&rsquo;est pas possible de hi\u00e9rarchiser, de faire un classement.<br \/>\n<\/span><\/p>\n<p><span style=\"color: #777777; font-family: Arial;\">Comparer Rembrandt et Van Gogh pour dire qui est le plus grand n&rsquo;a pas de sens.<br \/>\n<\/span><\/p>\n<p><span style=\"color: #777777; font-family: Arial;\">Et \u00e0 l&rsquo;int\u00e9rieur des \u0153uvres de Rembrandt dire que la \u00ab\u00a0<\/span><span style=\"font-family: Arial;\"><a href=\"https:\/\/fr.wikipedia.org\/wiki\/La_Ronde_de_nuit\"><span style=\"color: #0000ff;\">Ronde de nuit<\/span>\u00a0<\/a><\/span><span style=\"color: #777777; font-family: Arial;\">\u00bb ou \u00ab\u00a0<\/span><span style=\"font-family: Arial;\"><a href=\"https:\/\/artsandculture.google.com\/asset\/isaac-and-rebecca-known-as-the-jewish-bride-rembrandt-harmensz-van-rijn\/hAERFV8rdOOssw?hl=fr\"><span style=\"color: #0000ff;\">La fianc\u00e9e juive<\/span><\/a><\/span><span style=\"color: #777777; font-family: Arial;\">\u00bb est sa plus grande \u0153uvre n&rsquo;a pas davantage de pertinence.<br \/>\n<\/span><\/p>\n<p><img decoding=\"async\" class=\"alignleft\" src=\"https:\/\/lemotdujour.fr\/wp-content\/uploads\/2020\/09\/091820_0914_Mardi1septe1.jpg\" alt=\"\" align=\"left\" \/><span style=\"color: #777777; font-family: Arial;\">Il n&rsquo;est donc pas possible de d\u00e9signer la plus grande \u0153uvre de Schubert.<br \/>\n<\/span><\/p>\n<p><span style=\"color: #777777; font-family: Arial;\">Cependant si je m&rsquo;adonne \u00e0 ce jeu qui consiste \u00e0 d\u00e9signer le disque de musique unique que j&rsquo;aurai le droit d&#8217;emporter sur une \u00eele d\u00e9serte, je n&rsquo;ai pas beaucoup de doute. Depuis mes 20 ans jusqu&rsquo;\u00e0 pr\u00e9sent, ma r\u00e9ponse est toujours la m\u00eame\u00a0: \u00ab\u00a0Le quintette en ut D 956 de Schubert, \u00e9crit au courant de l&rsquo;\u00e9t\u00e9 1828 et termin\u00e9 en septembre.\u00a0\u00bb<br \/>\n<\/span><\/p>\n<p><span style=\"color: #777777; font-family: Arial;\">Christine Mondon parle de <strong>l&rsquo;opus magnum<\/strong>.<br \/>\n<\/span><\/p>\n<p style=\"margin-left: 28pt;\"><span style=\"color: #c00000; font-family: Arial;\">\u00ab\u00a0Que dire du Quintette pour cordes (D956), l&rsquo;opus magnum de la musique de chambre\u00a0? [\u2026] Ce quintette appelle au recueillement, \u00e0 une \u00e9coute ressentie et \u00e9prouv\u00e9e en profondeur.\u00a0\u00bb<br \/>\n<\/span><span style=\"color: #c00000; font-family: Arial;\"><em>Christine Mondon\u00a0: \u00ab Franz Schubert, Le musicien de l&rsquo;ombre \u00bb, pages 225<br \/>\n<\/em><\/span><\/p>\n<p><span style=\"color: #777777; font-family: Arial;\">Marcel Schneider cite Schumann qui exalte la qualit\u00e9 des Trios pour violon, violoncelle et piano de Schubert, pour ajouter\u00a0:<br \/>\n<\/span><\/p>\n<p style=\"margin-left: 28pt;\"><span style=\"color: #c00000; font-family: Arial;\">\u00ab\u00a0Il me semble pourtant que Schubert a r\u00e9ussi \u00e0 pousser l&rsquo;aventure encore plus loin et \u00e0 donner l&rsquo;\u0153uvre la plus accomplie de ce que qu&rsquo;on peut appeler la fusion du lyrisme dans la musique de chambre avec son Quintette en ut pour deux violoncelles, qu&rsquo;il \u00e9crivit en ao\u00fbt septembre 1828. [\u2026] Comme il ne fut publi\u00e9 qu&rsquo;en 1853, Schumann en a-t-il pris connaissance\u00a0? [\u2026]\u00a0\u00bb<br \/>\n<\/span><span style=\"color: #c00000; font-family: Arial;\"><em>Schubert, Marcel Schneider, collection Solf\u00e8ges, page<\/em> <em>135<br \/>\n<\/em><\/span><\/p>\n<p><img decoding=\"async\" class=\"alignright\" src=\"https:\/\/lemotdujour.fr\/wp-content\/uploads\/2020\/09\/091820_0914_Mardi1septe2.jpg\" alt=\"\" align=\"left\" \/><span style=\"color: #777777; font-family: Arial;\">Jean-Marc Geidel est un m\u00e9decin, mais aussi un passionn\u00e9 de musicologie et de Schubert. Il a \u00e9crit un roman\u00a0: \u00ab\u00a0<a href=\"https:\/\/www.editions-harmattan.fr\/index.asp?navig=catalogue&amp;obj=livre&amp;no=21548&amp;razSqlClone=1\"><span style=\"color: #0000ff;\">Le Voyage inachev\u00e9 &#8211; Une fantaisie sur Schubert.<\/span><\/a> \u00bb publi\u00e9 par les \u00e9ditions de l&rsquo;Harmattan. Le quintette en ut occupe une position centrale dans ce livre. Interview\u00e9 par Resmusica \u00ab\u00a0<a href=\"https:\/\/www.resmusica.com\/2007\/05\/22\/jean-marc-geidel-il-y-a-la-musique-et-il-y-a-schubert\/\">I<span style=\"color: #0000ff;\">l y a la musique, et il y a Schubert<\/span>\u00a0<\/a>\u00bb que je vous invite \u00e0 lire, il dit :<br \/>\n<\/span><\/p>\n<p style=\"margin-left: 28pt;\"><span style=\"color: #c00000; font-family: Arial;\">\u00ab\u00a0Il y a trente ans, je consid\u00e9rais d\u00e9j\u00e0 le quintette \u00e0 deux violoncelles comme \u00e9tant la plus belle \u0153uvre jamais \u00e9crite parmi celles que je connaissais.\u00a0\u00bb<br \/>\n<\/span><\/p>\n<p><span style=\"color: #777777; font-family: Arial;\">Et il ajoute des paroles qui r\u00e9sonnent en moi\u00a0:<br \/>\n<\/span><\/p>\n<p style=\"margin-left: 28pt;\"><span style=\"color: #c00000; font-family: Arial;\">\u00ab\u00a0[&#8230;] L&rsquo;\u00e9motion que j&rsquo;\u00e9coute en \u00e9coutant Schubert est d&rsquo;une autre sorte que celle que me procure en g\u00e9n\u00e9ral la musique. Pourtant les immenses tr\u00e9sors du Quintette se r\u00e9duisent \u00e0 une simple partition. Il y a l\u00e0 quelque chose d&rsquo;irr\u00e9ductible \u00e0 la raison, d&rsquo;aussi myst\u00e9rieux que l&rsquo;amour. L&rsquo;amour ce n&rsquo;est pas simplement de l&rsquo;amiti\u00e9 en mieux ou en plus fort. Il y a un saut qualitatif, un changement de nature du sentiment. Les \u00e9motions que l&rsquo;on ressent sont de l&rsquo;ordre de l&rsquo;\u00e9nigme. Elles ont trait \u00e0 notre \u00eatre profond dans ce qu&rsquo;il a de plus imp\u00e9n\u00e9trable. Comme on est dans le domaine de l&rsquo;ineffable, les mots semblent toujours trop \u00e9troits ou un peu \u00e0 c\u00f4t\u00e9. En exergue du livre de Brigitte Massin, consacr\u00e9 \u00e0 Schubert en 1977, on pouvait lire ce jugement de Max Jacob, \u00e0 propos d&rsquo;Apollinaire : \u00ab Il ne comprend rien \u00e0 la musique, il n&rsquo;aime que Schubert \u00bb. On sent qu&rsquo;il y a chez Schubert quelque chose qui est de l&rsquo;ordre du d\u00e9fi \u00e0 la musique, comme il y a chez les \u00ab amoureux de Schubert \u00bb une sorte de d\u00e9fi \u00e0 l&rsquo;acad\u00e9misme musical.\u00a0\u00bb<br \/>\n<\/span><\/p>\n<p><span style=\"color: #777777; font-family: Arial;\">La musique de Schubert constitue un myst\u00e8re. Le plus souvent et particuli\u00e8rement pour le quintette, c&rsquo;est une musique qui imm\u00e9diatement vous touche et vous parle. Pourtant du point de vue de la technique et m\u00eame de la science musicale, les sp\u00e9cialistes ont du mal \u00e0 expliquer, \u00e0 justifier et simplement \u00e0 comprendre.<br \/>\n<\/span><\/p>\n<p><span style=\"color: #777777; font-family: Arial;\">On pourrait penser que cette phrase \u00ab <span style=\"color: #c00000;\">Il ne comprend rien \u00e0 la musique, il n&rsquo;aime que Schubert<span style=\"color: #777777;\"> \u00bb constitue un jugement p\u00e9remptoire d&rsquo;un esprit embrum\u00e9 dans un moment d&rsquo;\u00e9garement.<br \/>\n<\/span><\/span><\/span><\/p>\n<p><a href=\"http:\/\/www.revuepiano.com\/s\/articles\/4173_197_franz-schubert-lexil-interieur?idarticle=4173\"><span style=\"font-family: Arial;\"><span style=\"color: #0000ff;\">Mais on lit<\/span><\/span><\/a><span style=\"color: #777777; font-family: Arial;\"> que Pierre Boulez a eu ce jugement :<br \/>\n<\/span><\/p>\n<p style=\"margin-left: 28pt;\"><span style=\"color: #c00000; font-family: Arial;\">\u00ab Si Schubert a \u00e9crit une seule note de musique, cela veut dire que je n&rsquo;ai rien compos\u00e9 du tout. \u00bb<br \/>\n<\/span><\/p>\n<p><span style=\"color: #777777; font-family: Arial;\">A mon humble avis, si on prend cette phrase au premier degr\u00e9, je pense que c&rsquo;est la deuxi\u00e8me proposition qui est la plus vraisemblable.<br \/>\n<\/span><\/p>\n<p><span style=\"color: #777777; font-family: Arial;\">Lors d&rsquo;une tribune des disques consacr\u00e9e au quintette j&rsquo;ai entendu un critique, dont j&rsquo;ai opportun\u00e9ment oubli\u00e9 le nom, affirmer que cette \u0153uvre \u00e9tait mi\u00e8vre. Expression que le Larousse d\u00e9finit par les mots de fade et affect\u00e9.<br \/>\n<\/span><\/p>\n<p><img decoding=\"async\" class=\"alignleft\" src=\"https:\/\/lemotdujour.fr\/wp-content\/uploads\/2020\/09\/091820_0914_Mardi1septe3.jpg\" alt=\"\" align=\"left\" \/><span style=\"color: #777777; font-family: Arial;\">Dans le livret qui accompagne la tr\u00e8s belle version du quintette par le quatuor Alban Berg et Heinrich Schiff, le musicologue Philippe Andriot explique :<br \/>\n<\/span><\/p>\n<p style=\"margin-left: 28pt;\"><span style=\"color: #c00000; font-family: Arial;\">\u00ab\u00a0Si les mots sont g\u00e9n\u00e9ralement bien pauvres pour donner une id\u00e9e de la musique, dans le cas d&rsquo;\u0153uvres de la nature du Quintette en Ut majeur de Schubert, ils semblent non seulement hors de proportion mais presque insignifiants. [\u2026] il n&rsquo;est pas de compositeur qui ait davantage pr\u00eat\u00e9 \u00e0 la confusion des analyses. [\u2026] Quant \u00e0 l&rsquo;\u0153uvre elle-m\u00eame, un si\u00e8cle et demi apr\u00e8s, elle est encore l&rsquo;objet d&rsquo;analyses divergentes, contradictoires m\u00eame, parfois de confusions, et n&rsquo;a en tout cas pas acquis cette homologation inattaquable qui lui ouvrirait les oreilles et les c\u0153urs comme elle les ouvre \u00e0 la moindre page d&rsquo;un Bach ou d&rsquo;un Beethoven. C&rsquo;est quelle porte en elle un \u00e9l\u00e9ment rebelle \u00e0 l&rsquo;analyse, non seulement rebelle, mais qui interdit toute classification facile, se refuse \u00e0 toute assimilation confortable, entra\u00eene la cr\u00e9ation dans une fuite \u00e9perdue au moment o\u00f9 l&rsquo;on croit pouvoir en d\u00e9finir les bornes. Cet \u00e9l\u00e9ment qu&rsquo;aucun compositeur n&rsquo;a poss\u00e9d\u00e9 en un tel \u00e9tat de puret\u00e9, c&rsquo;est le r\u00eave. Un r\u00eave qui, bien s\u00fbr, d\u00e9bouche directement sur un ailleurs illimit\u00e9. \u00ab\u00a0J&rsquo;ai parfois l&rsquo;impression de ne pas appartenir \u00e0 ce monde\u00a0\u00bb aurait dit Schubert. Un r\u00eave qui ne peut s&rsquo;\u00e9panouir compl\u00e9tement sans aborder des domaines lointains, inexplor\u00e9s, myst\u00e9rieux.\u00a0\u00bb<br \/>\n<\/span><\/p>\n<p><span style=\"color: #777777; font-family: Arial;\">Si on essaye de replacer cette \u0153uvre dans l&rsquo;histoire de la musique occidentale et plus pr\u00e9cis\u00e9ment la musique de chambre, il faut rappeler que depuis Haydn, le c\u0153ur de la musique de chambre pour cordes se trouve dans la forme du quatuor \u00e0 cordes\u00a0: deux violons, alto, violoncelle.<br \/>\n<\/span><\/p>\n<p><span style=\"color: #777777; font-family: Arial;\">C&rsquo;est dans cette forme que Beethoven a compos\u00e9 ses plus grands chefs d&rsquo;\u0153uvre. Haydn, Mozart, Chostakovitch, Debussy, Ravel et Dutilleux ont aussi \u00e9crit des quatuors \u00e0 cordes inoubliables.<br \/>\n<\/span><\/p>\n<p><span style=\"color: #777777; font-family: Arial;\">Schubert en a \u00e9crit de tr\u00e8s beaux et deux chefs d&rsquo;\u0153uvres\u00a0: Le <a href=\"https:\/\/www.youtube.com\/watch?v=otdayisyIiM\"><strong><span style=\"color: #0000ff;\">quatuor N\u00b014 \u00ab\u00a0La jeune fille et la mort\u00a0\u00bb D. 810<\/span><\/strong><\/a> et son<span style=\"color: #0000ff;\"> <a style=\"color: #0000ff;\" href=\"https:\/\/www.youtube.com\/watch?v=rougrFY0r5Y\"><strong>dernier quatuor \u00e0 cordes N\u00b015 D. 887<\/strong><\/a>,<\/span> tous les deux termin\u00e9s en 1826. Les deux liens renvoient vers des interpr\u00e9tations exceptionnelles le 14 par l&rsquo;Alban Berg quartett et le premier mouvement du 15 par le Quatuor Belcea.<br \/>\n<\/span><\/p>\n<p><span style=\"color: #777777; font-family: Arial;\">Autour de cette forme id\u00e9ale, se sont construits d&rsquo;autres formes et notamment des quintettes.<br \/>\n<\/span><\/p>\n<p><span style=\"color: #777777; font-family: Arial;\">Les quintettes avec piano dans lesquelles le compositeur ajoute un piano au quatuor \u00e0 cordes. Cette forme a aussi donn\u00e9 naissances a des \u0153uvres admirables de Schumann, Brahms, Dvorak, Franck, Chostakovitch.<br \/>\n<\/span><\/p>\n<p><span style=\"color: #777777; font-family: Arial;\">Et Schubert a \u00e9crit un quintette avec piano. Mais l\u00e0 comme pour le quintette en ut, il a \u00e9t\u00e9 disruptif.<br \/>\n<\/span><\/p>\n<p><span style=\"color: #777777; font-family: Arial;\">En effet, dans le quintette de la truite D. 667 compos\u00e9 en 1819, \u00e0 22 ans\u00a0! Schubert a exclu le second violon et a ajout\u00e9 une contrebasse.<br \/>\n<\/span><\/p>\n<p><span style=\"color: #777777; font-family: Arial;\">Pour renforcer les basses et apporter un autre \u00e9quilibre \u00e0 l&rsquo;ensemble.<br \/>\n<\/span><\/p>\n<p><span style=\"color: #777777; font-family: Arial;\">Pour le quintette en ut, il n&rsquo;a pas non plus suivi les normes en usage. C&rsquo;est Mozart qui a donn\u00e9 ses lettres de noblesse au quintette \u00e0 cordes, il en a compos\u00e9 6 dont deux merveilles (K 515 et 516), en ajoutant un second alto au quatuor \u00e0 cordes. Brahms va reprendre cette formule pour composer ses deux beaux quintettes \u00e0 cordes.<br \/>\n<\/span><\/p>\n<p><span style=\"color: #777777; font-family: Arial;\">J&rsquo;avais lu qu&rsquo;avant Schubert, Luigi Boccherini (1743-1805) avait invent\u00e9 le quintette avec deux violoncelles. Plein d&rsquo;espoir j&rsquo;ai achet\u00e9 un coffret pr\u00e9tendant regrouper les principaux quintettes de Boccherini. J&rsquo;ai \u00e9t\u00e9 tr\u00e8s d\u00e9\u00e7u, c&rsquo;est d&rsquo;un ennui\u2026<br \/>\n<\/span><\/p>\n<p><span style=\"color: #777777; font-family: Arial;\">Dans le D. 956 de Schubert, d\u00e8s les premi\u00e8res mesures on entre dans un monde d&rsquo;\u00e9motion et de temps suspendu.<br \/>\n<\/span><\/p>\n<p><span style=\"color: #777777; font-family: Arial;\">Voici ce d\u00e9but par &lt;<span style=\"color: #0000ff;\"><a style=\"color: #0000ff;\" href=\"https:\/\/www.youtube.com\/watch?v=uWSOcE55pow\">Le quatuor Eb\u00e8ne et Gautier Capu\u00e7on<\/a><\/span>&gt;<br \/>\n<\/span><\/p>\n<p><img loading=\"lazy\" decoding=\"async\" class=\"alignright\" src=\"https:\/\/lemotdujour.fr\/wp-content\/uploads\/2020\/09\/091820_0914_Mardi1septe4.jpg\" alt=\"\" width=\"334\" height=\"330\" align=\"left\" \/><span style=\"color: #777777; font-family: Arial;\">Volker Scherliess dans le livret accompagnant une des meilleures versions de cette \u0153uvre, la derni\u00e8re version du quatuor Amadeus avec Robert Cohen, \u00e9crit\u00a0:<br \/>\n<\/span><\/p>\n<p style=\"margin-left: 28pt;\"><span style=\"color: #c00000; font-family: Arial;\">\u00ab\u00a0Le d\u00e9but est d\u00e9j\u00e0 inexplicable, myst\u00e9rieux\u00a0: la tonalit\u00e9 fondamentale ut majeur est transform\u00e9e d\u00e8s le deuxi\u00e8me accord, passant \u00e0 l&rsquo;ut mineur pour revenir ensuite au majeur. De telles tensions qui tant\u00f4t se voilent, tant\u00f4t se d\u00e9voilent, sont fr\u00e9quentes dans ce quintette. En donner une explication de technique, compositionnelle n&rsquo;avance gu\u00e8re.\u00a0\u00bb<br \/>\n<\/span><\/p>\n<p><span style=\"color: #777777; font-family: Arial;\">La beaut\u00e9 ne s&rsquo;explique pas, l&rsquo;entrelacement des diff\u00e9rentes voies ouvre \u00e0 chaque moment d&rsquo;autres perspectives qui sont autant de respiration de l&rsquo;ineffable.<br \/>\n<\/span><\/p>\n<p><span style=\"color: #777777; font-family: Arial;\">Et apr\u00e8s ce mouvement o\u00f9 on pense qu&rsquo;on a atteint les sommets ultimes, vient l&rsquo;adagio. <\/span><span style=\"color: #777777; font-family: Arial;\">Marcel Schneider \u00e9crit \u00e0 propos de l&rsquo;Adagio\u00a0;<br \/>\n<\/span><\/p>\n<p style=\"margin-left: 28pt;\"><span style=\"color: #c00000; font-family: Arial;\">\u00ab Cette fois, le d\u00e9veloppement est d&rsquo;une simplicit\u00e9 absolue : la grandeur de l&rsquo;inspiration, la profondeur du sentiment sont telles que Schubert n&rsquo;a pas eu besoin de recourir aux subtilit\u00e9s de la technique. Les instruments jouent souvent \u00e0 l&rsquo;unisson, les reprises sont nombreuses : seul un interlude plus violent vient rompre l&rsquo;atmosph\u00e8re de douceur, de s\u00e9r\u00e9nit\u00e9 divine, de tristesse impalpable qui baigne tout l&rsquo;adagio. On admire que Schubert ait os\u00e9 concevoir un mouvement qui d\u00fbt si peu \u00e0 la science et tant \u00e0 l&rsquo;effusion lyrique et qui ainsi fait, p\u00fbt soutenir la comparaison avec les plus nobles \u0153uvres de la musique \u00bb<br \/>\n<\/span><span style=\"color: #c00000; font-family: Arial;\"><em>Schubert, Marcel Schneider, collection Solf\u00e8ges, page<\/em> <em>136<br \/>\n<\/em><\/span><\/p>\n<p><span style=\"color: #777777; font-family: Arial;\">Fran\u00e7oise Dolto a \u00e9crit un livre admirable sur la solitude : \u00ab <span style=\"color: #0000ff;\"><a style=\"color: #0000ff;\" href=\"http:\/\/www.gallimard.fr\/Catalogue\/GALLIMARD\/Francoise-Dolto\/Solitude\">Solitude<\/a> <\/span>\u00bb. A la fin de son ouvrage, un chapitre : \u00ab La mort : clameurs et chuchotements \u00bb commence ainsi :<br \/>\n<\/span><\/p>\n<p style=\"margin-left: 28pt;\"><span style=\"color: #c00000; font-family: Arial;\">\u00ab Solitude, pour nous vivants, pleins de s\u00e8ve, tu es, \u00e9preuve insolite d&rsquo;\u00eatre sans savoir, qui nous fait languir d&rsquo;un visage en qui nous conna\u00eetre, avec qui nous reconna\u00eetre et d\u00e9couvrir par-del\u00e0 nos dissemblances et nos diff\u00e9rences, par-del\u00e0 nos s\u00e9parations dans le temps et l&rsquo;espace, la joie de la communication, l&rsquo;ardeur d&rsquo;un vivre qui, dans chacun de nos corps, \u00e0 ses besoins, \u00e0 ses limites r\u00e9duit est \u00e0 sa d\u00e9tresse confin\u00e9 \u00bb.<br \/>\n<\/span><\/p>\n<p><span style=\"color: #777777; font-family: Arial;\">C&rsquo;est un ouvrage exigeant mais en introduction Fran\u00e7oise Dolto donne une cl\u00e9 :<br \/>\n<\/span><\/p>\n<p style=\"margin-left: 28pt;\"><span style=\"color: #c00000; font-family: Arial;\">\u00ab Alors, ceux qui comme Don Juan, n&rsquo;appr\u00e9cient ni le papier, invention des gu\u00eapes cartonni\u00e8res, ni les longs discours, s&rsquo;ils veulent toutefois apprendre un peu sur Solitude \u2013 Soledad, peuvent, \u00e0 la place, \u00e9couter avec un plaisir infini l&rsquo;Adagio du Quintette \u00e0 cordes de Schubert \u2026 \u00bb<br \/>\n<\/span><\/p>\n<p><img decoding=\"async\" class=\"alignleft\" src=\"https:\/\/lemotdujour.fr\/wp-content\/uploads\/2020\/09\/091820_0914_Mardi1septe5.png\" alt=\"\" align=\"left\" \/><span style=\"color: #777777; font-family: Arial;\">Voici l&rsquo;adagio par <span style=\"color: #0000ff;\">&lt;<a style=\"color: #0000ff;\" href=\"https:\/\/www.youtube.com\/watch?v=f7TCuxfEitw\">le Quatuor Parisii et Emmanuelle Bertrand<\/a>&gt;<\/span> enregistr\u00e9 le 23 juin 2020 par France Musique.<br \/>\n<\/span><\/p>\n<p><span style=\"color: #777777; font-family: Arial;\">Arriv\u00e9 \u00e0 ce niveau d&rsquo;\u00e9motion, il faut redescendre. Le troisi\u00e8me mouvement, le scherzo emprunte un caract\u00e8re orchestral, ce qui signifie qu&rsquo;on peut penser parfois que les cinq musiciens constituent un orchestre au complet. Une impression de temp\u00eate se d\u00e9gage parfois dans des harmonies somptueuses interrompu par le trio que Marcel Schneider d\u00e9crit ainsi<br \/>\n<\/span><\/p>\n<p style=\"margin-left: 28pt;\"><span style=\"color: #c00000; font-family: Arial;\">[Le trio] fait entendre une \u00e9trange musique, \u00ab\u00a0languissante et fun\u00e8bre\u00a0\u00bb eut dit G\u00e9rard de Nerval, o\u00f9 les instruments sont employ\u00e9s dans leur registre le plus grave, et qui s&rsquo;oppose \u00e0 la vivacit\u00e9 du scherzo [\u2026] de sorte que la reprise du scherzo prend un accent angoiss\u00e9 que n&rsquo;avait pas l&rsquo;exposition\u00a0\u00bb<br \/>\n<\/span><span style=\"color: #c00000; font-family: Arial;\"><em>Schubert, Marcel Schneider, collection Solf\u00e8ges, page<\/em> <em>136<br \/>\n<\/em><\/span><\/p>\n<p><span style=\"color: #777777; font-family: Arial;\">Puis, le quatri\u00e8me mouvement est par contraste beaucoup plus l\u00e9ger. Marcel Schneider \u00e9crit\u00a0:<br \/>\n<\/span><\/p>\n<p style=\"margin-left: 28pt;\"><span style=\"color: #c00000; font-family: Arial;\">\u00ab\u00a0Le final, allegretto, qui revient au ton principal, ram\u00e8ne \u00e0 la l\u00e9g\u00e8ret\u00e9. Nouvelles surprises\u00a0: nous nous attendions \u00e0 une autre fin, mais soit que Schubert veuille affirmer une joie ing\u00e9nue qu&rsquo;il ne poss\u00e8de plus de puis 1823, soit qu&rsquo;il esp\u00e8re se concilier les puissances qu&rsquo;il ne faut pas nommer en agissant comme un musicien que ne tourmentent pas les soucis, soit enfin que par modestie il d\u00e9cide de terminer de fa\u00e7on ordinaire cette \u0153uvre extraordinaire, il nous offre une conclusion d&rsquo;allure populaire, sans pr\u00e9tention, qui \u00e9voque les r\u00e9unions amicales des tavernes viennoises, comme si, apr\u00e8s avoir plong\u00e9 dans les t\u00e9n\u00e8bres de son \u00e2me et nous en avoir r\u00e9v\u00e9l\u00e9 les myst\u00e8res, Schubert voulait remonter \u00e0 la surface et nous laisser le souvenir de son apparence habituelle, comme si les angoisses, les nostalgies et les visions c\u00e9lestes du Schubert des heures solitaires c\u00e9daient le pas \u00e0 l&rsquo;image qu&rsquo;offrait l&rsquo;homme ext\u00e9rieur.\u00bb<br \/>\n<\/span><span style=\"color: #c00000; font-family: Arial;\"><em>Schubert, Marcel Schneider, collection Solf\u00e8ges, <span style=\"font-size: 11pt;\">page 136<br \/>\n<\/span><\/em><\/span><\/p>\n<p><span style=\"color: #777777; font-family: Arial;\">Je laisse la conclusion \u00e0 ce m\u00eame auteur\u00a0:<br \/>\n<\/span><\/p>\n<p><span style=\"color: #c00000; font-family: Arial; font-size: 11pt;\">\u00ab\u00a0Le Quintette en ut appartient \u00e0 la musique de chambre, mais il est aussi autre chose\u00a0: une intuition de l&rsquo;au-del\u00e0, un fragment de la musique ininterrompue du monde.\u00a0\u00bb<br \/>\n<em>Schubert, Marcel Schneider, collection Solf\u00e8ges, page 167<\/em><span style=\"color: #777777;\"><br \/>\n<\/span><\/span><\/p>\n<p><span style=\"color: #777777; font-family: Arial;\">Pour cette \u0153uvre non plus, Schubert ne verra ni sa premi\u00e8re ex\u00e9cution publique, ni son \u00e9dition. La premi\u00e8re aura lieu le 17 novembre 1850 au Musikverein de Vienne par le Quatuor Hellmesberg et le violoncelliste du th\u00e9\u00e2tre imp\u00e9rial Josef Stransky. L&rsquo;\u0153uvre sera publi\u00e9e sous le n\u00b0 d&rsquo;opus 163 en 1853 par la maison viennoise de C. A. Spina, successeur du c\u00e9l\u00e8bre \u00e9diteur Anton Diabelli, qui avait publi\u00e9 en 1838 les trois derni\u00e8res sonates pour piano de Schubert D. 958 \u00e0 D. 960.<br \/>\n<\/span><\/p>\n<p><span style=\"color: #777777; font-family: Arial;\">Actuellement, l&rsquo;\u00e9dition du Quintette de 1853 constitue la source connue la plus ancienne, son autographe \u00e9tant introuvable.<br \/>\n<\/span><\/p>\n<p><span style=\"color: #777777; font-family: Arial;\">Il est possible de trouver sur Internet de tr\u00e8s belles interpr\u00e9tations\u00a0:<br \/>\n<\/span><\/p>\n<p><span style=\"color: #777777; font-family: Arial;\">D&rsquo;abord un enregistrement de 2018 du &lt;<a href=\"https:\/\/www.youtube.com\/watch?v=T0GOv95iDf0\"><span style=\"color: #0000ff;\">Quatuor Emerson et du violoncelliste David Finckel<\/span><\/a>&gt;<br \/>\n<\/span><\/p>\n<p><span style=\"color: #777777; font-family: Arial;\">Puis une version fougueuse de jeunes musiciens entrain\u00e9s par la flamboyante &lt;<a href=\"D%20956%20Janine%20Jansen\"><span style=\"color: #0000ff;\">Janine Jansen<\/span><\/a>&gt;<br \/>\n<\/span><\/p>\n<p><span style=\"color: #777777; font-family: Arial;\">Et une &lt;<a href=\"https:\/\/www.youtube.com\/watch?v=EUgFNWGPtQU\"><span style=\"color: #0000ff;\">troisi\u00e8me<\/span><\/a>&gt; qui montre une rencontre \u00e9tonnante de cinq musiciens membres de cinq quatuors \u00e0 cordes parmi les plus r\u00e9put\u00e9s :<br \/>\n<\/span><\/p>\n<ul>\n<li><span style=\"color: #777777; font-family: Arial;\">Norbert Brainin, Quatuor Amadeus, premier violon<br \/>\n<\/span><\/li>\n<li><span style=\"color: #777777; font-family: Arial;\">Earl Carlyss, Quatuor Juilliard, second violon<br \/>\n<\/span><\/li>\n<li><span style=\"color: #777777; font-family: Arial;\">Piero Farulli, Quartetto Italiano, alto<br \/>\n<\/span><\/li>\n<li><span style=\"color: #777777; font-family: Arial;\">Stefan Metz, Quatuor Orlando, premier violoncelle<br \/>\n<\/span><\/li>\n<li><span style=\"color: #777777; font-family: Arial;\">Valentin Berlinsky, Quatuor Borodin, second violoncelle<br \/>\n<\/span><\/li>\n<\/ul>\n<p><img loading=\"lazy\" decoding=\"async\" class=\"alignleft\" src=\"https:\/\/lemotdujour.fr\/wp-content\/uploads\/2020\/09\/091820_0914_Mardi1septe6.jpg\" alt=\"\" width=\"361\" height=\"349\" align=\"left\" \/><span style=\"color: #777777; font-family: Arial;\">Et pour les enregistrements audiophiles, j&rsquo;ai d\u00e9j\u00e0 \u00e9voqu\u00e9 plusieurs interpr\u00e9tations de ce quintette, mais j&rsquo;ai gard\u00e9 pour la fin ce choix \u00e9minent et subjectif du disque de l&rsquo;ile d\u00e9serte.<br \/>\n<\/span><\/p>\n<p><span style=\"color: #777777; font-family: Arial;\">Il s&rsquo;agit pour moi de l&rsquo;interpr\u00e9tation viennoise du Quatuor Weller avec Dietfried G\u00fcrtler.<br \/>\n<\/span><\/p>\n<p><span style=\"color: #777777; font-family: Arial;\">Ce n&rsquo;est pas l&rsquo;interpr\u00e9tation avec laquelle j&rsquo;ai d\u00e9couverte l&rsquo;\u0153uvre. Cette d\u00e9couverte je la dois \u00e0 mon fr\u00e8re G\u00e9rard qui avec l&rsquo;ensemble auquel il participait, l&rsquo;Octuor de Paris, a jou\u00e9 dans les lieux de concert les plus r\u00e9put\u00e9s du monde et ainsi a \u00e9galement jou\u00e9 au Festival Prades qui a \u00e9t\u00e9 cr\u00e9\u00e9 par Pablo Casals et avec lequel notre premier ministre actuel Jean Castex a un lien particulier.<br \/>\n<\/span><\/p>\n<p><span style=\"color: #777777; font-family: Arial;\">Et c&rsquo;est en revenant de ce festival que G\u00e9rard m&rsquo;a fait d\u00e9couvrir l&rsquo;enregistrement r\u00e9alis\u00e9 pendant un festival pr\u00e9c\u00e9dent par Pablo Casals, Isaac Stern, Alexander Schneider, Milton Katims et Paul Tortelier.<br \/>\n<\/span><\/p>\n<p><span style=\"color: #777777; font-family: Arial;\">Mais imm\u00e9diatement apr\u00e8s j&rsquo;ai \u00ab\u00a0rencontr\u00e9\u00a0\u00bb l&rsquo;interpr\u00e9tation intemporelle du Quatuor Weller.<br \/>\n<\/span><\/p>\n<p><span style=\"color: #777777; font-family: Arial;\">Pour finir, je voudrais quand m\u00eame balayer les propos stupides de Pierre Boulez par <a href=\"https:\/\/www.telerama.fr\/musique\/24944-derniers_soupirs.php\"><span style=\"color: #0000ff;\">l&rsquo;avis \u00e9clair\u00e9<\/span><\/a> d&rsquo;un autre compositeur contemporain et chef d&rsquo;orchestre \u00e9m\u00e9rite\u00a0: Hans Zender\u00a0(1936-2019) :<br \/>\n<\/span><\/p>\n<p style=\"margin-left: 28pt;\"><span style=\"color: #c00000; font-family: Arial;\">\u00ab Les derni\u00e8res \u0153uvres de Schubert contiennent des germes qui ne s&rsquo;\u00e9panouiront que des d\u00e9cennies apr\u00e8s leur mise au jour, chez Anton Bruckner, Hugo Wolf, Gustav Mahler \u00bb<br \/>\n<\/span><\/p>\n<p><span style=\"color: #777777; font-family: Arial;\">C&rsquo;est bien s\u00fbr lui qui a raison. On peut \u00eatre intelligent comme Boulez, mais \u00eatre aveugl\u00e9 par son dogmatisme. Boulez qui n&rsquo;aimait pas non plus Chostakovitch et Britten qui eux adoraient Schubert.<br \/>\n<\/span><\/p>\n<p><span style=\"color: #c00000; font-family: Arial;\">&lt;1455&gt;<\/span><\/p>\n","protected":false},"excerpt":{"rendered":"<p>\u00abLe quintette en ut pour deux violons, alto et deux violoncelles D. 956\u00bb Franz Schubert Et Schubert composa cette \u0153uvre qu&rsquo;on d\u00e9signe souvent sous le nom du quintette pour deux violoncelles. En mati\u00e8re d&rsquo;art, surtout quand nous nous situons \u00e0<\/p>\n","protected":false},"author":1,"featured_media":0,"comment_status":"open","ping_status":"closed","sticky":false,"template":"","format":"standard","meta":{"footnotes":""},"categories":[1],"tags":[186,148,20],"class_list":["post-9555","post","type-post","status-publish","format-standard","hentry","category-motdujour","tag-186","tag-autriche","tag-musique"],"_links":{"self":[{"href":"https:\/\/lemotdujour.fr\/index.php?rest_route=\/wp\/v2\/posts\/9555","targetHints":{"allow":["GET"]}}],"collection":[{"href":"https:\/\/lemotdujour.fr\/index.php?rest_route=\/wp\/v2\/posts"}],"about":[{"href":"https:\/\/lemotdujour.fr\/index.php?rest_route=\/wp\/v2\/types\/post"}],"author":[{"embeddable":true,"href":"https:\/\/lemotdujour.fr\/index.php?rest_route=\/wp\/v2\/users\/1"}],"replies":[{"embeddable":true,"href":"https:\/\/lemotdujour.fr\/index.php?rest_route=%2Fwp%2Fv2%2Fcomments&post=9555"}],"version-history":[{"count":5,"href":"https:\/\/lemotdujour.fr\/index.php?rest_route=\/wp\/v2\/posts\/9555\/revisions"}],"predecessor-version":[{"id":9773,"href":"https:\/\/lemotdujour.fr\/index.php?rest_route=\/wp\/v2\/posts\/9555\/revisions\/9773"}],"wp:attachment":[{"href":"https:\/\/lemotdujour.fr\/index.php?rest_route=%2Fwp%2Fv2%2Fmedia&parent=9555"}],"wp:term":[{"taxonomy":"category","embeddable":true,"href":"https:\/\/lemotdujour.fr\/index.php?rest_route=%2Fwp%2Fv2%2Fcategories&post=9555"},{"taxonomy":"post_tag","embeddable":true,"href":"https:\/\/lemotdujour.fr\/index.php?rest_route=%2Fwp%2Fv2%2Ftags&post=9555"}],"curies":[{"name":"wp","href":"https:\/\/api.w.org\/{rel}","templated":true}]}}