{"id":954,"date":"2014-12-24T01:00:00","date_gmt":"2014-12-23T22:00:00","guid":{"rendered":"http:\/\/lemotdujour.fr\/?p=954"},"modified":"2020-06-04T19:21:49","modified_gmt":"2020-06-04T17:21:49","slug":"mercredi-24-decembre-2014","status":"publish","type":"post","link":"https:\/\/lemotdujour.fr\/?p=954","title":{"rendered":"Mercredi 24 d\u00e9cembre 2014"},"content":{"rendered":"<div class=\"mdjDate\">Mercredi 24 d\u00e9cembre 2014<\/div>\n<div class=\"mdjTexte\">\u00abMais tout ce qui est beau est aussi difficile que rare.\u00a0 \u00bb<\/div>\n<div class=\"mdjAuteur\">Spinoza, Ultime phrase de L&rsquo;Ethique de Baruch Spinoza (\u00e9crit entre 1661 et 1675)<\/div>\n<p><span style=\"color: #777777; font-family: Arial;\">L&rsquo;Ethique est selon beaucoup de gens s\u00e9rieux que j&rsquo;ai entendu, une des \u0153uvres de l&rsquo;esprit la plus remarquable de l&rsquo;humanit\u00e9. Spinoza (1632-1677) l&rsquo;a achev\u00e9e peu de temps avant sa mort.<br \/>\n<\/span><\/p>\n<p><span style=\"color: #777777; font-family: Arial;\">Dans ce monde o\u00f9 on zappe si facilement, o\u00f9 on nous ass\u00e8che le d\u00e9sir par de multiples objets dont nous ne savions pas avoir besoin, et peut \u00eatre particuli\u00e8rement \u00e0 No\u00ebl, Spinoza nous rappelle que nous ne pouvons aller \u00e0 la qu\u00eate du beau et du profond qu&rsquo;avec effort et en sachant que ces instants sont rares.<br \/>\n<\/span><\/p>\n<p><span style=\"color: #777777; font-family: Arial;\">Elle me parait aussi singuli\u00e8rement appropri\u00e9e apr\u00e8s le mot du jour d&rsquo;hier consacr\u00e9 \u00e0 Zhu Xiao Mei.<br \/>\n<\/span><\/p>\n<p><span style=\"color: #777777; font-family: Arial;\">Spinoza parlait surtout de la recherche spirituelle qui f\u00fbt la qu\u00eate de sa vie.<br \/>\n<\/span><\/p>\n<p><span style=\"color: #777777; font-family: Arial;\">Voici la fin de l&rsquo;Ethique :<br \/>\n<\/span><\/p>\n<p style=\"margin-left: 28pt;\"><span style=\"color: #c00000; font-family: Arial;\">\u00ab J&rsquo;ai \u00e9puis\u00e9 tout ce que je m&rsquo;\u00e9tais propos\u00e9 d&rsquo;expliquer touchant la puissance de l&rsquo;\u00e2me sur ses passions et la libert\u00e9 de l&rsquo;homme.<br \/>\n<\/span><\/p>\n<p style=\"margin-left: 28pt;\"><span style=\"color: #c00000; font-family: Arial;\">Les principes que j&rsquo;ai \u00e9tablis font voir clairement l&rsquo;excellence du sage et sa sup\u00e9riorit\u00e9 sur l&rsquo;ignorant que l&rsquo;aveugle passion conduit. Celui-ci, outre qu&rsquo;il est agit\u00e9 en mille sens divers par les causes ext\u00e9rieures, et ne poss\u00e8de jamais la v\u00e9ritable paix de l&rsquo;\u00e2me, vit dans l&rsquo;oubli de soi-m\u00eame, et de Dieu, et de toutes choses ; et pour lui, cesser de p\u00e2tir, c&rsquo;est cesser d&rsquo;\u00eatre. Au contraire, l&rsquo;\u00e2me du sage peut \u00e0 peine \u00eatre troubl\u00e9e.<br \/>\n<\/span><\/p>\n<p style=\"margin-left: 28pt;\"><span style=\"color: #c00000; font-family: Arial;\">Poss\u00e9dant par une sorte de n\u00e9cessit\u00e9 \u00e9ternelle la conscience de soi-m\u00eame et de Dieu et des choses, jamais il ne cesse d&rsquo;\u00eatre ; et la v\u00e9ritable paix de l&rsquo;\u00e2me, il la poss\u00e8de pour toujours. La voie que j&rsquo;ai montr\u00e9e pour atteindre jusque-l\u00e0 para\u00eetra p\u00e9nible sans doute, mais il suffit qu&rsquo;il ne soit pas impossible de la trouver.<br \/>\n<\/span><\/p>\n<p style=\"margin-left: 28pt;\"><span style=\"color: #c00000; font-family: Arial;\">Et certes, j&rsquo;avoue qu&rsquo;un but si rarement atteint doit \u00eatre bien difficile \u00e0 poursuivre ; car autrement, comment se\u00a0 pourrait-il faire, si le salut \u00e9tait si pr\u00e8s de nous, s&rsquo;il pouvait \u00eatre atteint sans un grand labeur, qu&rsquo;il f\u00fbt ainsi n\u00e9glig\u00e9 de tout le\u00a0 monde ?<br \/>\n<\/span><\/p>\n<p style=\"margin-left: 28pt;\"><span style=\"color: #c00000; font-family: Arial;\">Mais tout ce qui est beau est aussi difficile que rare. \u00bb<br \/>\n<\/span><\/p>\n<p><span style=\"color: #777777; font-family: Arial;\">Vous trouverez l&rsquo;int\u00e9gralit\u00e9 du texte de Spinoza ici :<span style=\"color: #0000ff;\"> <a style=\"color: #0000ff;\" href=\"http:\/\/www.lituraterre.org\/Spinoza-Ethique.pdf\">http:\/\/www.lituraterre.org\/Spinoza-Ethique.pdf<\/a><\/span><br \/>\n<\/span><\/p>\n<p><span style=\"color: #777777; font-family: Arial;\">Nous sommes \u00e0 la tr\u00eave de No\u00ebl, apr\u00e8s je vais prendre quelques cong\u00e9s et je reviendrai \u00e0 mon travail le 12 janvier, date de mon prochain mot du jour.<br \/>\n<\/span><\/p>\n<p><span style=\"color: #777777; font-family: Arial;\">Le silence est aussi, parfois, rempli de sens.<br \/>\n<\/span><\/p>\n<p><span style=\"color: #777777; font-family: Arial;\">Passer de bonnes f\u00eates et si vous deviez vous ennuyer des mots du jour, lisez l&rsquo;Ethique, cette \u0153uvre est remplie de mots du jour.<br \/>\n<\/span><\/p>\n<p><span style=\"color: #c00000; font-family: Arial;\">&lt;415&gt;<\/span><\/p>\n","protected":false},"excerpt":{"rendered":"<p>Mercredi 24 d\u00e9cembre 2014 \u00abMais tout ce qui est beau est aussi difficile que rare.\u00a0 \u00bb Spinoza, Ultime phrase de L&rsquo;Ethique de Baruch Spinoza (\u00e9crit entre 1661 et 1675) L&rsquo;Ethique est selon beaucoup de gens s\u00e9rieux que j&rsquo;ai entendu, une<\/p>\n","protected":false},"author":1,"featured_media":0,"comment_status":"closed","ping_status":"closed","sticky":false,"template":"","format":"standard","meta":{"footnotes":""},"categories":[1],"tags":[46,50,6],"class_list":["post-954","post","type-post","status-publish","format-standard","hentry","category-motdujour","tag-art","tag-europe","tag-philosophie"],"_links":{"self":[{"href":"https:\/\/lemotdujour.fr\/index.php?rest_route=\/wp\/v2\/posts\/954","targetHints":{"allow":["GET"]}}],"collection":[{"href":"https:\/\/lemotdujour.fr\/index.php?rest_route=\/wp\/v2\/posts"}],"about":[{"href":"https:\/\/lemotdujour.fr\/index.php?rest_route=\/wp\/v2\/types\/post"}],"author":[{"embeddable":true,"href":"https:\/\/lemotdujour.fr\/index.php?rest_route=\/wp\/v2\/users\/1"}],"replies":[{"embeddable":true,"href":"https:\/\/lemotdujour.fr\/index.php?rest_route=%2Fwp%2Fv2%2Fcomments&post=954"}],"version-history":[{"count":2,"href":"https:\/\/lemotdujour.fr\/index.php?rest_route=\/wp\/v2\/posts\/954\/revisions"}],"predecessor-version":[{"id":9092,"href":"https:\/\/lemotdujour.fr\/index.php?rest_route=\/wp\/v2\/posts\/954\/revisions\/9092"}],"wp:attachment":[{"href":"https:\/\/lemotdujour.fr\/index.php?rest_route=%2Fwp%2Fv2%2Fmedia&parent=954"}],"wp:term":[{"taxonomy":"category","embeddable":true,"href":"https:\/\/lemotdujour.fr\/index.php?rest_route=%2Fwp%2Fv2%2Fcategories&post=954"},{"taxonomy":"post_tag","embeddable":true,"href":"https:\/\/lemotdujour.fr\/index.php?rest_route=%2Fwp%2Fv2%2Ftags&post=954"}],"curies":[{"name":"wp","href":"https:\/\/api.w.org\/{rel}","templated":true}]}}