{"id":9531,"date":"2020-08-28T01:32:00","date_gmt":"2020-08-27T23:32:00","guid":{"rendered":"http:\/\/lemotdujour.fr\/?p=9531"},"modified":"2020-10-10T20:48:53","modified_gmt":"2020-10-10T18:48:53","slug":"vendredi-28-aout-2020","status":"publish","type":"post","link":"https:\/\/lemotdujour.fr\/?p=9531","title":{"rendered":"Vendredi 28 ao\u00fbt 2020"},"content":{"rendered":"<div class=\"mdjTexte\">\u00abLa derni\u00e8re \u0153uvre D. 965\u00bb<\/div>\n<div class=\"mdjAuteur\">Franz Schubert<\/div>\n<p style=\"margin-left: 14pt;\"><span style=\"color: navy; font-family: Verdana; font-size: 12pt;\"><span style=\"color: #777777; font-family: Arial;\">C&rsquo;est encore mon p\u00e8re qui m&rsquo;a guid\u00e9 vers cette \u0153uvre\u00a0:<br \/><\/span><\/span><\/p>\n<p style=\"margin-left: 28pt;\"><span style=\"color: #c00000; font-family: Arial;\">\u00ab Ecoute-bien Alain, c&rsquo;est la derni\u00e8re \u0153uvre de Schubert \u00bb<br \/><\/span><\/p>\n<p><span style=\"color: #777777; font-family: Arial;\">\u00ab <strong>Le p\u00e2tre sur le rocher D 965<\/strong>\u00bb en allemand \u00ab Der Hirt auf dem Felsen \u00bb.<br \/><\/span><\/p>\n<p><span style=\"color: #777777; font-family: Arial;\">C&rsquo;est un lied mais auquel Schubert a ajout\u00e9, de mani\u00e8re disruptive dirions-nous aujourd&rsquo;hui, une clarinette.<br \/><\/span><\/p>\n<p><span style=\"color: #777777; font-family: Arial;\">D\u00e8s <span style=\"color: #0000ff;\"><a style=\"color: #0000ff;\" href=\"https:\/\/lemotdujour.fr\/?p=8663\">le premier mot du jour de cette s\u00e9rie<\/a><\/span>, en m&rsquo;appuyant sur le fameux catalogue Deutsch qui a r\u00e9alis\u00e9, autant que possible, le classement chronologique des \u0153uvres de Schubert, j&rsquo;affirmais que les \u0153uvres de 1828 occupent les num\u00e9ros de <strong>937 \u00e0 965<\/strong>. <\/span><span style=\"color: #777777; font-family: Arial;\">Il est donc bien clair que l&rsquo;\u0153uvre portant le num\u00e9ro D. 965 constitue la derni\u00e8re \u0153uvre de Schubert.<br \/><\/span><\/p>\n<p><span style=\"color: #777777; font-family: Arial;\">C&rsquo;est une \u0153uvre absolument magnifique.<br \/><\/span><\/p>\n<p><span style=\"color: #777777; font-family: Arial;\">Brigitte Massin la d\u00e9crit ainsi\u00a0:<br \/><\/span><\/p>\n<p style=\"margin-left: 28pt;\"><span style=\"color: #c00000; font-family: Arial;\">\u00ab\u00a0Mais le P\u00e2tre sur le rocher n&rsquo;est pas \u00e0 proprement parler un lied. C&rsquo;est un petit air de concert. Il a \u00e9t\u00e9 command\u00e9 par Anna Milder-Hauptmann \u00e0 Schubert, et elle ne le recevra que quelques mois apr\u00e8s la mort du compositeur\u00a0\u00bb<br \/><\/span><\/p>\n<p><a href=\"https:\/\/en.wikipedia.org\/wiki\/Anna_Milder-Hauptmann\"><img decoding=\"async\" class=\"alignleft\" src=\"https:\/\/lemotdujour.fr\/wp-content\/uploads\/2020\/09\/091520_2320_Vendredi28a1.jpg\" alt=\"\" align=\"left\" border=\"0\" \/><\/a><span style=\"color: #777777; font-family: Arial;\"><strong>Anna Milder-Hauptmann<\/strong> (1785 &#8211; 1838) \u00e9tait une grande cantatrice d&rsquo;op\u00e9ra en ce d\u00e9but du XIX\u00e8me si\u00e8cle. C&rsquo;est elle qui cr\u00e9a le r\u00f4le-titre de la L\u00e9onore de Beethoven, premi\u00e8re version de Fidelio seul op\u00e9ra de Beethoven. Et c&rsquo;est aussi elle qui fut choisie par Mendelssohn pour chanter la partie soprano lors de la premi\u00e8re interpr\u00e9tation depuis la mort de Bach de la Passion selon Saint Matthieu, le 11 Mars 1829 \u00e0 Leipzig.<br \/><\/span><\/p>\n<p><span style=\"color: #777777; font-family: Arial;\">C&rsquo;\u00e9tait donc une des plus grandes chanteuses de son \u00e9poque et elle n&rsquo;ignorait rien du talent de Schubert dans le domaine du Lied. Elle \u00e9tait d&rsquo;ailleurs une de ses amies.<br \/><\/span><\/p>\n<p><span style=\"color: #777777; font-family: Arial;\">Ce lied est constitu\u00e9 par l&rsquo;amalgame de deux po\u00e8tes la partie la plus importante du texte (le d\u00e9but et la fin) a \u00e9t\u00e9 \u00e9crite par le po\u00e8te Wilhem M\u00fcller qui est aussi l&rsquo;auteur de la Belle meuni\u00e8re et du Voyage d&rsquo;hiver, la partie centrale a \u00e9t\u00e9 \u00e9crite par <strong>Karl August Varnhagen von Ense.<\/strong>. Pendant longtemps on a cru que c&rsquo;\u00e9tait l&rsquo;\u0153uvre d&rsquo;Helmina von Ch\u00e9zy qui est aussi la po\u00e9tesse de Rosamunde, mis en musique par Schubert. C&rsquo;est ce que Brigitte Massin \u00e9crivait encore dans sa biographie que je poss\u00e8de et imprim\u00e9 en 1977.<br \/><\/span><\/p>\n<p><span style=\"color: #777777; font-family: Arial;\">Ce lied est d&rsquo;une difficult\u00e9 extr\u00eame pour la soprano. Il \u00e9voque un berger heureux dans la montagne contemplant la vall\u00e9e. Mais, comme souvent, le lied, bascule ensuite dans un climat plus triste : il est question d&rsquo;une bien aim\u00e9e lointaine, de la solitude, de la nostalgie.<br \/><\/span><\/p>\n<p><span style=\"color: #777777; font-family: Arial;\">Mais la derni\u00e8re strophe est pleine d&rsquo;espoir\u00a0:<\/span><\/p>\n<div>\n<table style=\"border-collapse: collapse;\" border=\"0\"><colgroup> <col style=\"width: 302px;\" \/> <col style=\"width: 302px;\" \/><\/colgroup>\n<tbody valign=\"top\">\n<tr>\n<td style=\"padding-left: 7px; padding-right: 7px;\">\n<p style=\"margin-left: 28pt;\"><span style=\"color: #c00000; font-family: Arial;\">Der Fr\u00fchling will kommen,<br \/>Der Fr\u00fchling, meine Freud&rsquo;,<br \/>Nun mach&rsquo; ich mich fertig<br \/>Zum Wandern bereit<\/span><\/p>\n<\/td>\n<td style=\"padding-left: 7px; padding-right: 7px;\">\n<p style=\"margin-left: 28pt;\"><span style=\"color: #c00000; font-family: Arial;\">Bient\u00f4t ce sera le printemps.<br \/>Le printemps, ma joie.<br \/>Il me faut me pr\u00e9parer<br \/>Pr\u00eat \u00e0 partir en voyage<br \/><\/span><\/p>\n<\/td>\n<\/tr>\n<\/tbody>\n<\/table>\n<\/div>\n<p><span style=\"color: #777777; font-family: Arial;\">Dans &lt;<a href=\"https:\/\/fr.wikipedia.org\/wiki\/Der_Hirt_auf_dem_Felsen\"><span style=\"color: #0000ff;\">Wikipedia<\/span><\/a>&gt; vous pouvez lire l&rsquo;int\u00e9gralit\u00e9 du po\u00e8me.<br \/><\/span><\/p>\n<p><span style=\"color: #777777; font-family: Arial;\">Brigitte Massin \u00e9crit \u00e0 propos de cette fin\u00a0:<br \/><\/span><\/p>\n<p style=\"margin-left: 28pt;\"><span style=\"color: #c00000; font-family: Arial;\">\u00ab\u00a0Le printemps, invitation au voyage, nourrit une derni\u00e8re fois l&rsquo;\u00e9ternel grand r\u00eave de libert\u00e9\u00a0\u00bb<br \/><em>Brigitte Massin, Schubert, page 1290<\/em><br \/><\/span><\/p>\n<p><span style=\"color: #777777; font-family: Arial;\">Le plus parlant est certainement de l&rsquo;\u00e9couter, par exemple dans cette &lt;<span style=\"color: #0000ff;\"><a style=\"color: #0000ff;\" href=\"https:\/\/www.youtube.com\/watch?v=N9T98bE6BoY\">interpr\u00e9tation de Kathleen Battle<\/a><\/span>&gt; accompagn\u00e9e par James Levine et surtout par le merveilleux clarinettiste de la Philharmonie de Berlin : Karl Leister<br \/><\/span><\/p>\n<p><span style=\"color: #777777; font-family: Arial;\">Si vous privil\u00e9giez la voix, il faut plut\u00f4t \u00e9couter &lt;<a href=\"https:\/\/www.youtube.com\/watch?v=IfJHH9yqMik\"><span style=\"color: #0000ff;\">Margaret Price<\/span><\/a>&gt;<br \/><\/span><\/p>\n<p><span style=\"color: #777777; font-family: Arial;\">Mais la science des musicologues a progress\u00e9 et il a \u00e9t\u00e9 \u00e9tabli que Schubert avait \u00e9crit et fini un autre lied apr\u00e8s le P\u00e2tre sur le rocher. C&rsquo;\u00e9tait un lied connu, puisque l&rsquo;\u00e9diteur Tobias Haslinger, que j&rsquo;ai d\u00e9j\u00e0 \u00e9voqu\u00e9, avait inclus initialement ce lied comme le 14<sup>\u00e8me<\/sup> lied du chant du cygne. Il portait donc le num\u00e9ro D. 957 \/ 14. Cela ajoutait un troisi\u00e8me po\u00e8te \u00e0 ce cycle cr\u00e9\u00e9 artificiellement par l&rsquo;\u00e9diteur\u00a0: <strong>Johann Gabriel Seidl<\/strong>.<br \/><\/span><\/p>\n<p><span style=\"color: #777777; font-family: Arial;\">Ce lied a pour titre \u00ab\u00a0<strong>Die Taubenpost<\/strong><em>\u00a0\u00bb<\/em> (\u00ab\u00a0Le pigeon voyageur\u00a0\u00bb).<br \/><\/span><\/p>\n<p><span style=\"color: #777777; font-family: Arial;\">Le catalogue Deutsch avait donc fait une erreur de chronologie, il a fallu ruser et on trouva la solution de lui donner le num\u00e9ro <strong>D. 965 A<\/strong>.<br \/><\/span><\/p>\n<p><span style=\"color: #777777; font-family: Arial;\">Ce lied n&rsquo;a rien \u00e0 voir avec les terribles et modernes lieds compos\u00e9s sur les po\u00e8mes de Heine \u00ab\u00a0Der doppelg\u00e4nger\u00a0\u00bb ou \u00ab\u00a0Die Stadt\u00a0\u00bb.<br \/><\/span><\/p>\n<p><span style=\"color: #777777; font-family: Arial;\">C&rsquo;est un po\u00e8me tendre, l\u00e9ger, \u00ab\u00a0<span style=\"color: #c00000;\">t\u00e9moin de l&rsquo;entrain de Schubert en octobre 1828<span style=\"color: #777777;\">\u00a0\u00bb \u00e9crit Brigitte Massin.<br \/><\/span><\/span><\/span><\/p>\n<p><span style=\"color: #777777; font-family: Arial;\"><img loading=\"lazy\" decoding=\"async\" class=\"size-full wp-image-9534 alignright\" src=\"https:\/\/lemotdujour.fr\/wp-content\/uploads\/2020\/09\/091520_2320_Vendredi28a2.jpg\" alt=\"\" width=\"383\" height=\"263\" srcset=\"https:\/\/lemotdujour.fr\/wp-content\/uploads\/2020\/09\/091520_2320_Vendredi28a2.jpg 383w, https:\/\/lemotdujour.fr\/wp-content\/uploads\/2020\/09\/091520_2320_Vendredi28a2-300x206.jpg 300w\" sizes=\"auto, (max-width: 383px) 100vw, 383px\" \/>Il faut l&rsquo;\u00e9couter par le jeune <a href=\"https:\/\/www.youtube.com\/watch?v=QxTYH_aegoI\"><span style=\"color: #0000ff;\">Dietrich Fischer-Dieskau<\/span><\/a><span style=\"color: #0000ff;\"> a<\/span>ccompagn\u00e9 d\u00e9j\u00e0 par G\u00e9rald Moore en 1957, je n&rsquo;\u00e9tais pas encore n\u00e9.<br \/><\/span><\/p>\n<p><span style=\"color: #777777; font-family: Arial;\">Il est de plus en plus rare que les chanteurs int\u00e8grent ce lied dans le cycle du chant du cygne, tant il y a rupture entre les lieds sur les po\u00e8mes de Heine et celui-ci.<br \/><\/span><\/p>\n<p><span style=\"color: #777777; font-family: Arial;\">Schubert travaillait aussi, lors de ces derni\u00e8res semaines, sur deux \u0153uvres qu&rsquo;il a laiss\u00e9 inachev\u00e9es : sa 10<sup>\u00e8me<\/sup> symphonie dont la partition \u00e9tait pr\u00e8s de son lit et un d\u00e9but d&rsquo;op\u00e9ra dont le titre aurait \u00e9t\u00e9 \u00ab Le Comte de Gleichen \u00bb<br \/><\/span><\/p>\n<p><span style=\"color: #777777; font-family: Arial;\">Mais concernant les \u0153uvres termin\u00e9es, celles qu&rsquo;on peut \u00e9couter et qui sont enregistr\u00e9es il y a ces deux lieds : \u00ab <strong>Der Hirt auf dem Felsen D.965<\/strong>\u00bb. et \u00ab\u00a0<strong>Die Taubenpost<\/strong>\u00a0 <strong>D.965A<\/strong>\u00bb<br \/><\/span><\/p>\n<p><span style=\"color: #777777; font-family: Arial;\">Et pourtant ce n&rsquo;est pas encore la derni\u00e8re \u0153uvre achev\u00e9e.<br \/><\/span><\/p>\n<p><span style=\"color: #777777; font-family: Arial;\">Je ne sais pas si en racontant la motivation qui a conduit \u00e0 l&rsquo;\u00e9criture de cette \u0153uvre qui a \u00e9t\u00e9 num\u00e9rot\u00e9e <strong>D. 965 B<\/strong>, il faut en sourire ou en pleurer.<br \/><\/span><\/p>\n<p><span style=\"color: #777777; font-family: Arial;\">Franz Schubert \u00e9tait un des plus grands g\u00e9nies de la musique. Subitement dans les derni\u00e8res semaines de sa vie, un doute le saisit, il pensait qu&rsquo;il avait des lacunes th\u00e9oriques. Il pris, alors, de son temps pr\u00e9cieux pour aller prendre des cours de contrepoint aupr\u00e8s d&rsquo;un professeur c\u00e9l\u00e8bre de Vienne qui fut aussi le professeur d&rsquo;Anton Bruckner : <a href=\"https:\/\/fr.wikipedia.org\/wiki\/Simon_Sechter\"><strong><span style=\"color: #0000ff;\">Simon Sechter<\/span><\/strong><\/a> n\u00e9 9 ans avant Schubert en 1788 mais d\u00e9c\u00e9d\u00e9, bien plus \u00e2g\u00e9, le 10 septembre 1867 \u00e0 Vienne.<br \/><\/span><\/p>\n<p><span style=\"color: #777777; font-family: Arial;\">Gr\u00e2ce \u00e0 Wikipedia, j&rsquo;ai appris qu&rsquo;il fut un compositeur particuli\u00e8rement prolifique (environ 8000 \u0153uvres). Par hasard, j&rsquo;ai trouv\u00e9 sur internet une \u0153uvre qu&rsquo;il a \u00e9crite pour orgue en l&rsquo;honneur de Schubert : \u00ab<span style=\"color: #0000ff;\">\u00a0<\/span><a href=\"https:\/\/www.youtube.com\/watch?v=UisOYoVpg80\"><span style=\"color: #0000ff;\">Fuge Dem Andenken des zu fr\u00fch verblichenen Franz Schubert<\/span>\u00a0<\/a>\u00bb, ce qui signifie Fugue \u00e0 la m\u00e9moire du trop t\u00f4t disparu Franz Schubert.<br \/><\/span><\/p>\n<p><span style=\"color: #777777; font-family: Arial;\">Schubert pris donc une le\u00e7on de contrepoint, il ne put aller \u00e0 la suivante et apr\u00e8s il est mort.<br \/><\/span><\/p>\n<p><img decoding=\"async\" class=\"alignleft\" src=\"https:\/\/lemotdujour.fr\/wp-content\/uploads\/2020\/09\/091520_2320_Vendredi28a3.jpg\" alt=\"\" align=\"left\" \/><span style=\"color: #777777; font-family: Arial;\">La derni\u00e8re \u0153uvre achev\u00e9e de Schubert est une Fugue, qu&rsquo;il avait \u00e9crite \u00e0 la demande de Simon Sechter et qu&rsquo;il devait lui pr\u00e9senter \u00e0 la le\u00e7on suivante\u00a0:<br \/><\/span><\/p>\n<p style=\"margin-left: 28pt;\"><span style=\"color: #c00000; font-family: Arial;\">\u00ab\u00a0L&rsquo;histoire de l&rsquo;\u0153uvre de Mozart s&rsquo;interrompt sur la Fl\u00fbte enchant\u00e9e et la derni\u00e8re \u00ab\u00a0Cantate ma\u00e7onnique\u00a0\u00bb\u00a0; celle de Beethoven sur \u00ab\u00a0les cinq derniers\u00a0\u00bb quatuors\u00a0; celle de Schubert non sur quelque derni\u00e8re sonate ou quelque dernier lied, mais sur les premiers feuillets d&rsquo;un devoir d&rsquo;apprenti. On en demeure boulevers\u00e9, tellement c&rsquo;est \u00ab\u00a0ressemblant\u00a0\u00bb par rapport au destin de l&rsquo;homme, \u00e0 cette fatalit\u00e9 de la modestie au sein de laquelle ce g\u00e9nie inventa sa libert\u00e9 la plus profonde. Et on ne peut aussi s&#8217;emp\u00eacher de penser qu&rsquo;un tel genre d&rsquo;interruption est salutaire pour en finir avec la mystification de la mort comme point final, de la mort comme acte d\u00e9cisif qui donnerait \u00e0 la vie son sens supr\u00eame.<br \/><\/span><span style=\"color: #c00000; font-family: Arial;\">On meurt presque toujours sur trois points de suspension\u2026\u00a0\u00bb<br \/><\/span><span style=\"color: #c00000; font-family: Arial;\"><em>Brigitte Massin, Schubert, page 1294<\/em><br \/><\/span><\/p>\n<p><span style=\"color: #c00000; font-family: Arial;\">&lt;1454&gt;<\/span><\/p>\n\n\n<p><\/p>\n","protected":false},"excerpt":{"rendered":"<p>\u00abLa derni\u00e8re \u0153uvre D. 965\u00bb Franz Schubert C&rsquo;est encore mon p\u00e8re qui m&rsquo;a guid\u00e9 vers cette \u0153uvre\u00a0: \u00ab Ecoute-bien Alain, c&rsquo;est la derni\u00e8re \u0153uvre de Schubert \u00bb \u00ab Le p\u00e2tre sur le rocher D 965\u00bb en allemand \u00ab Der Hirt<\/p>\n","protected":false},"author":1,"featured_media":0,"comment_status":"open","ping_status":"closed","sticky":false,"template":"","format":"standard","meta":{"footnotes":""},"categories":[1],"tags":[186,148,20],"class_list":["post-9531","post","type-post","status-publish","format-standard","hentry","category-motdujour","tag-186","tag-autriche","tag-musique"],"_links":{"self":[{"href":"https:\/\/lemotdujour.fr\/index.php?rest_route=\/wp\/v2\/posts\/9531","targetHints":{"allow":["GET"]}}],"collection":[{"href":"https:\/\/lemotdujour.fr\/index.php?rest_route=\/wp\/v2\/posts"}],"about":[{"href":"https:\/\/lemotdujour.fr\/index.php?rest_route=\/wp\/v2\/types\/post"}],"author":[{"embeddable":true,"href":"https:\/\/lemotdujour.fr\/index.php?rest_route=\/wp\/v2\/users\/1"}],"replies":[{"embeddable":true,"href":"https:\/\/lemotdujour.fr\/index.php?rest_route=%2Fwp%2Fv2%2Fcomments&post=9531"}],"version-history":[{"count":12,"href":"https:\/\/lemotdujour.fr\/index.php?rest_route=\/wp\/v2\/posts\/9531\/revisions"}],"predecessor-version":[{"id":9772,"href":"https:\/\/lemotdujour.fr\/index.php?rest_route=\/wp\/v2\/posts\/9531\/revisions\/9772"}],"wp:attachment":[{"href":"https:\/\/lemotdujour.fr\/index.php?rest_route=%2Fwp%2Fv2%2Fmedia&parent=9531"}],"wp:term":[{"taxonomy":"category","embeddable":true,"href":"https:\/\/lemotdujour.fr\/index.php?rest_route=%2Fwp%2Fv2%2Fcategories&post=9531"},{"taxonomy":"post_tag","embeddable":true,"href":"https:\/\/lemotdujour.fr\/index.php?rest_route=%2Fwp%2Fv2%2Ftags&post=9531"}],"curies":[{"name":"wp","href":"https:\/\/api.w.org\/{rel}","templated":true}]}}