{"id":9515,"date":"2020-08-27T11:27:00","date_gmt":"2020-08-27T09:27:00","guid":{"rendered":"http:\/\/lemotdujour.fr\/?p=9515"},"modified":"2020-10-10T20:47:36","modified_gmt":"2020-10-10T18:47:36","slug":"jeudi-27-aout-2020","status":"publish","type":"post","link":"https:\/\/lemotdujour.fr\/?p=9515","title":{"rendered":"Jeudi 27 ao\u00fbt 2020"},"content":{"rendered":"<div class=\"mdjTexte\">\u00abTrois Klavierst\u00fccke D. 946\u00bb<\/div>\n<div class=\"mdjAuteur\">Franz Schubert<\/div>\n<p><span style=\"color: #777777; font-family: Arial;\">Lors de l&rsquo;ann\u00e9e 1828, le<span style=\"color: #0000ff;\"> <a style=\"color: #0000ff;\" href=\"https:\/\/fr.wikipedia.org\/wiki\/Catalogue_Deutsch\">Catalogue Deutsch<\/a><\/span> r\u00e9pertorie la composition de 46 \u0153uvres, une majorit\u00e9 de lieder (22) et en deuxi\u00e8me position, en nombre, des \u0153uvres pour piano (11).<br \/>\n<\/span><\/p>\n<p><span style=\"color: #777777; font-family: Arial;\">J&rsquo;ai commenc\u00e9 d&rsquo;ailleurs par une \u0153uvre pour piano \u00e0 4 mains\u00a0: <a href=\"https:\/\/lemotdujour.fr\/?p=8663\"><span style=\"color: #0000ff;\">\u00ab\u00a0la Fantaisie D. 940\u00a0\u00bb<\/span>,<\/a> sommet absolu de la musique de piano \u00e0 4 mains<br \/>\n<\/span><\/p>\n<p><span style=\"color: #777777; font-family: Arial;\">Puis apr\u00e8s avoir pr\u00e9sent\u00e9 la symphonie en ut, seule \u0153uvre orchestrale de 1828, j&rsquo;ai pr\u00e9sent\u00e9 successivement les trois derni\u00e8res sonates de piano qu&rsquo;il a \u00e9crits les unes derri\u00e8re les autres : D. 958, D. 959, D. 960. J&rsquo;exprimai alors la conviction que s&rsquo;il existait quelques rares autres sonates de piano, comme les trois derni\u00e8res de Beethoven par exemple, qui peuvent pr\u00e9tendre se hisser \u00e0 ce niveau de perfection et de musicalit\u00e9, il n&rsquo;en est pas qui les d\u00e9passe.<br \/>\n<\/span><\/p>\n<p><img decoding=\"async\" class=\"alignleft\" src=\"https:\/\/lemotdujour.fr\/wp-content\/uploads\/2020\/09\/091320_0922_Jeudi27aot21.jpg\" alt=\"\" align=\"left\" \/><span style=\"color: #777777; font-family: Arial;\">Et entre la fantaisie et ces trois sonates Schubert a \u00e9crit trois pi\u00e8ces qui sont entr\u00e9es dans la post\u00e9rit\u00e9 sous le nom de \u00ab\u00a0<strong>trois Klavierst\u00fccke D. 946<\/strong>\u00a0\u00bb. En traduction litt\u00e9rale on doit dire trois \u00ab\u00a0morceaux de musique\u00a0\u00bb<br \/>\n<\/span><\/p>\n<p><span style=\"color: #777777; font-family: Arial;\">Ces trois pi\u00e8ces n&rsquo;ont \u00e9t\u00e9 publi\u00e9es que 40 ans apr\u00e8s leur composition. C&rsquo;est, en effet, en 1868 que Johannes Brahms publia ces \u0153uvres et leur donna le titre de Klavierst\u00fccke.<br \/>\n<\/span><\/p>\n<p><span style=\"color: #777777; font-family: Arial;\">Aujourd&rsquo;hui, les sp\u00e9cialistes pensent que Schubert avait pens\u00e9 entamer une nouvelle s\u00e9rie de quatre impromptus dont il ne composa que les trois premiers.<br \/>\n<\/span><\/p>\n<p><span style=\"color: #777777; font-family: Arial;\">Schubert a \u00e9crit deux s\u00e9ries de quatre impromptus qui pendant longtemps ont \u00e9t\u00e9 connus sous le nom d&rsquo;Opus 99 et d&rsquo;opus 142. Nous savons que cette classification en num\u00e9ro d&rsquo;opus qui suit l&rsquo;ordre de publication des \u0153uvres de Schubert est d\u00e9sormais obsol\u00e8te car elle se heurte \u00e0 la double limite que la plus grande part des \u0153uvres de Schubert ne fut pas publi\u00e9e de son vivant et que celles qui furent publi\u00e9es ne suivaient pas du tout l&rsquo;ordre de composition.<br \/>\n<\/span><\/p>\n<p><span style=\"color: #777777; font-family: Arial;\">D\u00e9sormais, ces deux s\u00e9ries d&rsquo;Impromptus sont connus sous les num\u00e9ros D 899 et D 935. Quand on sait que la premi\u00e8re \u0153uvre que le catalogue Deutsch situe en 1828 est le lied D. 937 \u00ab Lebensmut \u00bb (\u00ab Courage de vivre \u00bb), on saisit que ces \u0153uvres ont \u00e9t\u00e9 compos\u00e9es tr\u00e8s peu de temps avant 1828. Les D. 935 furent compos\u00e9es comme leur num\u00e9ro l&rsquo;indique dans les derniers jours de d\u00e9cembre 1827.<br \/>\n<\/span><\/p>\n<p><span style=\"color: #777777; font-family: Arial;\">Il s&rsquo;agit d&rsquo;un autre sommet de la musique de piano.<br \/>\n<\/span><\/p>\n<p><span style=\"color: #777777; font-family: Arial;\">Marcel Schneider explique page 98 de son ouvrage que Schubert inventa cette forme de pi\u00e8ces libres pour piano auxquelles il donna le nom d&rsquo;Impromptus ou de <a href=\"https:\/\/www.youtube.com\/watch?v=pJeDAjgo2Co\"><span style=\"color: #0000ff;\"><span style=\"color: #0000ff;\">Moments musicaux (D. 78<\/span>0)<\/span><\/a> et que <strong>Schumann, Liszt et Chopin<\/strong> l&rsquo;utiliseront \u00e0 leur tour.<\/span><\/p>\n<p><img loading=\"lazy\" decoding=\"async\" class=\"wp-image-9517 alignright\" src=\"https:\/\/lemotdujour.fr\/wp-content\/uploads\/2020\/09\/Schanbel-Schubert.jpg\" alt=\"\" width=\"317\" height=\"317\" srcset=\"https:\/\/lemotdujour.fr\/wp-content\/uploads\/2020\/09\/Schanbel-Schubert.jpg 1425w, https:\/\/lemotdujour.fr\/wp-content\/uploads\/2020\/09\/Schanbel-Schubert-300x300.jpg 300w, https:\/\/lemotdujour.fr\/wp-content\/uploads\/2020\/09\/Schanbel-Schubert-1024x1024.jpg 1024w, https:\/\/lemotdujour.fr\/wp-content\/uploads\/2020\/09\/Schanbel-Schubert-150x150.jpg 150w, https:\/\/lemotdujour.fr\/wp-content\/uploads\/2020\/09\/Schanbel-Schubert-768x768.jpg 768w, https:\/\/lemotdujour.fr\/wp-content\/uploads\/2020\/09\/Schanbel-Schubert-230x230.jpg 230w, https:\/\/lemotdujour.fr\/wp-content\/uploads\/2020\/09\/Schanbel-Schubert-365x365.jpg 365w\" sizes=\"auto, (max-width: 317px) 100vw, 317px\" \/><\/p>\n<p><span style=\"color: #777777; font-family: Arial;\">Pendant longtemps, les \u0153uvres de piano de Schubert ne furent pas enseign\u00e9s au conservatoire de Vienne, la ville de Schubert, jusqu&rsquo;au d\u00e9but du XX\u00e8me si\u00e8cle. Ce fut Artur Schnabel qui commen\u00e7a \u00e0 jouer ces \u0153uvres. J&rsquo;ai entendu r\u00e9cemment, \u00e0 la radio, qu&rsquo;Artur Schnabel pendant qu&rsquo;il enregistrait aux studios d&rsquo;Abbey Road \u00e0 Londres, dans les ann\u00e9es 1930 rencontra un autre grand pianiste, il me semble que c&rsquo;\u00e9tait Rachmaninov, quelqu&rsquo;un de ce niveau-l\u00e0 en tout cas, qui enregistrait aussi. Ce dernier demanda \u00e0 Schnabel, ce qu&rsquo;il enregistrait et quand la r\u00e9ponse fut \u00ab Des sonates de Schubert \u00bb, l&rsquo;autre grand pianiste r\u00e9torqua :<br \/>\n<\/span><\/p>\n<p style=\"margin-left: 28pt;\"><span style=\"color: #c00000; font-family: Arial;\">\u00ab\u00a0Ah bon, Schubert a \u00e9crit des sonates de piano\u00a0?\u00a0\u00bb.<br \/>\n<\/span><\/p>\n<p><span style=\"color: #777777; font-family: Arial;\">Depuis, les choses ont bien chang\u00e9.<br \/>\n<\/span><\/p>\n<p><span style=\"color: #777777; font-family: Arial;\">Et quand on demanda \u00e0 Daniel Barenbo\u00efm de jouer \u00e0 la c\u00e9r\u00e9monie fun\u00e8bre de jacques Chirac, \u00e0 l&rsquo;\u00e9glise Saint Sulpice, il interpr\u00e9ta &lt;<span style=\"color: #0000ff;\"><a style=\"color: #0000ff;\" href=\"https:\/\/www.youtube.com\/watch?v=u_G1Z7PN5cY\">l&rsquo;impromptu D935 N\u00b02<\/a><\/span>&gt;<br \/>\n<\/span><\/p>\n<p><span style=\"color: #777777; font-family: Arial;\">Brigitte Massin pr\u00e9cise que le manuscrit de Schubert porte en t\u00eate du premier morceau \u00ab mai 1828 \u00bb.<br \/>\n<\/span><\/p>\n<p><span style=\"color: #777777; font-family: Arial;\">Ces trois \u0153uvres sont au niveau des autres impromptus.<br \/>\n<\/span><\/p>\n<p><img loading=\"lazy\" decoding=\"async\" class=\"wp-image-9518 alignleft\" src=\"https:\/\/lemotdujour.fr\/wp-content\/uploads\/2020\/09\/Ylianna-Avdeeva-Klavierst\u00fccke.jpg\" alt=\"\" width=\"292\" height=\"292\" srcset=\"https:\/\/lemotdujour.fr\/wp-content\/uploads\/2020\/09\/Ylianna-Avdeeva-Klavierst\u00fccke.jpg 1500w, https:\/\/lemotdujour.fr\/wp-content\/uploads\/2020\/09\/Ylianna-Avdeeva-Klavierst\u00fccke-300x300.jpg 300w, https:\/\/lemotdujour.fr\/wp-content\/uploads\/2020\/09\/Ylianna-Avdeeva-Klavierst\u00fccke-1024x1024.jpg 1024w, https:\/\/lemotdujour.fr\/wp-content\/uploads\/2020\/09\/Ylianna-Avdeeva-Klavierst\u00fccke-150x150.jpg 150w, https:\/\/lemotdujour.fr\/wp-content\/uploads\/2020\/09\/Ylianna-Avdeeva-Klavierst\u00fccke-768x768.jpg 768w, https:\/\/lemotdujour.fr\/wp-content\/uploads\/2020\/09\/Ylianna-Avdeeva-Klavierst\u00fccke-230x230.jpg 230w, https:\/\/lemotdujour.fr\/wp-content\/uploads\/2020\/09\/Ylianna-Avdeeva-Klavierst\u00fccke-365x365.jpg 365w\" sizes=\"auto, (max-width: 292px) 100vw, 292px\" \/><\/p>\n<p><span style=\"color: #777777; font-family: Arial;\">En introduction \u00e0 son disque de 2014 dans lequel elle interpr\u00e8te le D. 946, Yulianna Avdeeva <span style=\"color: #0000ff;\"><a style=\"color: #0000ff;\" href=\"https:\/\/www.mirare.fr\/sites\/default\/files\/booklet_mir252.pdf\">\u00e9crit<\/a>\u00a0:<\/span><br \/>\n<\/span><\/p>\n<p style=\"margin-left: 28pt;\"><span style=\"color: #c00000; font-family: Arial;\">\u00ab\u00a0Les Drei Klavierst\u00fccke figurent \u00e0 mon sens parmi les \u0153uvres pianistiques les plus profondes et les plus personnelles. La partie principale du n\u00b01 en mi b\u00e9mol mineur, avec ses triolets palpitants \u00e0 la main gauche et ses br\u00e8ves exclamations \u00e0 la droite, cr\u00e9e un climat dramatique et agit\u00e9. [\u2026] Le Klavierst\u00fcck n\u00b02 en mi b\u00e9mol majeur est un grand morceau lyrique pourvu de deux trios, en ut mineur et la b\u00e9mol mineur. Cette derni\u00e8re section, avec sa belle ligne vocale toute simple et l&rsquo;accompagnement qui la sous-tend, est \u00e0 mon avis l&rsquo;une des d\u00e9clarations les plus personnelles et les plus \u00e9mouvantes de tout le r\u00e9pertoire classique. Quant au n\u00b03 en ut majeur, il regorge de syncopes et poss\u00e8de un caract\u00e8re tr\u00e8s joyeux. . [\u2026] Dans la coda (elle aussi construite sur des syncopes), Schubert nous m\u00e8ne \u00e0 l&rsquo;apog\u00e9e de la luminosit\u00e9 et de la joie.\u00a0\u00bb<br \/>\n<\/span><\/p>\n<p><span style=\"color: #777777; font-family: Arial;\">Schubert nous m\u00e8ne <strong>\u00e0 l&rsquo;apog\u00e9e de la luminosit\u00e9 et de la joie, <\/strong>je pense qu&rsquo;elle a raison.<br \/>\n<\/span><\/p>\n<p><span style=\"color: #777777;\"><span style=\"font-family: Arial;\">Moi j&rsquo;entrerai dans ces \u0153uvres par le num\u00e9ro 2, interpr\u00e9t\u00e9 ici par &lt;<a href=\"https:\/\/www.youtube.com\/watch?v=YL1U2UhUil0\"><span style=\"color: #0000ff;\">Paul Lewis&gt;<\/span><\/a><\/span><span style=\"color: #0000ff;\"><span style=\"font-family: Cambria Math;\">\u00a0<\/span><\/span><span style=\"font-family: Arial;\"><br \/>\n<\/span><\/span><\/p>\n<p><span style=\"color: #777777; font-family: Arial;\">Il commence par une petite m\u00e9lodie lyrique qui vous entra\u00eene dans un doux r\u00eave et puis je laisse la parole \u00e0 Brigitte Massin\u00a0:<br \/>\n<\/span><\/p>\n<p style=\"margin-left: 28pt;\"><span style=\"color: #c00000; font-family: Arial;\">\u00ab\u00a0Quelques mesures de conclusion, comme pour un lied, bouclent sur elle-m\u00eame cette exposition d&rsquo;un univers rassurant, d\u00e9pourvu d&rsquo;agressivit\u00e9.<br \/>\n<\/span><span style=\"color: #c00000; font-family: Arial;\">L&rsquo;absence de transition rend d&rsquo;autant plus violent le contraste qu&rsquo;impose le premier couplet\u00a0: lib\u00e9ration des fantasmes de terreur et d&rsquo;obscurit\u00e9, univers du fantastique et des t\u00e9n\u00e8bres int\u00e9rieures. En une page, un condens\u00e9 de toutes les exp\u00e9riences de Schubert en ce domaine.\u00a0\u00bb<br \/>\n<\/span><span style=\"color: #c00000; font-family: Arial;\"><em>Page 1245<br \/>\n<\/em><\/span><\/p>\n<p><span style=\"color: #777777; font-family: Arial;\">La main gauche \u00e9met, au moment de cette transition, un grondement qui laisse pr\u00e9sager les plus grandes \u00e9preuves. <\/span><span style=\"color: #777777; font-family: Arial;\">Schubert avec un piano cr\u00e9e un monde, un univers de complexit\u00e9 et de clair-obscur.<br \/>\n<\/span><\/p>\n<p><img loading=\"lazy\" decoding=\"async\" class=\"wp-image-9519 alignright\" src=\"https:\/\/lemotdujour.fr\/wp-content\/uploads\/2020\/09\/Brendel-sur-la-tombe-de-Schubert.png\" alt=\"\" width=\"364\" height=\"294\" srcset=\"https:\/\/lemotdujour.fr\/wp-content\/uploads\/2020\/09\/Brendel-sur-la-tombe-de-Schubert.png 963w, https:\/\/lemotdujour.fr\/wp-content\/uploads\/2020\/09\/Brendel-sur-la-tombe-de-Schubert-300x243.png 300w, https:\/\/lemotdujour.fr\/wp-content\/uploads\/2020\/09\/Brendel-sur-la-tombe-de-Schubert-768x621.png 768w\" sizes=\"auto, (max-width: 364px) 100vw, 364px\" \/><\/p>\n<p><span style=\"color: #777777; font-family: Arial;\">Pour entrer ensuite dans le premier acte de cette \u0153uvre, qui en compte trois,\u00a0 je vous propose d&rsquo;\u00e9couter l&rsquo;immense interpr\u00e8te de Schubert et de Beethoven : &lt;<span style=\"color: #0000ff;\"><a style=\"color: #0000ff;\" href=\"https:\/\/www.youtube.com\/watch?v=h5NxSl-XFo8\">Alfred Brendel : Klavierst\u00fccke D. 946 No. 1<\/a><\/span>&gt;<br \/>\n<\/span><\/p>\n<p><span style=\"color: #777777; font-family: Arial;\">Et puis le troisi\u00e8me, le plus court je le confierai \u00e0 <a href=\"https:\/\/www.youtube.com\/watch?v=hGvCBAkinos\">&lt;<span style=\"color: #0000ff;\">Maria Joao Pires joue Klavierst\u00fccke D. 946 No. 3<\/span><\/a>&gt;<br \/>\n<\/span><\/p>\n<p><span style=\"color: #777777; font-family: Arial;\">D&rsquo;ailleurs s&rsquo;il faut conseiller un CD, un seul, je prendrai celui de Maria Joao Pires toute en sensibilit\u00e9 et int\u00e9riorit\u00e9.<br \/>\n<\/span><\/p>\n<p><span style=\"color: #777777; font-family: Arial;\">Ce disque a pour titre \u00ab\u00a0<a href=\"https:\/\/www.fnac.com\/a393341\/Franz-Schubert-Voyage-magnifique-CD-album\"><span style=\"color: #0000ff;\">Le voyage magnifique<\/span>\u00a0<\/a>\u00bb.<br \/>\n<\/span><\/p>\n<p><img decoding=\"async\" src=\"https:\/\/lemotdujour.fr\/wp-content\/uploads\/2020\/09\/091320_0922_Jeudi27aot24.jpg\" alt=\"\" \/><span style=\"color: #777777; font-family: Arial;\">Liszt comparait ces \u0153uvres de Schubert \u00e0 un \u00ab <strong>tr\u00e9sor divin<\/strong> \u00bb.<br \/>\n<\/span><\/p>\n<p><span style=\"color: #c00000; font-family: Arial;\">&lt;1453&gt;<\/span><\/p>\n","protected":false},"excerpt":{"rendered":"<p>\u00abTrois Klavierst\u00fccke D. 946\u00bb Franz Schubert Lors de l&rsquo;ann\u00e9e 1828, le Catalogue Deutsch r\u00e9pertorie la composition de 46 \u0153uvres, une majorit\u00e9 de lieder (22) et en deuxi\u00e8me position, en nombre, des \u0153uvres pour piano (11). J&rsquo;ai commenc\u00e9 d&rsquo;ailleurs par une<\/p>\n","protected":false},"author":1,"featured_media":0,"comment_status":"open","ping_status":"closed","sticky":false,"template":"","format":"standard","meta":{"footnotes":""},"categories":[1],"tags":[186,148,20],"class_list":["post-9515","post","type-post","status-publish","format-standard","hentry","category-motdujour","tag-186","tag-autriche","tag-musique"],"_links":{"self":[{"href":"https:\/\/lemotdujour.fr\/index.php?rest_route=\/wp\/v2\/posts\/9515","targetHints":{"allow":["GET"]}}],"collection":[{"href":"https:\/\/lemotdujour.fr\/index.php?rest_route=\/wp\/v2\/posts"}],"about":[{"href":"https:\/\/lemotdujour.fr\/index.php?rest_route=\/wp\/v2\/types\/post"}],"author":[{"embeddable":true,"href":"https:\/\/lemotdujour.fr\/index.php?rest_route=\/wp\/v2\/users\/1"}],"replies":[{"embeddable":true,"href":"https:\/\/lemotdujour.fr\/index.php?rest_route=%2Fwp%2Fv2%2Fcomments&post=9515"}],"version-history":[{"count":10,"href":"https:\/\/lemotdujour.fr\/index.php?rest_route=\/wp\/v2\/posts\/9515\/revisions"}],"predecessor-version":[{"id":9770,"href":"https:\/\/lemotdujour.fr\/index.php?rest_route=\/wp\/v2\/posts\/9515\/revisions\/9770"}],"wp:attachment":[{"href":"https:\/\/lemotdujour.fr\/index.php?rest_route=%2Fwp%2Fv2%2Fmedia&parent=9515"}],"wp:term":[{"taxonomy":"category","embeddable":true,"href":"https:\/\/lemotdujour.fr\/index.php?rest_route=%2Fwp%2Fv2%2Fcategories&post=9515"},{"taxonomy":"post_tag","embeddable":true,"href":"https:\/\/lemotdujour.fr\/index.php?rest_route=%2Fwp%2Fv2%2Ftags&post=9515"}],"curies":[{"name":"wp","href":"https:\/\/api.w.org\/{rel}","templated":true}]}}