{"id":948,"date":"2014-12-19T01:00:00","date_gmt":"2014-12-18T22:00:00","guid":{"rendered":"http:\/\/lemotdujour.fr\/?p=948"},"modified":"2020-06-12T16:39:15","modified_gmt":"2020-06-12T14:39:15","slug":"vendredi-19-decembre-2014","status":"publish","type":"post","link":"https:\/\/lemotdujour.fr\/?p=948","title":{"rendered":"Vendredi 19 d\u00e9cembre 2014"},"content":{"rendered":"<div class=\"mdjDate\">Vendredi 19 d\u00e9cembre 2014<\/div>\n<div class=\"mdjTexte\">\u00ab Mieux vaut une soci\u00e9t\u00e9 o\u00f9 les riches ont 1000 et les pauvres 100, qu&rsquo;une soci\u00e9t\u00e9 o\u00f9 les riches ont 200 et les pauvres 50 \u00bb<\/div>\n<div class=\"mdjAuteur\"><a href=\"http:\/\/www.economie.gouv.fr\/facileco\/john-rawls\">John Rawls<\/a><\/div>\n<div class=\"mdjComplements\">Cela devient lassant de dire que les in\u00e9galit\u00e9s explosent dans le monde, mais un rapport de l&rsquo;OCDE qui vient de para\u00eetre va plus loin en d\u00e9montrant que les in\u00e9galit\u00e9s ne sont pas bonnes pour l&rsquo;\u00e9conomie, en effet ce rapport publi\u00e9 le 09\/12\/2014&nbsp; pr\u00e9tend que si on diminuait les in\u00e9galit\u00e9s cela doperait la croissance.<\/div>\n<div class=\"mdjComplements\">En effet \u00ab&nbsp; L\u2019effet le plus important constat\u00e9 sur la croissance est provoqu\u00e9 par le creusement de l\u2019\u00e9cart entre, d\u2019un c\u00f4t\u00e9, la classe moyenne inf\u00e9rieure et les m\u00e9nages pauvres et, de l\u2019autre, le reste de la soci\u00e9t\u00e9. L\u2019\u00e9ducation est la cl\u00e9 : c\u2019est principalement \u00e0 cause de l\u2019investissement insuffisant des m\u00e9nages pauvres dans l\u2019\u00e9ducation que les in\u00e9galit\u00e9s p\u00e8sent sur la croissance. \u00bb<\/div>\n<div class=\"mdjComplements\"><a href=\"http:\/\/www.franceculture.fr\/emission-l-economie-en-questions-inegalite-des-revenus-et-son-impact-sur-la-croissance-cession-par-l\">&lt;L\u2019\u00e9mission, L&rsquo;\u00e9conomie en questions du 13\/12\/2014 \u00e9tait consacr\u00e9e \u00e0 ce rapport&gt;<\/a><\/div>\n<div class=\"mdjComplements\">Et Xavier Timbaut, directeur du D\u00e9partement analyse et pr\u00e9vision \u00e0 l&rsquo;OFCE et invit\u00e9 \u00e0 cette \u00e9mission a rappel\u00e9 ce propos du philosophe lib\u00e9ral John Rawls qui est connu pour avoir d\u00e9velopp\u00e9 la th\u00e9orie de la justice qui est une th\u00e9orie lib\u00e9rale qui justifie l&rsquo;in\u00e9galit\u00e9.<\/div>\n<div class=\"mdjComplements\">En la simplifiant on pourrait la d\u00e9velopper en deux \u00e9tapes :<\/div>\n<div class=\"mdjComplements\">Les in\u00e9galit\u00e9s sont efficaces parce que ceux qui travaillent plus, prennent plus de risques, font le plus d&rsquo;efforts doivent toucher plus de revenus pour entretenir leur motivation. Sinon ces personnes qui sont les moteurs de l&rsquo;\u00e9conomie ne produiraient pas autant d&rsquo;efforts et de richesses.<\/div>\n<div class=\"mdjComplements\">La seconde&nbsp; correspond au mot du jour, elle se base sur ce postulat c&rsquo;est que dans une soci\u00e9t\u00e9 o\u00f9 les riches sont beaucoup plus riches, les pauvres en profitent et sont aussi plus riches que dans une soci\u00e9t\u00e9 o\u00f9 il y aurait des riches moins riches.<\/div>\n<div class=\"mdjComplements\">C&rsquo;est ce second postulat qui est mis \u00e0 mal par l&rsquo;\u00e9tude l&rsquo;OCDE : dans la soci\u00e9t\u00e9 d&rsquo;aujourd&rsquo;hui les pauvres ne profitent plus du fait que les riches deviennent plus riches et c&rsquo;est m\u00eame le contraire.<\/div>\n<div class=\"mdjComplements\">Julia Cag\u00e9, professeur d&rsquo;\u00e9conomie \u00e0 Sciences po Paris qui \u00e9tait aussi invit\u00e9 rapporte que \u00ab des \u00e9tudes aux Etats Unis ont montr\u00e9 que l&rsquo;augmentation des revenus des 1% les plus riches \u00e9taient directement li\u00e9e \u00e0 la diminution du taux marginal de l&rsquo;imp\u00f4t sur le revenu qui \u00e9tait appliqu\u00e9 \u00e0 ces revenus. D\u00e8s lors l&rsquo;Etat se prive de revenus qu&rsquo;elle ne peut investir dans l&rsquo;enseignement et c&rsquo;est ainsi qu&rsquo;on constate que dans toute une partie de la classe moyenne le nombre d&rsquo;enfants qui font des \u00e9tudes sup\u00e9rieures est en diminution constante. \u00bb<\/div>\n<div class=\"mdjComplements\">Xavier Timbaut a alors \u00e9t\u00e9 encore plus explicite en \u00e9largissant le propos \u00e0 la France et aux grandes \u00e9coles, c&rsquo;est par le co\u00fbt des \u00e9tudes comme par la qualit\u00e9 des premiers niveaux que les riches \u00e9vincent de plus en plus la classe moyenne des Grandes Ecoles et se retranchent derri\u00e8re une m\u00e9ritocratie de fa\u00e7ade pour justifier la r\u00e9ussite de leurs enfants et capter tous les d\u00e9bouch\u00e9s r\u00e9mun\u00e9rateurs. Ce ph\u00e9nom\u00e8ne est g\u00e9n\u00e9ral dans quasi&nbsp; tous les pays. Cette \u00e9mission nous apprend aussi que la Su\u00e8de, si souvent montr\u00e9e en exemple, est le pays o\u00f9 les in\u00e9galit\u00e9s ont le plus progress\u00e9 ! Oui m\u00eame la Su\u00e8de, il est vrai qu&rsquo;il partait d&rsquo;un niveau tr\u00e8s \u00e9galitaire.<\/div>\n<div class=\"mdjComplements\">Le rapport se trouve sur ce site <a href=\"http:\/\/www.oecd.org\/fr\/presse\/les-inegalites-pesent-sur-la-croissance-economique.htm\">&lt;http:\/\/www.oecd.org\/fr\/presse\/les-inegalites-pesent-sur-la-croissance-economique.htm&gt;<\/a><\/div>\n<div class=\"mdjComplements\">Sur la page d&rsquo;accueil de ce site, vous pourrez notamment lire :<\/div>\n<div class=\"mdjComplements\">\u00ab&nbsp;Ces \u00e9l\u00e9ments indiscutables montrent \u00e0 quel point il est crucial de s\u2019attaquer \u00e0 l\u2019aggravation des in\u00e9galit\u00e9s si l\u2019on veut favoriser une croissance forte et p\u00e9renne, et combien il importe de placer cette question au premier plan des d\u00e9bats sur l\u2019action \u00e0 mener \u00bb, constate Angel Gurr\u00eda, Secr\u00e9taire g\u00e9n\u00e9ral de l&rsquo;OCDE. \u00ab&nbsp;Ce sont les pays qui \u0153uvrent \u00e0 l\u2019\u00e9galit\u00e9 des chances d\u00e8s le plus jeune \u00e2ge qui parviendront \u00e0 relever le d\u00e9fi de la croissance et de la prosp\u00e9rit\u00e9 \u00bb.<\/div>\n<div class=\"mdjComplements\">\u00ab Le creusement des in\u00e9galit\u00e9s a co\u00fbt\u00e9 plus de 10 points de croissance au Mexique et \u00e0 la Nouvelle-Z\u00e9lande ces vingt derni\u00e8res ann\u00e9es, et entre 6 et 9 points aux \u00c9tats-Unis, \u00e0 l\u2019Italie et au Royaume-Uni. Le m\u00eame ph\u00e9nom\u00e8ne s\u2019observe en Finlande, en Norv\u00e8ge et en Su\u00e8de, m\u00eame si les niveaux d\u2019in\u00e9galit\u00e9 \u00e9taient moins \u00e9lev\u00e9s. \u00c0 l\u2019inverse, une situation plus \u00e9galitaire a contribu\u00e9 \u00e0 faire progresser le PIB par habitant en Espagne, en France et en Irlande avant la crise.&nbsp;<\/div>\n<div class=\"mdjComplements\">Selon de nouveaux \u00e9l\u00e9ments mis en \u00e9vidence dans ce rapport, les in\u00e9galit\u00e9s agissent principalement sur la croissance en limitant les possibilit\u00e9s d\u2019instruction des enfants issus de milieux socio\u00e9conomiques modestes, ainsi que la mobilit\u00e9 sociale et le d\u00e9veloppement des comp\u00e9tences.&nbsp;<\/div>\n<div class=\"mdjComplements\">Les r\u00e9sultats scolaires des personnes dont les parents ont un faible niveau d\u2019instruction se d\u00e9gradent \u00e0 mesure que les in\u00e9galit\u00e9s de revenu sont plus prononc\u00e9es. \u00c0 titre de comparaison, ce n\u2019est pratiquement pas le cas, voire pas du tout, lorsque le niveau d\u2019instruction parental est moyen ou \u00e9lev\u00e9.<\/div>\n<div class=\"mdjComplements\">Les effets des in\u00e9galit\u00e9s sur la croissance d\u00e9coulent de l\u2019\u00e9cart non pas entre les 10&nbsp;% les plus pauvres de la population mais bien entre les 40&nbsp;% les plus d\u00e9favoris\u00e9s et le reste de la soci\u00e9t\u00e9. L\u2019OCDE estime que les programmes de lutte contre la pauvret\u00e9 ne pourront, \u00e0 eux seuls, r\u00e9sorber cet \u00e9cart. Les transferts en nature et le renforcement de l\u2019acc\u00e8s aux services publics, notamment \u00e0 des services d\u2019\u00e9ducation, de formation et de soins de qualit\u00e9, constituent un investissement social essentiel pour am\u00e9liorer l\u2019\u00e9galit\u00e9 des chances \u00e0 long terme. \u00bb<\/div>\n<div class=\"mdjComplements\">Si c&rsquo;est les \u00e9conomistes et plus seulement les moralistes et les gauchistes qui le disent, peut \u00eatre qu&rsquo;on va enfin s&rsquo;occuper \u00e0 r\u00e9duire les in\u00e9galit\u00e9s !<\/div>\n","protected":false},"excerpt":{"rendered":"<p>Vendredi 19 d\u00e9cembre 2014 \u00ab Mieux vaut une soci\u00e9t\u00e9 o\u00f9 les riches ont 1000 et les pauvres 100, qu&rsquo;une soci\u00e9t\u00e9 o\u00f9 les riches ont 200 et les pauvres 50 \u00bb John Rawls Cela devient lassant de dire que les in\u00e9galit\u00e9s<\/p>\n","protected":false},"author":1,"featured_media":0,"comment_status":"closed","ping_status":"closed","sticky":false,"template":"","format":"standard","meta":{"footnotes":""},"categories":[1],"tags":[],"class_list":["post-948","post","type-post","status-publish","format-standard","hentry","category-motdujour"],"_links":{"self":[{"href":"https:\/\/lemotdujour.fr\/index.php?rest_route=\/wp\/v2\/posts\/948","targetHints":{"allow":["GET"]}}],"collection":[{"href":"https:\/\/lemotdujour.fr\/index.php?rest_route=\/wp\/v2\/posts"}],"about":[{"href":"https:\/\/lemotdujour.fr\/index.php?rest_route=\/wp\/v2\/types\/post"}],"author":[{"embeddable":true,"href":"https:\/\/lemotdujour.fr\/index.php?rest_route=\/wp\/v2\/users\/1"}],"replies":[{"embeddable":true,"href":"https:\/\/lemotdujour.fr\/index.php?rest_route=%2Fwp%2Fv2%2Fcomments&post=948"}],"version-history":[{"count":2,"href":"https:\/\/lemotdujour.fr\/index.php?rest_route=\/wp\/v2\/posts\/948\/revisions"}],"predecessor-version":[{"id":9187,"href":"https:\/\/lemotdujour.fr\/index.php?rest_route=\/wp\/v2\/posts\/948\/revisions\/9187"}],"wp:attachment":[{"href":"https:\/\/lemotdujour.fr\/index.php?rest_route=%2Fwp%2Fv2%2Fmedia&parent=948"}],"wp:term":[{"taxonomy":"category","embeddable":true,"href":"https:\/\/lemotdujour.fr\/index.php?rest_route=%2Fwp%2Fv2%2Fcategories&post=948"},{"taxonomy":"post_tag","embeddable":true,"href":"https:\/\/lemotdujour.fr\/index.php?rest_route=%2Fwp%2Fv2%2Ftags&post=948"}],"curies":[{"name":"wp","href":"https:\/\/api.w.org\/{rel}","templated":true}]}}