{"id":9439,"date":"2020-07-03T02:22:00","date_gmt":"2020-07-03T00:22:00","guid":{"rendered":"http:\/\/lemotdujour.fr\/?p=9439"},"modified":"2020-07-03T09:18:06","modified_gmt":"2020-07-03T07:18:06","slug":"vendredi-3-juillet-2020","status":"publish","type":"post","link":"https:\/\/lemotdujour.fr\/?p=9439","title":{"rendered":"Vendredi 3 juillet 2020"},"content":{"rendered":"<div class=\"mdjTexte\">\u00ab La part de ce qui unit [l&rsquo;humanit\u00e9\u2026] demande de l&rsquo;intelligence, encore de l&rsquo;intelligence, comme de l&rsquo;amour, encore de l&rsquo;amour.\u00bb<\/div>\n<div class=\"mdjAuteur\">Edgar Morin, ultime phrase de son dernier livre \u00abchangeons de voie\u00bb<\/div>\n<p><span style=\"color: #777777; font-family: Arial;\">Le 8 juillet 2021 sera la date du centi\u00e8me anniversaire de cet homme admirable qui a pour nom Edgar Morin, bien qu&rsquo;il soit n\u00e9 Edgar Nahoum.<br \/>\n<\/span><\/p>\n<p><span style=\"color: #777777; font-family: Arial;\">Il vient de publier, il y a quelques jours, en collaboration avec son \u00e9pouse Sabah Abouessalam, un nouveau livre dans lequel il essaye de tirer les le\u00e7ons du coronavirus, de comprendre les d\u00e9fis de l&rsquo;apr\u00e8s corona et de trouver un autre chemin, il parle de changer de voie.<br \/>\n<\/span><\/p>\n<p><span style=\"color: #777777; font-family: Arial;\">Pour pr\u00e9senter son livre, il \u00e9tait l&rsquo;invit\u00e9 de Nicolas Demorand et de L\u00e9a Salam\u00e9, sur France Inter le 25 juin 2020\u00a0: \u00ab\u00a0<a href=\"https:\/\/www.franceinter.fr\/emissions\/l-invite-de-8h20-le-grand-entretien\/l-invite-de-8h20-le-grand-entretien-25-juin-2020\"><span style=\"color: #0000ff;\">Jamais je n&rsquo;ai vu une crise aussi multidimensionnelle et aussi totale<\/span>\u00a0<\/a>\u00bb<br \/>\n<\/span><\/p>\n<p><img decoding=\"async\" class=\"alignleft\" src=\"https:\/\/lemotdujour.fr\/wp-content\/uploads\/2020\/07\/070220_2122_Vendredi3ju1.png\" alt=\"\" align=\"left\" \/><span style=\"color: #777777; font-family: Arial;\">L&rsquo;apr\u00e8s-midi, je suis all\u00e9 acheter le livre et j&rsquo;ai commenc\u00e9 \u00e0 le lire.<br \/>\n<\/span><\/p>\n<p><span style=\"color: #777777; font-family: Arial;\">Le lire, comme on lit ce type de livre : l&rsquo;introduction, puis la conclusion et ensuite on picore au milieu. Et quand cette approche donne faim, on lit de livre dans son int\u00e9gralit\u00e9. J&rsquo;ai commenc\u00e9 cette derni\u00e8re phase. Le silence qui s&rsquo;annonce me permettra de le finir et aussi de commencer \u00ab <strong>Les souvenirs viennent \u00e0 ma rencontre<\/strong> \u00bb, ses M\u00e9moires.<br \/>\n<\/span><\/p>\n<p><span style=\"color: #777777; font-family: Arial;\">Edgar Morin n&rsquo;aurait pas d\u00fb na\u00eetre, c&rsquo;est ce qu&rsquo;il explique en introduction de son livre \u00ab\u00a0<strong>Changeons de voie<\/strong>\u00a0\u00bb.<br \/>\n<\/span><\/p>\n<p><span style=\"color: #777777; font-family: Arial;\">Car il retrace rapidement les quasi cent ans qu&rsquo;il a pass\u00e9\u00a0sur terre, et toutes les crises qu&rsquo;il a rencontr\u00e9es au cours de sa vie jusqu&rsquo;\u00e0 celle du coronavirus.<br \/>\n<\/span><\/p>\n<p><span style=\"color: #777777; font-family: Arial;\">Les premiers mots de son livre concernent la grippe espagnole\u00a0:<br \/>\n<\/span><\/p>\n<p style=\"margin-left: 28pt;\"><span style=\"color: #c00000; font-family: Arial;\">\u00ab\u00a0Je suis une victime de l&rsquo;\u00e9pid\u00e9mie de la grippe espagnole et du reste j&rsquo;en suis mort, en fait n\u00e9-mort, et ranim\u00e9 par les giflements ininterrompus du gyn\u00e9cologue qui me tint trente minutes suspendu par les pieds.\u00a0\u00bb<br \/>\n<\/span><\/p>\n<p><span style=\"color: #777777; font-family: Arial;\">Sa m\u00e8re Luna Beressi avait contract\u00e9 une l\u00e9sion au c\u0153ur suite \u00e0 la grippe espagnole en 1917. Les m\u00e9decins lui avait interdit d&rsquo;avoir un enfant, car l&rsquo;accouchement lui serait mortel. Elle n&rsquo;en parla pas \u00e0 son mari, ce n&rsquo;\u00e9tait pas entendable \u00e0 cette \u00e9poque. Quand elle fut enceinte, elle consulta une \u00ab faiseuse d&rsquo;anges \u00bb clandestine, puisque c&rsquo;\u00e9tait interdit alors, qui lui donna des produits efficacement abortifs. Le r\u00e9sultat fut celui attendu, une fausse couche.<br \/>\n<\/span><\/p>\n<p><span style=\"color: #777777; font-family: Arial;\">Enceinte \u00e0 nouveau, elle tenta la m\u00eame \u00e9chappatoire, mais le f\u0153tus s&rsquo;accrocha. Edgar Morin \u00e9crit\u00a0:<br \/>\n<\/span><\/p>\n<p style=\"margin-left: 28pt;\"><span style=\"color: #c00000; font-family: Arial;\">\u00ab Tr\u00e8s perturb\u00e9, il naquit en sortant par le si\u00e8ge, \u00e9trangl\u00e9 par son cordon ombilical, le matin du 8 juillet 1921. Le gyn\u00e9cologue avait promis de sauver la m\u00e8re. Il sauva m\u00e8re et fils \u00bb.<br \/>\n<\/span><\/p>\n<p><span style=\"color: #777777; font-family: Arial;\">Mais ce ne fut qu&rsquo;un petit r\u00e9pit, Edgar Morin perdit sa m\u00e8re \u00e0 dix ans.<br \/>\n<\/span><\/p>\n<p><span style=\"color: #777777; font-family: Arial;\">Puis, il y eut la crise de 1929 qui ruina son p\u00e8re, la mont\u00e9e de l&rsquo;antis\u00e9mitisme et la guerre. La guerre pendant laquelle Edgar Morin entra en r\u00e9sistance.<br \/>\n<\/span><\/p>\n<p><span style=\"color: #777777; font-family: Arial;\">Avant de devenir l&rsquo;immense intellectuel qu&rsquo;il est, il y eut encore d&rsquo;autres combats comme celui de prendre fait et cause pour le peuple alg\u00e9rien mais sans pactiser avec le FLN.<br \/>\n<\/span><\/p>\n<p><span style=\"color: #777777; font-family: Arial;\">Faisant un grand bond en avant.<br \/>\n<\/span><\/p>\n<p><span style=\"color: #777777; font-family: Arial;\">En 2008, il perd son \u00e9pouse Edwige. <span style=\"color: #0000ff;\"><a style=\"color: #0000ff;\" href=\"https:\/\/www.lemonde.fr\/livres\/article\/2009\/11\/05\/edwige-l-inseparable-d-edgar-morin_1262993_3260.html\">Le Monde<\/a> <\/span>\u00e9crit\u00a0:<br \/>\n<\/span><\/p>\n<p style=\"margin-left: 28pt;\"><span style=\"color: #c00000; font-family: Arial;\">\u00ab\u00a0Ce grand intellectuel fran\u00e7ais, c\u00e9l\u00e9br\u00e9 dans de nombreux pays, n&rsquo;en finit pas de pleurer Edwige, qu&rsquo;il avait rencontr\u00e9e pour la premi\u00e8re fois au Chili en 1961 et \u00e9pous\u00e9e en 1978 apr\u00e8s bien des p\u00e9rip\u00e9ties. Elle est morte l&rsquo;an dernier, apr\u00e8s de longues souffrances, des crises terrifiantes, des nuits infernales, et il ne parvient pas \u00e0 s&rsquo;y r\u00e9soudre. <em>\u00ab\u00a0Elle \u00e9tait mon rocher, ma citadelle\u00a0\u00bb<\/em>, \u00e9crit-il dans un ouvrage o\u00f9 larmes et sanglots sont pr\u00e9sents \u00e0 toutes les pages. <em>\u00ab\u00a0Je pleure, je pleure, je la pleure et me pleure.\u00a0\u00bb\u00a0\u00bb<\/em><br \/>\n<\/span><\/p>\n<p><span style=\"color: #777777; font-family: Arial;\">Il a 87 ans. Et l&rsquo;improbable surgit encore, lors d&rsquo;un festival de musique, au Maroc : un coup de foudre.<strong> Sabah Abouessalam<\/strong> est sociologue. En 1979, elle a 20 ans, d\u00e9couvre Edgar Morin dans les livres, s&rsquo;\u00e9prend de ses id\u00e9es. En 2009, elle voit la main du p\u00e8re de la pens\u00e9e complexe s&rsquo;abattre sur la sienne : \u00ab\u00a0Je vous l\u00e2che quand vous me donnez votre num\u00e9ro de t\u00e9l\u00e9phone. \u00bb Edgar et Sabah se sont mari\u00e9s quelques mois plus tard.<br \/>\n<\/span><\/p>\n<p><img loading=\"lazy\" decoding=\"async\" class=\"alignright\" src=\"https:\/\/lemotdujour.fr\/wp-content\/uploads\/2020\/07\/070220_2122_Vendredi3ju2.jpg\" alt=\"\" width=\"304\" height=\"485\" align=\"left\" \/><span style=\"color: #777777; font-family: Arial;\">Ils ont \u00e9crit un livre sur leur histoire et sur l&rsquo;amour\u00a0: \u00ab\u00a0<a href=\"https:\/\/livre.fnac.com\/a6127220\/Edgar-Morin-La-rencontre-improbable-et-necessaire\"><span style=\"color: #0000ff;\">L&rsquo;homme est faible devant la femme<\/span>\u00a0<\/a>\u00bb<br \/>\n<\/span><\/p>\n<p><span style=\"color: #777777; font-family: Arial;\">Et c&rsquo;est aussi avec elle qu&rsquo;il a \u00e9crit ce dernier livre : <strong>\u00ab\u00a0Changeons la voie\u00a0\u00bb.<br \/>\n<\/strong><\/span><\/p>\n<p><span style=\"color: #777777; font-family: Arial;\">Au bout de sa vie et apr\u00e8s toutes ces crises qu&rsquo;il a v\u00e9cu et \u00e9tudi\u00e9, il dit pourtant \u00e0 propos de celle qui nous a saisi en ce d\u00e9but de 2020 :<br \/>\n<\/span><\/p>\n<p><span style=\"color: #777777; font-family: Arial;\">\u00ab <span style=\"color: #c00000; font-size: 11pt;\">Jamais je n&rsquo;ai vu une crise aussi multidimensionnelle et aussi totale<span style=\"color: #777777;\">\u00a0\u00bb<br \/>\n<\/span><\/span><\/span><\/p>\n<p><span style=\"color: #777777; font-family: Arial;\">Comment un minuscule virus dans une tr\u00e8s lointaine ville de Chine a-t-il d\u00e9clench\u00e9 le bouleversement du monde\u00a0? Edgar Morin s&rsquo;interroge surtout sur la capacit\u00e9 des humains \u00e0 r\u00e9agir\u00a0:<br \/>\n<\/span><\/p>\n<p style=\"margin-left: 28pt;\"><span style=\"color: #c00000; font-family: Arial;\">\u00ab L&rsquo;\u00e9lectrochoc sera-t-il suffisant pour faire enfin prendre conscience \u00e0 tous les humains d&rsquo;une communaut\u00e9 de destin\u00a0? Pour ralentir notre course effr\u00e9n\u00e9e au d\u00e9veloppement technique et \u00e9conomique\u00a0?\u00a0\u00bb<br \/>\n<\/span><\/p>\n<p><span style=\"color: #777777; font-family: Arial;\">Nous sommes aujourd&rsquo;hui confront\u00e9s \u00e0 de nouvelles perspectives\u00a0: de grandes incertitudes et un avenir impr\u00e9visible. Ce \u00e0 quoi l&rsquo;humanit\u00e9 actuelle \u2013 qui vit \u00e0 flux tendu \u2013 ne s&rsquo;est pas pr\u00e9par\u00e9e\u00a0: \u00ab Il est temps de <strong><em>Changer de Voie<\/em><\/strong> pour une protection de la plan\u00e8te et une humanisation de la soci\u00e9t\u00e9. \u00bb<br \/>\n<\/span><\/p>\n<p><span style=\"color: #777777; font-family: Arial;\">Morin et son \u00e9pouse tirent des le\u00e7ons de la crise que nous venons de vivre et de l&rsquo;inimaginable \u2013 et in\u00e9dit \u2013 confinement de plus de la moiti\u00e9 de l&rsquo;humanit\u00e9 pendant trois mois : le\u00e7on sur nos existences ; sur la condition humaine ; sur l&rsquo;incertitude de nos vies ; sur notre rapport \u00e0 la mort ; notre civilisation ; le r\u00e9veil des solidarit\u00e9s ; l&rsquo;in\u00e9galit\u00e9 sociale dans le confinement ; la diversit\u00e9 des situations et de la gestion de l&rsquo;\u00e9pid\u00e9mie dans le monde ; la nature de la crise ; la science et la m\u00e9decine ; l&rsquo;intelligence ; les carences de pens\u00e9e et d&rsquo;action politique ; les d\u00e9localisations et la d\u00e9pendance nationale ; la crise de l&rsquo;Europe ; la crise de la plan\u00e8te.<br \/>\n<\/span><\/p>\n<p><span style=\"color: #777777; font-family: Arial;\">Dans l&rsquo;\u00e9mission de France Inter il dit\u00a0:<br \/>\n<\/span><\/p>\n<p style=\"margin-left: 28pt;\"><span style=\"color: #c00000; font-family: Arial;\">\u00ab\u00a0Il faut lier le politique, l&rsquo;\u00e9cologique, l&rsquo;\u00e9conomie et le social\u00a0\u00bb<br \/>\n<\/span><\/p>\n<p><span style=\"color: #777777; font-family: Arial;\">Et aussi qu&rsquo;il n&rsquo;est pas pour la d\u00e9croissance globale, mais il faut que la production de produits et de services futiles et superflus d\u00e9croissent alors que des choses essentielles comme une bonne alimentation saine croissent.<br \/>\n<\/span><\/p>\n<p><span style=\"color: #777777; font-family: Arial;\">Je ne peux pas faire une synth\u00e8se de ce livre que je n&rsquo;ai pas encore approfondi.<br \/>\n<\/span><\/p>\n<p><span style=\"color: #777777; font-family: Arial;\">Mais je voudrais, d\u00e8s aujourd&rsquo;hui, partager la conclusion qui me parait si essentielle dans son esprit, dans ses valeurs.<br \/>\n<\/span><\/p>\n<p><span style=\"color: #777777; font-family: Arial;\">Aujourd&rsquo;hui quand je discute avec des amis ou des gens moins proches, je sens souvent une immense col\u00e8re, parfois m\u00eame de la haine.<br \/>\n<\/span><\/p>\n<p><span style=\"color: #777777; font-family: Arial;\">Certes, nos dirigeants ont fait des erreurs mais c&rsquo;est une grande illusion de croire qu&rsquo;ils sont responsables de tout et qu&rsquo;il suffirait d&rsquo;en changer pour que tout aille mieux.<br \/>\n<\/span><\/p>\n<p><span style=\"color: #777777; font-family: Arial;\">Les choses sont plus complexes, une grande part du changement se trouve en chacun de nous.<br \/>\n<\/span><\/p>\n<p><span style=\"color: #777777; font-family: Arial;\">Pepe Mujica nous invitait \u00e0 la sobri\u00e9t\u00e9, Jean-Marc Jancovici nous disait qu&rsquo;il fallait accepter de vivre avec moins et m\u00eame les moins riches des pays occidentaux.<br \/>\n<\/span><\/p>\n<p><span style=\"color: #777777; font-family: Arial;\">Rien de bon ne saurait \u00eatre fait avec la col\u00e8re qui aveugle et la haine qui d\u00e9truit.<br \/>\n<\/span><\/p>\n<p><span style=\"color: #777777; font-family: Arial;\">Edgar Morin et Sabah Abouessalam commencent leur conclusion de cette mani\u00e8re :<br \/>\n<\/span><\/p>\n<p style=\"margin-left: 28pt;\"><span style=\"color: #c00000; font-family: Arial;\">\u00ab\u00a0\u00catre humaniste, ce n&rsquo;est pas seulement penser que nous faisons partie de cette communaut\u00e9 de destin, que nous sommes tous humains tout en \u00e9tant tous diff\u00e9rents, ce n&rsquo;est pas seulement vouloir \u00e9chapper \u00e0 la catastrophe et aspirer \u00e0 un monde meilleur\u00a0; C&rsquo;est aussi ressentir au profond de soi que chacun d&rsquo;entre nous est un moment \u00e9ph\u00e9m\u00e8re, une partie minuscule d&rsquo;une aventure incroyable qui tout en poursuivant l&rsquo;aventure de la vie, effectue l&rsquo;aventure hominisante commenc\u00e9e il y a sept millions d&rsquo;ann\u00e9es, avec une multiplicit\u00e9 d&rsquo;esp\u00e8ces qui se sont succ\u00e9d\u00e9 jusqu&rsquo;\u00e0 l&rsquo;arriv\u00e9e de l&rsquo;Homo sapiens.<br \/>\n<\/span><\/p>\n<p><span style=\"color: #777777; font-family: Arial;\">Un moment \u00e9ph\u00e9m\u00e8re dans une aventure qui nous d\u00e9passe.<br \/>\n<\/span><\/p>\n<p><span style=\"color: #777777; font-family: Arial;\">Et voici l&rsquo;ach\u00e8vement de sa conclusion<br \/>\n<\/span><\/p>\n<p style=\"margin-left: 28pt;\"><span style=\"color: #c00000; font-family: Arial;\">\u00ab\u00a0Chacun est individu, sujet, c&rsquo;est-\u00e0-dire presque tout pour lui-m\u00eame et presque rien pour l&rsquo;univers, fragment intime et infirme de l&rsquo;anthroposph\u00e8re\u00a0; mais quelque chose comme un instinct ins\u00e8re ce qu&rsquo;il y a de plus int\u00e9rieur \u00e0 ma subjectivit\u00e9 dans cette anthroposph\u00e8re, c&rsquo;est-\u00e0-dire me lie au destin de l&rsquo;humanit\u00e9.<br \/>\n<\/span><\/p>\n<p style=\"margin-left: 28pt;\"><span style=\"color: #c00000; font-family: Arial;\">Au sein de cette aventure inconnue chacun fait partie d&rsquo;un grand \u00eatre avec les 7 milliards d&rsquo;autres humaines, comme une cellule fait partie d&rsquo;un corps parmi des centaines de milliards de cellules, mille fois plus de cellules chez un humain que d&rsquo;\u00eatres humains sur terre.<br \/>\n<\/span><\/p>\n<p style=\"margin-left: 28pt;\"><span style=\"color: #c00000; font-family: Arial;\">Chacun fait partie de cette aventure inou\u00efe, au sein de l&rsquo;aventure elle-m\u00eame stup\u00e9fiante de l&rsquo;univers. Elle porte en elle son ignorance, son inconnu, son myst\u00e8re, sa folie dans sa raison, sa raison dans sa folie, son inconscience dans sa conscience, et chacun porte en lui l&rsquo;ignorance, l&rsquo;inconnu, le myst\u00e8re, la folie, la raison de l&rsquo;aventure. Je participe \u00e0 cet insondable, \u00e0 cet inach\u00e8vement, \u00e0 cet inconnu si fortement tiss\u00e9 de r\u00eave, de douleur, de joie et d&rsquo;incertitude, qui est en nous comme nous sommes en lui\u2026<br \/>\n<\/span><\/p>\n<p style=\"margin-left: 28pt;\"><span style=\"color: #c00000; font-family: Arial;\">Je sais que, dans l&rsquo;aventure du cosmos, l&rsquo;humanit\u00e9 est de fa\u00e7on nouvelle sujet et objet de la relation inextricable entre d&rsquo;une part de ce qui unit (\u00c9ros) et d&rsquo;autre part ce qui oppose (Pol\u00e9mos) ainsi que ce qui d\u00e9truit (Thanatos). Le parti d&rsquo;Eros est lui-m\u00eame incertain, car il peut s&rsquo;aveugler, et il demande de l&rsquo;intelligence, encore de l&rsquo;intelligence, comme de l&rsquo;amour, encore de l&rsquo;amour. \u00bb<br \/>\n<\/span><\/p>\n<p><span style=\"color: #777777; font-family: Arial;\">C&rsquo;est sur ces mots que je souhaite terminer cette saison de mots de jour, pour entrer dans le silence, la lecture, le ressourcement.<br \/>\n<\/span><\/p>\n<p><span style=\"color: #777777; font-family: Arial;\">Je souhaite cependant terminer la s\u00e9rie sur les \u0153uvres que Schubert a \u00e9crites lors de l&rsquo;ultime ann\u00e9e de sa vie, l&rsquo;ann\u00e9e 1828.<br \/>\n<\/span><\/p>\n<p><span style=\"color: #777777; font-family: Arial;\">Je me livrerai \u00e0 cet exercice, au fil de l&rsquo;eau et de l&rsquo;inspiration en publiant ces mots quand ils seront pr\u00eats.<br \/>\n<\/span><\/p>\n<p><span style=\"color: #777777; font-family: Arial;\">Pour la reprise de l&rsquo;exercice quotidien d&rsquo;\u00e9criture, il faudra attendre la seconde moiti\u00e9 de septembre, \u00e0 une date qui reste \u00e0 fixer.<br \/>\n<\/span><\/p>\n<p><span style=\"color: maroon; font-family: Arial;\">&lt;1450&gt;<\/span><\/p>\n","protected":false},"excerpt":{"rendered":"<p>\u00ab La part de ce qui unit [l&rsquo;humanit\u00e9\u2026] demande de l&rsquo;intelligence, encore de l&rsquo;intelligence, comme de l&rsquo;amour, encore de l&rsquo;amour.\u00bb Edgar Morin, ultime phrase de son dernier livre \u00abchangeons de voie\u00bb Le 8 juillet 2021 sera la date du centi\u00e8me<\/p>\n","protected":false},"author":1,"featured_media":0,"comment_status":"open","ping_status":"closed","sticky":false,"template":"","format":"standard","meta":{"footnotes":""},"categories":[1],"tags":[54,55,126],"class_list":["post-9439","post","type-post","status-publish","format-standard","hentry","category-motdujour","tag-humanisme","tag-idees","tag-pandemie"],"_links":{"self":[{"href":"https:\/\/lemotdujour.fr\/index.php?rest_route=\/wp\/v2\/posts\/9439","targetHints":{"allow":["GET"]}}],"collection":[{"href":"https:\/\/lemotdujour.fr\/index.php?rest_route=\/wp\/v2\/posts"}],"about":[{"href":"https:\/\/lemotdujour.fr\/index.php?rest_route=\/wp\/v2\/types\/post"}],"author":[{"embeddable":true,"href":"https:\/\/lemotdujour.fr\/index.php?rest_route=\/wp\/v2\/users\/1"}],"replies":[{"embeddable":true,"href":"https:\/\/lemotdujour.fr\/index.php?rest_route=%2Fwp%2Fv2%2Fcomments&post=9439"}],"version-history":[{"count":5,"href":"https:\/\/lemotdujour.fr\/index.php?rest_route=\/wp\/v2\/posts\/9439\/revisions"}],"predecessor-version":[{"id":9450,"href":"https:\/\/lemotdujour.fr\/index.php?rest_route=\/wp\/v2\/posts\/9439\/revisions\/9450"}],"wp:attachment":[{"href":"https:\/\/lemotdujour.fr\/index.php?rest_route=%2Fwp%2Fv2%2Fmedia&parent=9439"}],"wp:term":[{"taxonomy":"category","embeddable":true,"href":"https:\/\/lemotdujour.fr\/index.php?rest_route=%2Fwp%2Fv2%2Fcategories&post=9439"},{"taxonomy":"post_tag","embeddable":true,"href":"https:\/\/lemotdujour.fr\/index.php?rest_route=%2Fwp%2Fv2%2Ftags&post=9439"}],"curies":[{"name":"wp","href":"https:\/\/api.w.org\/{rel}","templated":true}]}}