{"id":9433,"date":"2020-07-02T02:46:00","date_gmt":"2020-07-02T00:46:00","guid":{"rendered":"http:\/\/lemotdujour.fr\/?p=9433"},"modified":"2020-07-01T23:56:33","modified_gmt":"2020-07-01T21:56:33","slug":"jeudi-2-juillet-2020","status":"publish","type":"post","link":"https:\/\/lemotdujour.fr\/?p=9433","title":{"rendered":"Jeudi 2 juillet 2020"},"content":{"rendered":"<div class=\"mdjTexte\">\u00abQuand j&rsquo;ach\u00e8te quelque chose, quand tu ach\u00e8tes toi, on ne le paye pas avec de l&rsquo;argent. On le paye avec du temps de vie qu&rsquo;il a fallu d\u00e9penser pour gagner cet argent.\u00bb<\/div>\n<div class=\"mdjAuteur\">Jos\u00e9 Mujica, Pr\u00e9sident de l&rsquo;Uruguay de 2010 \u00e0 2015<\/div>\n<p><span style=\"color: #777777; font-family: Arial;\">Le documentaire \u00ab\u00a0Human\u00a0\u00bb dont je parlais hier, pr\u00e9sente presqu&rsquo;exclusivement des femmes et hommes inconnues du monde m\u00e9diatique.<br \/>\n<\/span><\/p>\n<p><span style=\"color: #777777; font-family: Arial;\">Il y a quelques exceptions et je voudrai revenir sur une de ces exceptions. <\/span><span style=\"color: #777777; font-family: Arial;\">Il s&rsquo;agit de <strong>Jos\u00e9 Mujica<\/strong>, surnomm\u00e9 Pepe Mujica. Il a \u00e9t\u00e9 Pr\u00e9sident de l&rsquo;Uruguay de 2010 \u00e0 2015.<br \/>\n<\/span><\/p>\n<p><span style=\"color: #777777; font-family: Arial;\">Il a \u00e9t\u00e9 remarqu\u00e9 par son refus des avantages octroy\u00e9s par sa fonction de pr\u00e9sident de la R\u00e9publique.<br \/>\n<\/span><\/p>\n<p><span style=\"color: #777777; font-family: Arial;\">Vous vous souvenez que Fran\u00e7ois Hollande avait voulu \u00eatre un \u00ab\u00a0Pr\u00e9sident normal\u00a0\u00bb. Et beaucoup en d\u00e9couvrant Jos\u00e9 Mujica ont pens\u00e9 que c&rsquo;\u00e9tait lui \u00ab\u00a0Le pr\u00e9sident normal\u00a0\u00bb. C&rsquo;est pour cette raison que je lui ai d\u00e9j\u00e0 consacr\u00e9 un mot du jour, celui du <\/span><span style=\"font-family: Arial; color: #0000ff;\"><a style=\"color: #0000ff;\" href=\"https:\/\/lemotdujour.fr\/?p=2257\">&lt; 5 novembre 2013&gt;<\/a><\/span><span style=\"color: #777777; font-family: Arial;\"><br \/>\n<\/span><\/p>\n<p><span style=\"color: #777777; font-family: Arial;\">Il a \u00e9t\u00e9 gu\u00e9rillero des Tupamaros dans les ann\u00e9es 60-70 et pour cette raison il a \u00e9t\u00e9 d\u00e9tenu par la dictature entre 1973 et 1985.<br \/>\n<\/span><\/p>\n<p><span style=\"color: #777777; font-family: Arial;\">Pendant sa pr\u00e9sidence, il n&rsquo;a pas seulement \u00e9t\u00e9 normal et soucieux de rester tr\u00e8s simple. <\/span><span style=\"color: #777777; font-family: Arial;\">&lt;<a href=\"https:\/\/fr.wikipedia.org\/wiki\/Jos%C3%A9_Mujica\"><span style=\"color: #0000ff;\">Wikipedia<\/span>&gt;<\/a> nous apprend que<br \/>\n<\/span><\/p>\n<p style=\"margin-left: 28pt;\"><span style=\"color: #c00000; font-family: Arial;\">\u00ab\u00a0La part des d\u00e9penses sociales dans le total des d\u00e9penses publiques passe ainsi de 60,9 % \u00e0 75,5 % entre 2004 et 2013. Durant cette p\u00e9riode, le taux de ch\u00f4mage passe de 13 % \u00e0 7 %, le taux de pauvret\u00e9 national de 40 % \u00e0 11 % et le salaire minimum a \u00e9t\u00e9 rehauss\u00e9 de 250\u202f%.<br \/>\n<\/span><\/p>\n<p style=\"margin-left: 28pt;\"><span style=\"color: #c00000; font-family: Arial;\">Il soutient par ailleurs le renforcement des syndicats. D&rsquo;apr\u00e8s la Conf\u00e9d\u00e9ration syndicale international, l&rsquo;Uruguay est devenu le pays le plus avanc\u00e9 d&rsquo;Am\u00e9rique en mati\u00e8re de respect \u00ab des droits fondamentaux du travail, en particulier la libert\u00e9 syndicale, le droit \u00e0 la n\u00e9gociation collective et le droit de gr\u00e8ve \u00bb [\u2026] En octobre 2012, le Parlement vote la l\u00e9galisation de l&rsquo;avortement. Contrairement \u00e0 son pr\u00e9d\u00e9cesseur, qui avait mis son veto \u00e0 cette l\u00e9galisation, Mujica fait approuver la loi. L&rsquo;Uruguay devient ainsi le deuxi\u00e8me pays d&rsquo;Am\u00e9rique latine \u00e0 autoriser l&rsquo;avortement apr\u00e8s Cuba. En avril 2013, les parlementaires approuvent d\u00e9finitivement une loi ouvrant le mariage aux couples de m\u00eame sexe.\u00a0\u00bb<br \/>\n<\/span><\/p>\n<p><span style=\"color: #777777; font-family: Arial;\">Il reversait aussi la quasi-totalit\u00e9 de ses revenus \u00e0 un programme de logement social.<br \/>\n<\/span><\/p>\n<p><span style=\"color: #777777; font-family: Arial;\">Certains lib\u00e9raux expriment un bilan plus critique sur sa pr\u00e9sidence en insistant sur le fait qu&rsquo;il a fait augmenter la dette du pays.<br \/>\n<\/span><\/p>\n<p><img decoding=\"async\" src=\"https:\/\/lemotdujour.fr\/wp-content\/uploads\/2020\/07\/070120_2146_Jeudi2juill1.jpg\" alt=\"\" align=\"left\" \/><span style=\"color: #777777; font-family: Arial;\">Dans le documentaire indiqu\u00e9 hier, il n&rsquo;apparait que 2 minutes. Mais dans son cas, il existe en ligne un extrait de cet entretien plus long. Il dure environ 10 minutes : <span style=\"color: #0000ff;\">&lt;<a style=\"color: #0000ff;\" href=\"https:\/\/www.youtube.com\/watch?v=myzYPjLiieI\">L&rsquo;interview de Jos\u00e9 Mujica \u2013 URUGUAY<\/a>&gt;<\/span><br \/>\n<\/span><\/p>\n<p><span style=\"color: #777777; font-family: Arial;\">Il commence ainsi son entretien\u00a0:<br \/>\n<\/span><\/p>\n<p style=\"margin-left: 28pt;\"><span style=\"color: #c00000; font-family: Arial;\">\u00ab\u00a0J&rsquo;ai \u00e9t\u00e9 paysan pour gagner ma vie.<br \/>\n<\/span><span style=\"color: #c00000; font-family: Arial;\">Puis je me suis engag\u00e9 dans la lutte pour transformer et am\u00e9liorer la vie de ma soci\u00e9t\u00e9.<br \/>\n<\/span><span style=\"color: #c00000; font-family: Arial;\">Aujourd&rsquo;hui je sui Pr\u00e9sident et demain comme tout le monde je ne serai qu&rsquo;un tas d&rsquo;asticots et je dispara\u00eetrai.\u00a0\u00bb<br \/>\n<\/span><\/p>\n<p><span style=\"color: #777777; font-family: Arial;\">Mais ce que je voudrais surtout partager se situe \u00e0 partir de 1&rsquo;30. C&rsquo;est aussi cet extrait qui a \u00e9t\u00e9 repris dans le documentaire\u00a0:<br \/>\n<\/span><\/p>\n<p style=\"margin-left: 28pt;\"><span style=\"color: #c00000; font-family: Arial;\">\u00ab J&rsquo;ai beaucoup r\u00e9fl\u00e9chi \u00e0 tout cela.<br \/>\n<\/span><span style=\"color: #c00000; font-family: Arial;\">J&rsquo;ai pass\u00e9 plus de 10 ans dans un cachot.<br \/>\n<\/span><span style=\"color: #c00000; font-family: Arial;\">J&rsquo;ai eu le temps de r\u00e9fl\u00e9chir.<br \/>\n<\/span><span style=\"color: #c00000; font-family: Arial;\">J&rsquo;ai pass\u00e9 plus de 7 ans sans ouvrir un livre.<br \/>\n<\/span><span style=\"color: #c00000; font-family: Arial;\">Et voil\u00e0 ce que j&rsquo;ai d\u00e9couvert.<br \/>\n<\/span><\/p>\n<p style=\"margin-left: 28pt;\"><span style=\"color: #c00000; font-family: Arial;\">Soit on est heureux avec peu de choses, sans s&rsquo;encombrer, car le bonheur on l&rsquo;a en soi. <\/span><span style=\"color: #c00000; font-family: Arial;\">Soit on n&rsquo;arrive \u00e0 rien.<br \/>\n<\/span><\/p>\n<p style=\"margin-left: 28pt;\"><span style=\"color: #c00000; font-family: Arial;\">Je ne fais pas l&rsquo;apologie de la pauvret\u00e9 mais de la sobri\u00e9t\u00e9.<br \/>\n<\/span><\/p>\n<p style=\"margin-left: 28pt;\"><span style=\"color: #c00000; font-family: Arial;\">Mais nous avons invent\u00e9 la soci\u00e9t\u00e9 de consommation en qu\u00eate perp\u00e9tuelle de croissance. <\/span><span style=\"color: #c00000; font-family: Arial;\">Pas de croissance, c&rsquo;est le drame.<br \/>\n<\/span><\/p>\n<p style=\"margin-left: 28pt;\"><span style=\"color: #c00000; font-family: Arial;\">On s&rsquo;est invent\u00e9 une montagne de besoins superflus. <\/span><span style=\"color: #c00000; font-family: Arial;\">Il faut constamment jeter, acheter, jeter et c&rsquo;est notre vie qu&rsquo;on dilapide.<br \/>\n<\/span><\/p>\n<p style=\"margin-left: 28pt;\"><span style=\"color: #c00000; font-family: Arial;\">Quand j&rsquo;ach\u00e8te quelque chose, quand tu ach\u00e8tes toi, on ne le paye pas avec de l&rsquo;argent.<br \/>\n<\/span><\/p>\n<p style=\"margin-left: 28pt;\"><span style=\"color: #c00000; font-family: Arial;\">On le paye avec du temps de vie qu&rsquo;il a fallu d\u00e9penser pour gagner cet argent.<br \/>\n<\/span><\/p>\n<p style=\"margin-left: 28pt;\"><span style=\"color: #c00000; font-family: Arial;\">A cette diff\u00e9rence pr\u00e8s que la vie, elle ne s&rsquo;ach\u00e8te pas. La vie ne fait que s&rsquo;\u00e9couler.<br \/>\n<\/span><\/p>\n<p style=\"margin-left: 28pt;\"><span style=\"color: #c00000; font-family: Arial;\">Et il est lamentable de gaspiller sa vie \u00e0 perdre sa libert\u00e9.\u00a0\u00bb<br \/>\n<\/span><\/p>\n<p><span style=\"color: #777777; font-family: Arial;\">Pour consommer, et pour beaucoup acheter du futile ou du superflu, on paie formellement avec de l&rsquo;argent, mais en r\u00e9alit\u00e9 c&rsquo;est du temps de vie que nous donnons. Le temps de vie n\u00e9cessaire pour pouvoir acqu\u00e9rir l&rsquo;argent de la consommation.<br \/>\n<\/span><\/p>\n<p><span style=\"color: #777777; font-family: Arial;\">Le cin\u00e9aste serbe Emir Kusturica a tourn\u00e9 un documentaire sur cet homme \u00e9tonnant. &lt;<a href=\"https:\/\/www.lapresse.ca\/international\/amerique-latine\/201701\/05\/01-5056827-le-dernier-heros-lex-president-duruguay-mujica-vu-par-kusturica.php\"><span style=\"color: #0000ff;\">Cet article<\/span><\/a>&gt; d&rsquo;un journal canadien parle de cette rencontre.<br \/>\n<\/span><\/p>\n<p><span style=\"color: maroon; font-family: Arial;\">&lt;1449&gt;<\/span><\/p>\n","protected":false},"excerpt":{"rendered":"<p>\u00abQuand j&rsquo;ach\u00e8te quelque chose, quand tu ach\u00e8tes toi, on ne le paye pas avec de l&rsquo;argent. On le paye avec du temps de vie qu&rsquo;il a fallu d\u00e9penser pour gagner cet argent.\u00bb Jos\u00e9 Mujica, Pr\u00e9sident de l&rsquo;Uruguay de 2010 \u00e0<\/p>\n","protected":false},"author":1,"featured_media":0,"comment_status":"open","ping_status":"closed","sticky":false,"template":"","format":"standard","meta":{"footnotes":""},"categories":[1],"tags":[116,6,3],"class_list":["post-9433","post","type-post","status-publish","format-standard","hentry","category-motdujour","tag-amerique-du-sud","tag-philosophie","tag-politique"],"_links":{"self":[{"href":"https:\/\/lemotdujour.fr\/index.php?rest_route=\/wp\/v2\/posts\/9433","targetHints":{"allow":["GET"]}}],"collection":[{"href":"https:\/\/lemotdujour.fr\/index.php?rest_route=\/wp\/v2\/posts"}],"about":[{"href":"https:\/\/lemotdujour.fr\/index.php?rest_route=\/wp\/v2\/types\/post"}],"author":[{"embeddable":true,"href":"https:\/\/lemotdujour.fr\/index.php?rest_route=\/wp\/v2\/users\/1"}],"replies":[{"embeddable":true,"href":"https:\/\/lemotdujour.fr\/index.php?rest_route=%2Fwp%2Fv2%2Fcomments&post=9433"}],"version-history":[{"count":3,"href":"https:\/\/lemotdujour.fr\/index.php?rest_route=\/wp\/v2\/posts\/9433\/revisions"}],"predecessor-version":[{"id":9436,"href":"https:\/\/lemotdujour.fr\/index.php?rest_route=\/wp\/v2\/posts\/9433\/revisions\/9436"}],"wp:attachment":[{"href":"https:\/\/lemotdujour.fr\/index.php?rest_route=%2Fwp%2Fv2%2Fmedia&parent=9433"}],"wp:term":[{"taxonomy":"category","embeddable":true,"href":"https:\/\/lemotdujour.fr\/index.php?rest_route=%2Fwp%2Fv2%2Fcategories&post=9433"},{"taxonomy":"post_tag","embeddable":true,"href":"https:\/\/lemotdujour.fr\/index.php?rest_route=%2Fwp%2Fv2%2Ftags&post=9433"}],"curies":[{"name":"wp","href":"https:\/\/api.w.org\/{rel}","templated":true}]}}