{"id":942,"date":"2014-12-16T01:00:00","date_gmt":"2014-12-15T22:00:00","guid":{"rendered":"http:\/\/lemotdujour.fr\/?p=942"},"modified":"2017-05-08T13:24:12","modified_gmt":"2017-05-08T11:24:12","slug":"mardi-16-decembre-2014","status":"publish","type":"post","link":"https:\/\/lemotdujour.fr\/?p=942","title":{"rendered":"Mardi 16 d\u00e9cembre 2014"},"content":{"rendered":"<div class=\"mdjDate\">Mardi 16 d\u00e9cembre 2014<\/div>\n<div class=\"mdjTexte\">\u00abThe economy minister must convince Brussels his reforms are liberal, <br \/>and French Socialists they are not \u00bb <br \/>[M. Macron] \u00ab\u00a0doit convaincre Bruxelles que ses r\u00e9formes sont lib\u00e9rales,<br \/>et les socialistes fran\u00e7ais qu&rsquo;elles ne le sont pas<\/div>\n<div class=\"mdjAuteur\"><a href=\"http:\/\/www.economist.com\/news\/europe\/21635835-economy-minister-must-convince-brussels-his-reforms-are-liberal-and-paris-they-are-not-macrons\">The Economist<\/a><\/div>\n<div class=\"mdjComplements\">J&rsquo;entendais votre surprise :\u00abMenfin pas de mot du jour sur la Loi Macron ???\u00a0<strong> <\/strong>\u00bb<\/div>\n<div class=\"mdjComplements\">Car en effet, Le ministre de l\u2019\u00e9conomie Emmanuel Macron a pr\u00e9sent\u00e9 mercredi 10 d\u00e9cembre en conseil des ministres le projet de loi <em>\u00ab\u00a0pour la croissance et l\u2019activit\u00e9\u00a0\u00bb<\/em>. Ce texte de 90 articles doit apporter, selon le ministre, une r\u00e9ponse aux \u00ab\u00a0<em>trois maladies de la France\u00a0\u00bb<\/em> que sont <em>\u00ab\u00a0la d\u00e9fiance, la complexit\u00e9 et le corporatisme\u00a0\u00bb<\/em>.<\/div>\n<div class=\"mdjComplements\">Il faut dire que cette loi me rend assez dubitatif et finalement l&rsquo;article de ce journal anglais semble assez bien r\u00e9sumer la situation.<\/div>\n<div class=\"mdjComplements\">&lt;<a href=\"http:\/\/www.franceculture.fr\/emission-l-esprit-public-la-loi-macron-poutine-et-l-ukraine-2014-12-14\">L&rsquo;Esprit Public de Philippe Meyer<\/a>&gt; A consacr\u00e9 la premi\u00e8re partie de son \u00e9mission du dimanche 14\/12 \u00e0 cette loi. Et on apprend des choses int\u00e9ressantes, par exemple que la loi qui r\u00e8glemente la profession du notariat est<a href=\"http:\/\/www.legifrance.gouv.fr\/affichTexte.do?cidTexte=LEGITEXT000006070994&amp;dateTexte=20110616\"> la\u00a0loi 25 du vent\u00f4se an XI.\u00a0 <\/a>Ce n&rsquo;est pas tout \u00e0 fait l&rsquo;ancien r\u00e9gime mais cela s&rsquo;en rapproche.<\/div>\n<div class=\"mdjComplements\">J&rsquo;ignorais aussi qu&rsquo;une Soci\u00e9t\u00e9 Priv\u00e9e ne pouvait en France, sans obtenir de multiples autorisations rarement accord\u00e9es, mettre en place une ligne r\u00e9guli\u00e8re qui pouvait concurrencer la SNCF. Gr\u00e2ce \u00e0 la Loi Macron on pourra prendre l&rsquo;autocar pour faire Bordeaux Lyon par exemple. Macron que tout le monde et en particulier Attali d\u00e9crit comme un esprit brillantissime a eu cette belle formule \u00ab\u00a0<a href=\"http:\/\/www.sudouest.fr\/2014\/10\/15\/macron-grace-aux-autocars-les-pauvres-voyageront-plus-facilement-1705260-710.php\">&lt;Gr\u00e2ce aux autocars les pauvres voyageront plus facilement&gt;<\/a>\u00ab\u00a0, parce qu&rsquo;a priori les prix seront beaucoup moins chers que pour les trains que la SNCF fait rouler. Ce sera un peu plus long, quoique &#8230; Ce sera un peu plus inconfortable, ou peut-\u00eatre pas selon certains trains &#8230;.<\/div>\n<div class=\"mdjComplements\">Le regrett\u00e9 Patrice Ch\u00e9reau avait fait ce film \u00ab\u00a0Ceux qui m&rsquo;aiment prendront le train\u00a0\u00bb, aujourd&rsquo;hui on fera le film \u00ab\u00a0Ceux qui m&rsquo;aiment prendront l&rsquo;autocar\u00a0\u00bb<\/div>\n<div class=\"mdjComplements\">Apr\u00e8s il y a cette discussion millim\u00e9tr\u00e9e et touchant la civilisation, l&rsquo;ouverture des magasins 5 dimanches dans l&rsquo;ann\u00e9e, syst\u00e8me actuel, c&rsquo;est bien. Mais selon Martine Aubry, 12 dimanches c&rsquo;est mal, c&rsquo;est un probl\u00e8me de soci\u00e9t\u00e9. Peut \u00eatre. Selon moi si c&rsquo;est vraiment un probl\u00e8me de soci\u00e9t\u00e9 il faut s&rsquo;arr\u00eater \u00e0 0 dimanche. Discuter o\u00f9 commence la r\u00e9gression entre 5 et 12, plut\u00f4t 7, plut\u00f4t 10 me surprend.<\/div>\n<div class=\"mdjComplements\">Apr\u00e8s il y a tout ceux qui auraient d\u00fb \u00eatre dans la Loi et qui en sont sortis, les taxis, les pharmaciens etc&#8230;<\/div>\n<div class=\"mdjComplements\">Sachant que la loi, \u00e9tant donn\u00e9 les proc\u00e9dures parlementaires ne pourra valablement \u00eatre d\u00e9finitivement vot\u00e9e qu&rsquo;en avril 2015, Thierry Pech l&rsquo;a compar\u00e9 au \u00ab\u00a0vieil homme et la mer\u00a0\u00bb d&rsquo;Hemingway. Vous connaissez l&rsquo;histoire de ce p\u00eacheur qui a p\u00each\u00e9 un grand poisson qui sur le chemin du retour voit son poisson \u00eatre d\u00e9vor\u00e9 au fur et \u00e0 mesure par des requins, de sorte qu&rsquo;arriv\u00e9 au port, il ne lui restait plus que les ar\u00eates.<\/div>\n<div class=\"mdjComplements\">Thierry Pech a peur que cela puisse \u00eatre le destin de cette Loi.<\/div>\n<div class=\"mdjComplements\">Cela n&rsquo;est pas pour rassurer Bruxelles.<\/div>\n<div class=\"mdjComplements\">Je suis dubitatif, mais \u00e7a je vous l&rsquo;ai d\u00e9j\u00e0 \u00e9crit&#8230;<\/div>\n","protected":false},"excerpt":{"rendered":"<p>Mardi 16 d\u00e9cembre 2014 \u00abThe economy minister must convince Brussels his reforms are liberal, and French Socialists they are not \u00bb [M. Macron] \u00ab\u00a0doit convaincre Bruxelles que ses r\u00e9formes sont lib\u00e9rales,et les socialistes fran\u00e7ais qu&rsquo;elles ne le sont pas The<\/p>\n","protected":false},"author":1,"featured_media":0,"comment_status":"closed","ping_status":"closed","sticky":false,"template":"","format":"standard","meta":{"footnotes":""},"categories":[1],"tags":[],"class_list":["post-942","post","type-post","status-publish","format-standard","hentry","category-motdujour"],"_links":{"self":[{"href":"https:\/\/lemotdujour.fr\/index.php?rest_route=\/wp\/v2\/posts\/942","targetHints":{"allow":["GET"]}}],"collection":[{"href":"https:\/\/lemotdujour.fr\/index.php?rest_route=\/wp\/v2\/posts"}],"about":[{"href":"https:\/\/lemotdujour.fr\/index.php?rest_route=\/wp\/v2\/types\/post"}],"author":[{"embeddable":true,"href":"https:\/\/lemotdujour.fr\/index.php?rest_route=\/wp\/v2\/users\/1"}],"replies":[{"embeddable":true,"href":"https:\/\/lemotdujour.fr\/index.php?rest_route=%2Fwp%2Fv2%2Fcomments&post=942"}],"version-history":[{"count":1,"href":"https:\/\/lemotdujour.fr\/index.php?rest_route=\/wp\/v2\/posts\/942\/revisions"}],"predecessor-version":[{"id":943,"href":"https:\/\/lemotdujour.fr\/index.php?rest_route=\/wp\/v2\/posts\/942\/revisions\/943"}],"wp:attachment":[{"href":"https:\/\/lemotdujour.fr\/index.php?rest_route=%2Fwp%2Fv2%2Fmedia&parent=942"}],"wp:term":[{"taxonomy":"category","embeddable":true,"href":"https:\/\/lemotdujour.fr\/index.php?rest_route=%2Fwp%2Fv2%2Fcategories&post=942"},{"taxonomy":"post_tag","embeddable":true,"href":"https:\/\/lemotdujour.fr\/index.php?rest_route=%2Fwp%2Fv2%2Ftags&post=942"}],"curies":[{"name":"wp","href":"https:\/\/api.w.org\/{rel}","templated":true}]}}